{"id":344,"date":"2013-05-11T11:23:50","date_gmt":"2013-05-11T09:23:50","guid":{"rendered":"http:\/\/www.milosnicylasu.olsztyn.pl\/?p=344"},"modified":"2013-05-23T16:22:36","modified_gmt":"2013-05-23T14:22:36","slug":"skarby-przyrody-warmii-i-mazur","status":"publish","type":"post","link":"https:\/\/www.milosnicylasu.olsztyn.pl\/?p=344","title":{"rendered":"Skarby przyrody Warmii i Mazur"},"content":{"rendered":"<p><a href=\"http:\/\/www.milosnicylasu.olsztyn.pl\/wp-content\/uploads\/2013\/05\/P5090697-www.jpg\" data-rel=\"lightbox-image-0\" data-magnific_type=\"image\" data-rl_title=\"\" data-rl_caption=\"\" title=\"\"><img loading=\"lazy\" decoding=\"async\" class=\"alignleft size-medium wp-image-358\" alt=\"P5090697-www\" src=\"http:\/\/www.milosnicylasu.olsztyn.pl\/wp-content\/uploads\/2013\/05\/P5090697-www-300x168.jpg\" width=\"300\" height=\"168\" srcset=\"https:\/\/www.milosnicylasu.olsztyn.pl\/wp-content\/uploads\/2013\/05\/P5090697-www-300x168.jpg 300w, https:\/\/www.milosnicylasu.olsztyn.pl\/wp-content\/uploads\/2013\/05\/P5090697-www-500x281.jpg 500w, https:\/\/www.milosnicylasu.olsztyn.pl\/wp-content\/uploads\/2013\/05\/P5090697-www.jpg 1024w\" sizes=\"auto, (max-width: 300px) 100vw, 300px\" \/><\/a>W dniu 9 maja br., w ramach czwartk\u00f3w ekologicznych, odby\u0142\u00a0 si\u0119 w\u00a0 Regionalnej Dyrekcji Las\u00f3w Pa\u0144stwowych\u00a0 w Olsztynie niezwykle interesuj\u0105cy wyk\u0142ad pt. \u201eSkarby przyrody Warmii i Mazur\u201d, kt\u00f3rego autorem by\u0142 kierownik Muzeum Przyrody w Olsztynie Pan Marian Szymkiewicz.<!--more--><\/p>\n<p>Na spotkaniu z cz\u0142onkami Ko\u0142a Mi\u0142o\u015bnik\u00f3w Lasu i Militari\u00f3w LOK przy ATW w Olsztynie, pan Marian bardzo ciekawie opowiada\u0142 o\u00a0 charakterystycznych\u00a0\u00a0 dla naszego regionu ro\u015blinach i\u00a0 zwierz\u0119tach.\u00a0 Poniewa\u017c wyk\u0142ad\u00a0 poparty by\u0142 prezentacj\u0105 multimedialn\u0105, mogli\u015bmy zobaczy\u0107 na ekranie m.in. sasanki, zawilce, storczyki, bociana bia\u0142ego, \u0142ab\u0119dzia niemego, bielika, rybo\u0142owa, bobry, wydry, \u0142osie, wilki a nawet \u017cubry. <a href=\"http:\/\/www.milosnicylasu.olsztyn.pl\/wp-content\/uploads\/2013\/05\/P5090703-www.jpg\" data-rel=\"lightbox-image-1\" data-magnific_type=\"image\" data-rl_title=\"\" data-rl_caption=\"\" title=\"\"><img loading=\"lazy\" decoding=\"async\" class=\"alignleft size-medium wp-image-359\" alt=\"P5090703-www\" src=\"http:\/\/www.milosnicylasu.olsztyn.pl\/wp-content\/uploads\/2013\/05\/P5090703-www-300x168.jpg\" width=\"300\" height=\"168\" srcset=\"https:\/\/www.milosnicylasu.olsztyn.pl\/wp-content\/uploads\/2013\/05\/P5090703-www-300x168.jpg 300w, https:\/\/www.milosnicylasu.olsztyn.pl\/wp-content\/uploads\/2013\/05\/P5090703-www-500x281.jpg 500w, https:\/\/www.milosnicylasu.olsztyn.pl\/wp-content\/uploads\/2013\/05\/P5090703-www.jpg 1024w\" sizes=\"auto, (max-width: 300px) 100vw, 300px\" \/><\/a><\/p>\n<p>Dzi\u0119ki tej wyj\u0105tkowej prelekcji uczestnicy spotkania poznali wiele sekret\u00f3w warmi\u0144sko-mazurskiej przyrody. Mamy nadziej\u0119 na nast\u0119pne wyk\u0142ady Pana Mariana Szymkiewicza, co nam zreszt\u0105 obieca\u0142.<\/p>\n<p>W cz\u0119\u015bci organizacyjnej zebrania, prezes Ko\u0142a Anatol Leszczy\u0144ski przedstawi\u0142 informacje z wykonania planu pracy w kwietniu\u00a0 oraz o zamierzeniach w maju br., m.in. o sobotnich rajdach, obchodach czwartej rocznicy Ko\u0142a, wyje\u017adzie szkoleniowym do Nadle\u015bnictwa Olsztynek, przygotowywanym przez RDLP w Olsztynie lotniczym pokazie stra\u017cackim.<\/p>\n<p>Krystyna Leszczy\u0144ska podsumowa\u0142a konkurs fotograficzny &#8221; Las 2013 w moim obiektywie&#8221; i pogratulowa\u0142a Elwirze Paszkiewicz i Zenonowi Szczypta za \u0142adn\u0105 prezentacj\u0119 wykonanych zdj\u0119\u0107. Gratulowali\u015bmy te\u017c naszym strzelcom Waldemarowi Chrzanowskiemu, W\u0142odzimierzowi Siemianowskiemu, Wac\u0142awowi Fiedorukowi, kt\u00f3rzy reprezentowali\u00a0 Ko\u0142o na &#8222;Powiatowych Zawodach Strzeleckich O Puchar Przechodni Prezesa Zarz\u0105du Powiatowego LOK&#8221;.<\/p>\n<p>Mi\u0142ym punktem majowego zebrania by\u0142o przyj\u0119cie nowych cz\u0142onk\u00f3w Ko\u0142a.\u00a0 Cieszymy si\u0119, \u017ce grono mi\u0142o\u015bnik\u00f3w lasu i militari\u00f3w stale powi\u0119ksza si\u0119.<\/p>\n<p>&nbsp;<\/p>\n<p>&nbsp;<\/p>\n","protected":false},"excerpt":{"rendered":"<p>W dniu 9 maja br., w ramach czwartk\u00f3w ekologicznych, odby\u0142\u00a0 si\u0119 w\u00a0 Regionalnej Dyrekcji Las\u00f3w Pa\u0144stwowych\u00a0 w Olsztynie niezwykle interesuj\u0105cy wyk\u0142ad pt. \u201eSkarby przyrody Warmii i Mazur\u201d, kt\u00f3rego autorem by\u0142 kierownik Muzeum Przyrody w Olsztynie Pan Marian Szymkiewicz.<\/p>\n","protected":false},"author":1,"featured_media":0,"comment_status":"open","ping_status":"open","sticky":false,"template":"","format":"standard","meta":{"footnotes":""},"categories":[3],"tags":[],"class_list":["post-344","post","type-post","status-publish","format-standard","hentry","category-zebrania"],"_links":{"self":[{"href":"https:\/\/www.milosnicylasu.olsztyn.pl\/index.php?rest_route=\/wp\/v2\/posts\/344","targetHints":{"allow":["GET"]}}],"collection":[{"href":"https:\/\/www.milosnicylasu.olsztyn.pl\/index.php?rest_route=\/wp\/v2\/posts"}],"about":[{"href":"https:\/\/www.milosnicylasu.olsztyn.pl\/index.php?rest_route=\/wp\/v2\/types\/post"}],"author":[{"embeddable":true,"href":"https:\/\/www.milosnicylasu.olsztyn.pl\/index.php?rest_route=\/wp\/v2\/users\/1"}],"replies":[{"embeddable":true,"href":"https:\/\/www.milosnicylasu.olsztyn.pl\/index.php?rest_route=%2Fwp%2Fv2%2Fcomments&post=344"}],"version-history":[{"count":6,"href":"https:\/\/www.milosnicylasu.olsztyn.pl\/index.php?rest_route=\/wp\/v2\/posts\/344\/revisions"}],"predecessor-version":[{"id":423,"href":"https:\/\/www.milosnicylasu.olsztyn.pl\/index.php?rest_route=\/wp\/v2\/posts\/344\/revisions\/423"}],"wp:attachment":[{"href":"https:\/\/www.milosnicylasu.olsztyn.pl\/index.php?rest_route=%2Fwp%2Fv2%2Fmedia&parent=344"}],"wp:term":[{"taxonomy":"category","embeddable":true,"href":"https:\/\/www.milosnicylasu.olsztyn.pl\/index.php?rest_route=%2Fwp%2Fv2%2Fcategories&post=344"},{"taxonomy":"post_tag","embeddable":true,"href":"https:\/\/www.milosnicylasu.olsztyn.pl\/index.php?rest_route=%2Fwp%2Fv2%2Ftags&post=344"}],"curies":[{"name":"wp","href":"https:\/\/api.w.org\/{rel}","templated":true}]}}