{"id":3446,"date":"2017-02-27T07:40:12","date_gmt":"2017-02-27T06:40:12","guid":{"rendered":"http:\/\/www.milosnicylasu.olsztyn.pl\/?p=3446"},"modified":"2017-02-27T08:01:32","modified_gmt":"2017-02-27T07:01:32","slug":"szlakiem-zamkow-krzyzackich-wycieczka-25-lutego-2017-r","status":"publish","type":"post","link":"https:\/\/www.milosnicylasu.olsztyn.pl\/?p=3446","title":{"rendered":"Szlakiem zamk\u00f3w krzy\u017cackich &#8211; wycieczka 25 lutego 2017 r. &#8211; cz.I"},"content":{"rendered":"<p>Bardzo obawiali\u015bmy si\u0119 o pogod\u0119, ale Kto\u015b z g\u00f3ry nam sprzyja podczas naszych wielu wyjazd\u00f3w w ci\u0105gu 8 lat. By\u0142o pi\u0119knie, s\u0142onecznie, nie tylko 25 lutego, ale te\u017c wcze\u015bniej, kiedy Anatol Leszczy\u0144ski objecha\u0142 tras\u0119 \u017ceby wszystko za\u0142atwi\u0107, uzgodni\u0107, sprawdzi\u0107 i porobi\u0107 zdj\u0119cia. \u00a0 Wtedy by\u0142o jeszcze troch\u0119 \u015bniegu, co wida\u0107 na niekt\u00f3rych \u00a0ilustracjach.<\/p>\n<p>Tyle wst\u0119pu, a teraz co zobaczyli\u015bmy.<\/p>\n<p>Celem naszej wyprawy by\u0142y miasta Gniew i Piaseczno.<\/p>\n<p>Miasto Gniew usytuowane jest na wysokiej skarpie u uj\u015bcia Wierzycy do Wis\u0142y, wzd\u0142u\u017c jej zachodniego brzegu. Obecnie jest zamieszkiwane przez 6 839 gniewian.<\/p>\n<p><a href=\"http:\/\/www.milosnicylasu.olsztyn.pl\/wp-content\/uploads\/2017\/02\/DSCN0180-www.jpg\" rel=\"attachment wp-att-3447\" data-rel=\"lightbox-image-0\" data-magnific_type=\"image\" data-rl_title=\"\" data-rl_caption=\"\" title=\"\"><img loading=\"lazy\" decoding=\"async\" class=\"size-medium wp-image-3447 alignleft\" src=\"http:\/\/www.milosnicylasu.olsztyn.pl\/wp-content\/uploads\/2017\/02\/DSCN0180-www-300x225.jpg\" alt=\"DSCN0180-www\" width=\"300\" height=\"225\" srcset=\"https:\/\/www.milosnicylasu.olsztyn.pl\/wp-content\/uploads\/2017\/02\/DSCN0180-www-300x225.jpg 300w, https:\/\/www.milosnicylasu.olsztyn.pl\/wp-content\/uploads\/2017\/02\/DSCN0180-www-768x576.jpg 768w, https:\/\/www.milosnicylasu.olsztyn.pl\/wp-content\/uploads\/2017\/02\/DSCN0180-www.jpg 1024w, https:\/\/www.milosnicylasu.olsztyn.pl\/wp-content\/uploads\/2017\/02\/DSCN0180-www-400x300.jpg 400w\" sizes=\"auto, (max-width: 300px) 100vw, 300px\" \/><\/a>Miasto ma bardzo bogat\u0105 histori\u0119, wiele zabytk\u00f3w, z czego najcenniejszym jest \u00a0 zamek krzy\u017cacki\u00a0\u00a0z ko\u0144ca XIII wieku.<a href=\"http:\/\/www.milosnicylasu.olsztyn.pl\/wp-content\/uploads\/2017\/02\/DSCN0268-www.jpg\" rel=\"attachment wp-att-3448\" data-rel=\"lightbox-image-1\" data-magnific_type=\"image\" data-rl_title=\"\" data-rl_caption=\"\" title=\"\"><img loading=\"lazy\" decoding=\"async\" class=\"size-medium wp-image-3448 alignright\" src=\"http:\/\/www.milosnicylasu.olsztyn.pl\/wp-content\/uploads\/2017\/02\/DSCN0268-www-300x225.jpg\" alt=\"DSCN0268-www\" width=\"300\" height=\"225\" srcset=\"https:\/\/www.milosnicylasu.olsztyn.pl\/wp-content\/uploads\/2017\/02\/DSCN0268-www-300x225.jpg 300w, https:\/\/www.milosnicylasu.olsztyn.pl\/wp-content\/uploads\/2017\/02\/DSCN0268-www-768x576.jpg 768w, https:\/\/www.milosnicylasu.olsztyn.pl\/wp-content\/uploads\/2017\/02\/DSCN0268-www.jpg 1024w, https:\/\/www.milosnicylasu.olsztyn.pl\/wp-content\/uploads\/2017\/02\/DSCN0268-www-400x300.jpg 400w\" sizes=\"auto, (max-width: 300px) 100vw, 300px\" \/><\/a><\/p>\n<p>&nbsp;<\/p>\n<p>&nbsp;<\/p>\n<p>Oprowadza\u0142 nas \u00a0po zamku wspania\u0142y przewodnik, znawca historii, wielu ciekawostek z przesz\u0142o\u015bci, sypi\u0105cy \u00a0dowcipami.<\/p>\n<p><a href=\"http:\/\/www.milosnicylasu.olsztyn.pl\/wp-content\/uploads\/2017\/02\/DSCN0303-www.jpg\" rel=\"attachment wp-att-3455\" data-rel=\"lightbox-image-2\" data-magnific_type=\"image\" data-rl_title=\"\" data-rl_caption=\"\" title=\"\"><img loading=\"lazy\" decoding=\"async\" class=\"size-medium wp-image-3455 alignleft\" src=\"http:\/\/www.milosnicylasu.olsztyn.pl\/wp-content\/uploads\/2017\/02\/DSCN0303-www-300x225.jpg\" alt=\"DSCN0303-www\" width=\"300\" height=\"225\" srcset=\"https:\/\/www.milosnicylasu.olsztyn.pl\/wp-content\/uploads\/2017\/02\/DSCN0303-www-300x225.jpg 300w, https:\/\/www.milosnicylasu.olsztyn.pl\/wp-content\/uploads\/2017\/02\/DSCN0303-www-768x576.jpg 768w, https:\/\/www.milosnicylasu.olsztyn.pl\/wp-content\/uploads\/2017\/02\/DSCN0303-www.jpg 1024w, https:\/\/www.milosnicylasu.olsztyn.pl\/wp-content\/uploads\/2017\/02\/DSCN0303-www-400x300.jpg 400w\" sizes=\"auto, (max-width: 300px) 100vw, 300px\" \/><\/a><\/p>\n<p>&nbsp;<\/p>\n<p>W pobli\u017cu zamku usytuowany jest pa\u0142ac Marysie\u0144ki,\u00a0zbudowany przez Jana Sobieskiego, wcze\u015bniejszego starost\u0119 gniewskiego, dla \u017cony Marii Kazimiery w 1679 roku. Wbudowany w kompleks zamkowy, jedn\u0105 stron\u0105 zwr\u00f3cony ku zamkowi, drug\u0105 ku \u00a0Wi\u015ble. Zniszczony przez obsuni\u0119cie si\u0119 skarpy i odbudowany na fundamentach dw\u00f3ch zabudowa\u0144 gospodarczych posiada cechy neogotyckie, mie\u015bci dzi\u015b hotel \/na zdj\u0119ciu, po prawej stronie\/.<\/p>\n<p>Z przyjemno\u015bci\u0105 spacerowali\u015bmy po star\u00f3wce ogl\u0105daj\u0105c odnowione zabytkowe kamieniczki. Miasteczko jest urocze, bardzo zadbane, stare miasto \u00a0z zachowanym \u015bredniowiecznym uk\u0142adzie przestrzennym, z szachownicowym uk\u0142adem ulic i centralnie po\u0142o\u017conym kwadratowym rynkiem (pl. Grunwaldzki). Dominuje niska zabudowa, a kamienice pochodz\u0105 z XV\u2013XIX w. Po\u015brodku rynku gotycki ratusz, z przyziemiami z XIII\u2013XIV wieku, pe\u0142ni\u0105cy do dzi\u015b swoj\u0105 funkcj\u0119.<\/p>\n<p><a href=\"http:\/\/www.milosnicylasu.olsztyn.pl\/wp-content\/uploads\/2017\/02\/DSCN0211-www.jpg\" rel=\"attachment wp-att-3450\" data-rel=\"lightbox-image-3\" data-magnific_type=\"image\" data-rl_title=\"\" data-rl_caption=\"\" title=\"\"><img loading=\"lazy\" decoding=\"async\" class=\"size-medium wp-image-3450 alignleft\" src=\"http:\/\/www.milosnicylasu.olsztyn.pl\/wp-content\/uploads\/2017\/02\/DSCN0211-www-300x225.jpg\" alt=\"DSCN0211-www\" width=\"300\" height=\"225\" srcset=\"https:\/\/www.milosnicylasu.olsztyn.pl\/wp-content\/uploads\/2017\/02\/DSCN0211-www-300x225.jpg 300w, https:\/\/www.milosnicylasu.olsztyn.pl\/wp-content\/uploads\/2017\/02\/DSCN0211-www-768x576.jpg 768w, https:\/\/www.milosnicylasu.olsztyn.pl\/wp-content\/uploads\/2017\/02\/DSCN0211-www.jpg 1024w, https:\/\/www.milosnicylasu.olsztyn.pl\/wp-content\/uploads\/2017\/02\/DSCN0211-www-400x300.jpg 400w\" sizes=\"auto, (max-width: 300px) 100vw, 300px\" \/><\/a>\u00a0Przechadzaj\u0105c si\u0119 po star\u00f3wce, ogl\u0105dali\u015bmy pozosta\u0142o\u015bci mur\u00f3w obronnych\u00a0miasta i zespo\u0142u zamkowego, ale te\u017c nowsze \u00a0zabytkowe atrakcje.Na gniewskim rynku znajdowa\u0142y si\u0119 dwie studnie wyposa\u017cone w pompy r\u0119czne, kt\u00f3rych historia si\u0119ga pocz\u0105tk\u00f3w miasta. P\u00f3\u017aniej na ich miejscu pracowa\u0142y \u017celiwne pompy. Jedna z nich, tzw.<strong> pompa Lessinga<\/strong> mie\u015bci\u0142a si\u0119 przed ratuszem. Druga zachowa\u0142a si\u0119 do dzi\u015b, stoi w p\u00f3\u0142nocno-wschodnim naro\u017cniku rynku, pochodzi z 1873 roku.<br \/>\nZwiedzili\u015bmy r\u00f3wnie\u017c ko\u015bci\u00f3\u0142 \u00a0i wys\u0142uchali\u015bmy ksi\u0119dza,kt\u00f3ry przekaza\u0142 nam najistotniejsze informacje dotycz\u0105ce parafii i historii ko\u015bcio\u0142a.\u00a0<a href=\"http:\/\/www.milosnicylasu.olsztyn.pl\/wp-content\/uploads\/2017\/02\/DSCN0197-www.jpg\" rel=\"attachment wp-att-3449\" data-rel=\"lightbox-image-4\" data-magnific_type=\"image\" data-rl_title=\"\" data-rl_caption=\"\" title=\"\"><img loading=\"lazy\" decoding=\"async\" class=\"size-medium wp-image-3449 alignleft\" src=\"http:\/\/www.milosnicylasu.olsztyn.pl\/wp-content\/uploads\/2017\/02\/DSCN0197-www-300x225.jpg\" alt=\"DSCN0197-www\" width=\"300\" height=\"225\" srcset=\"https:\/\/www.milosnicylasu.olsztyn.pl\/wp-content\/uploads\/2017\/02\/DSCN0197-www-300x225.jpg 300w, https:\/\/www.milosnicylasu.olsztyn.pl\/wp-content\/uploads\/2017\/02\/DSCN0197-www-768x576.jpg 768w, https:\/\/www.milosnicylasu.olsztyn.pl\/wp-content\/uploads\/2017\/02\/DSCN0197-www.jpg 1024w, https:\/\/www.milosnicylasu.olsztyn.pl\/wp-content\/uploads\/2017\/02\/DSCN0197-www-400x300.jpg 400w\" sizes=\"auto, (max-width: 300px) 100vw, 300px\" \/><\/a><\/p>\n<p>Gotycki ko\u015bci\u00f3\u0142 parafialny pw. \u015awi\u0119tego Miko\u0142aja, po\u0142o\u017cony w po\u0142udniowo-zachodnim naro\u017cniku rynku, zbudowany w XIV w., zrekonstruowany w XIX w. Budowla tr\u00f3jnawowa\u00a0z wyodr\u0119bnionym prezbiterium\u00a0oraz wie\u017c\u0105 dzwonn\u0105\u00a0wtopion\u0105 w naw\u0119 \u015brodkow\u0105.<\/p>\n<p>Nieopodal ko\u015bcio\u0142a pw. \u015bw Miko\u0142aja, <strong>na frontowej \u015bcianie <\/strong>starej <strong>kamienicy<\/strong> stoi <strong>niewielka figurka<\/strong>. Powsta\u0142a ona z inicjatywy ksi\u0119dza Zbigniewa Rutkowskiego. Figurka wysoko\u015bci 75 cm i wadze 30 kg zosta\u0142a wykonana z br\u0105zu, jest czarna i przypomina murzynka, ale to nie jest murzynek. Jest to<strong> figurka Misia Maciusia<\/strong>, kt\u00f3ra od 2010 roku jest symbolem i maskotk\u0105 miasta.<\/p>\n<p><a href=\"http:\/\/www.milosnicylasu.olsztyn.pl\/wp-content\/uploads\/2017\/02\/DSCN0309-www.jpg\" rel=\"attachment wp-att-3453\" data-rel=\"lightbox-image-5\" data-magnific_type=\"image\" data-rl_title=\"\" data-rl_caption=\"\" title=\"\"><img loading=\"lazy\" decoding=\"async\" class=\"size-medium wp-image-3453 alignright\" src=\"http:\/\/www.milosnicylasu.olsztyn.pl\/wp-content\/uploads\/2017\/02\/DSCN0309-www-300x225.jpg\" alt=\"DSCN0309-www\" width=\"300\" height=\"225\" srcset=\"https:\/\/www.milosnicylasu.olsztyn.pl\/wp-content\/uploads\/2017\/02\/DSCN0309-www-300x225.jpg 300w, https:\/\/www.milosnicylasu.olsztyn.pl\/wp-content\/uploads\/2017\/02\/DSCN0309-www-768x576.jpg 768w, https:\/\/www.milosnicylasu.olsztyn.pl\/wp-content\/uploads\/2017\/02\/DSCN0309-www.jpg 1024w, https:\/\/www.milosnicylasu.olsztyn.pl\/wp-content\/uploads\/2017\/02\/DSCN0309-www-400x300.jpg 400w\" sizes=\"auto, (max-width: 300px) 100vw, 300px\" \/><\/a>Podobno mi\u015b ma swoj\u0105 krawcow\u0105, kt\u00f3ra szyje mu stroje na r\u00f3\u017cne okazje. Misia mo\u017cna zobaczy\u0107 ubranego mi\u0119dzy innymi w str\u00f3j kibica, kominiarza, lekarza czy stra\u017caka.<\/p>\n<p>Powstanie figurki misia jest zwi\u0105zane z legend\u0105 zwi\u0105zan\u0105 z bitw\u0105 stoczon\u0105 pod Gniewem z wojskami szwedzkimi. Legenda ta zapisana zosta\u0142a na tablicy umieszczonej pod figurk\u0105 misia. Ot\u00f3\u017c jesieni\u0105 1626 roku dosz\u0142o do bitwy w okolicach Gniewu. Wszyscy mieszka\u0144cy miasta przy\u0142\u0105czyli si\u0119 do wojsk kr\u00f3la Zygmunta III Wazy i walczyli rami\u0119 w rami\u0119 z wojskami kr\u00f3la szwedzkiego Gustawa II Adolfa. Kiedy dzwony ko\u015bcio\u0142a \u015bw. Miko\u0142aja wzywa\u0142y na msz\u0119 \u015bwi\u0119t\u0105, ale nikt z ludzi si\u0119 nie pojawi\u0142. Przyby\u0142y za to dzikie zwierz\u0119ta wyp\u0142oszone z las\u00f3w i \u0142\u0105k zgie\u0142kiem bitwy i hukiem armat. Wbieg\u0142y do miasta prowadzone przez misia Maciusia, uda\u0142y si\u0119 do pustego ko\u015bcio\u0142a i tam modli\u0142y si\u0119 prosz\u0105c Boga o dar pokoju. Podobno obecnie spaceruj\u0105c wieczorem w pobli\u017cu ko\u015bcio\u0142a s\u0142ycha\u0107 jak Mi\u015b Maciu\u015b i inne zwierz\u0119ta prosz\u0105 o zgod\u0119 miedzy lud\u017ami i o ich przyja\u017a\u0144 z przyrod\u0105.<\/p>\n<p>Niew\u0105tpliwie Mi\u015b Maciu\u015b jest jedn\u0105 z atrakcji turystycznych miasta Gniew.<\/p>\n<p><strong>Warto wiedzie\u0107:<\/strong>\u00a0W Zakopanem w 2013 roku powsta\u0142o muzeum misi\u00f3w. Wsr\u00f3d zgromadzonych tam eksponat\u00f3w znajduje si\u0119 r\u00f3wnie\u017c Mi\u015b Maciu\u015b z Gniewa.<\/p>\n<p>&nbsp;<\/p>\n<p>&nbsp;<\/p>\n<p>&nbsp;<\/p>\n<p>&nbsp;<\/p>\n","protected":false},"excerpt":{"rendered":"<p>Bardzo obawiali\u015bmy si\u0119 o pogod\u0119, ale Kto\u015b z g\u00f3ry nam sprzyja podczas naszych wielu wyjazd\u00f3w w ci\u0105gu 8 lat. By\u0142o pi\u0119knie, s\u0142onecznie, nie tylko 25 lutego, ale te\u017c wcze\u015bniej, kiedy Anatol Leszczy\u0144ski objecha\u0142 tras\u0119 \u017ceby wszystko za\u0142atwi\u0107, uzgodni\u0107, sprawdzi\u0107 i porobi\u0107 zdj\u0119cia. \u00a0 Wtedy by\u0142o jeszcze troch\u0119 \u015bniegu, co wida\u0107 na niekt\u00f3rych \u00a0ilustracjach. Tyle wst\u0119pu, [&hellip;]<\/p>\n","protected":false},"author":2,"featured_media":0,"comment_status":"open","ping_status":"open","sticky":false,"template":"","format":"standard","meta":{"footnotes":""},"categories":[1,9,5],"tags":[],"class_list":["post-3446","post","type-post","status-publish","format-standard","hentry","category-bez-kategorii","category-ciekawostki","category-wycieczki"],"_links":{"self":[{"href":"https:\/\/www.milosnicylasu.olsztyn.pl\/index.php?rest_route=\/wp\/v2\/posts\/3446","targetHints":{"allow":["GET"]}}],"collection":[{"href":"https:\/\/www.milosnicylasu.olsztyn.pl\/index.php?rest_route=\/wp\/v2\/posts"}],"about":[{"href":"https:\/\/www.milosnicylasu.olsztyn.pl\/index.php?rest_route=\/wp\/v2\/types\/post"}],"author":[{"embeddable":true,"href":"https:\/\/www.milosnicylasu.olsztyn.pl\/index.php?rest_route=\/wp\/v2\/users\/2"}],"replies":[{"embeddable":true,"href":"https:\/\/www.milosnicylasu.olsztyn.pl\/index.php?rest_route=%2Fwp%2Fv2%2Fcomments&post=3446"}],"version-history":[{"count":4,"href":"https:\/\/www.milosnicylasu.olsztyn.pl\/index.php?rest_route=\/wp\/v2\/posts\/3446\/revisions"}],"predecessor-version":[{"id":3456,"href":"https:\/\/www.milosnicylasu.olsztyn.pl\/index.php?rest_route=\/wp\/v2\/posts\/3446\/revisions\/3456"}],"wp:attachment":[{"href":"https:\/\/www.milosnicylasu.olsztyn.pl\/index.php?rest_route=%2Fwp%2Fv2%2Fmedia&parent=3446"}],"wp:term":[{"taxonomy":"category","embeddable":true,"href":"https:\/\/www.milosnicylasu.olsztyn.pl\/index.php?rest_route=%2Fwp%2Fv2%2Fcategories&post=3446"},{"taxonomy":"post_tag","embeddable":true,"href":"https:\/\/www.milosnicylasu.olsztyn.pl\/index.php?rest_route=%2Fwp%2Fv2%2Ftags&post=3446"}],"curies":[{"name":"wp","href":"https:\/\/api.w.org\/{rel}","templated":true}]}}