{"id":3457,"date":"2017-02-28T07:23:42","date_gmt":"2017-02-28T06:23:42","guid":{"rendered":"http:\/\/www.milosnicylasu.olsztyn.pl\/?p=3457"},"modified":"2017-02-28T07:24:14","modified_gmt":"2017-02-28T06:24:14","slug":"szlakiem-zamkow-krzyzackich-wycieczka-25-lutego-2017r-cz-ii","status":"publish","type":"post","link":"https:\/\/www.milosnicylasu.olsztyn.pl\/?p=3457","title":{"rendered":"Szlakiem zamk\u00f3w krzy\u017cackich &#8211; wycieczka 25 lutego 2017r. cz.II"},"content":{"rendered":"<p>25 lutego 2017 r. zwiedzili\u015bmy r\u00f3wnie\u017c Sanktuarium Maryjne w Piasecznie.<\/p>\n<p><a href=\"http:\/\/www.milosnicylasu.olsztyn.pl\/wp-content\/uploads\/2017\/02\/DSCN0218-www.jpg\" rel=\"attachment wp-att-3459\" data-rel=\"lightbox-image-0\" data-magnific_type=\"image\" data-rl_title=\"\" data-rl_caption=\"\" title=\"\"><img loading=\"lazy\" decoding=\"async\" class=\"size-medium wp-image-3459 alignleft\" src=\"http:\/\/www.milosnicylasu.olsztyn.pl\/wp-content\/uploads\/2017\/02\/DSCN0218-www-300x225.jpg\" alt=\"DSCN0218-www\" width=\"300\" height=\"225\" srcset=\"https:\/\/www.milosnicylasu.olsztyn.pl\/wp-content\/uploads\/2017\/02\/DSCN0218-www-300x225.jpg 300w, https:\/\/www.milosnicylasu.olsztyn.pl\/wp-content\/uploads\/2017\/02\/DSCN0218-www-768x576.jpg 768w, https:\/\/www.milosnicylasu.olsztyn.pl\/wp-content\/uploads\/2017\/02\/DSCN0218-www.jpg 1024w, https:\/\/www.milosnicylasu.olsztyn.pl\/wp-content\/uploads\/2017\/02\/DSCN0218-www-400x300.jpg 400w\" sizes=\"auto, (max-width: 300px) 100vw, 300px\" \/><\/a>Pocz\u0105tki kultu Matki Bo\u017cej w Piasecznie okrywa mg\u0142a legendy. Wed\u0142ug starej tradycji choremu ch\u0142opcu odpoczywaj\u0105cemu pod lip\u0105 na skraju wsi ukaza\u0142a si\u0119 &#8222;Pi\u0119kna Pani&#8221; i kaza\u0142a napi\u0107 si\u0119 \u017ar\u00f3dlanej wody, kt\u00f3ra przywr\u00f3ci\u0142a mu zdrowie.<a href=\"http:\/\/www.milosnicylasu.olsztyn.pl\/wp-content\/uploads\/2017\/02\/DSCN0323-www.jpg\" rel=\"attachment wp-att-3464\" data-rel=\"lightbox-image-1\" data-magnific_type=\"image\" data-rl_title=\"\" data-rl_caption=\"\" title=\"\"><img loading=\"lazy\" decoding=\"async\" class=\"size-medium wp-image-3464 alignright\" src=\"http:\/\/www.milosnicylasu.olsztyn.pl\/wp-content\/uploads\/2017\/02\/DSCN0323-www-300x225.jpg\" alt=\"DSCN0323-www\" width=\"300\" height=\"225\" srcset=\"https:\/\/www.milosnicylasu.olsztyn.pl\/wp-content\/uploads\/2017\/02\/DSCN0323-www-300x225.jpg 300w, https:\/\/www.milosnicylasu.olsztyn.pl\/wp-content\/uploads\/2017\/02\/DSCN0323-www-768x576.jpg 768w, https:\/\/www.milosnicylasu.olsztyn.pl\/wp-content\/uploads\/2017\/02\/DSCN0323-www.jpg 1024w, https:\/\/www.milosnicylasu.olsztyn.pl\/wp-content\/uploads\/2017\/02\/DSCN0323-www-400x300.jpg 400w\" sizes=\"auto, (max-width: 300px) 100vw, 300px\" \/><\/a><\/p>\n<p>&nbsp;<\/p>\n<p><a href=\"http:\/\/www.milosnicylasu.olsztyn.pl\/wp-content\/uploads\/2017\/02\/DSCN0325-www-1.jpg\" rel=\"attachment wp-att-3460\" data-rel=\"lightbox-image-2\" data-magnific_type=\"image\" data-rl_title=\"\" data-rl_caption=\"\" title=\"\"><img loading=\"lazy\" decoding=\"async\" class=\"size-medium wp-image-3460 alignright\" src=\"http:\/\/www.milosnicylasu.olsztyn.pl\/wp-content\/uploads\/2017\/02\/DSCN0325-www-1-300x225.jpg\" alt=\"DSCN0325-www\" width=\"300\" height=\"225\" srcset=\"https:\/\/www.milosnicylasu.olsztyn.pl\/wp-content\/uploads\/2017\/02\/DSCN0325-www-1-300x225.jpg 300w, https:\/\/www.milosnicylasu.olsztyn.pl\/wp-content\/uploads\/2017\/02\/DSCN0325-www-1-768x576.jpg 768w, https:\/\/www.milosnicylasu.olsztyn.pl\/wp-content\/uploads\/2017\/02\/DSCN0325-www-1.jpg 1024w, https:\/\/www.milosnicylasu.olsztyn.pl\/wp-content\/uploads\/2017\/02\/DSCN0325-www-1-400x300.jpg 400w\" sizes=\"auto, (max-width: 300px) 100vw, 300px\" \/><\/a>Na pami\u0105tk\u0119 tego wydarzenia sporz\u0105dzono rze\u017ab\u0119 Matki Bo\u017cej z Dzieci\u0105tkiem, kt\u00f3r\u0105 historycy sztuki datuj\u0105 na <strong>prze\u0142om lat 70. i 80. XIV w.<\/strong> Owaln\u0105 twarz o wysokim czole otaczaj\u0105 bujne loki, usta rozci\u0105gaj\u0105 si\u0119 w szerokim u\u015bmiechu, czarne oczy wpatruj\u0105 si\u0119 w stoj\u0105cych u jej st\u00f3p wiernych. Dla zr\u00f3wnowa\u017cenia ci\u0119\u017caru dorodnego ch\u0142opca podtrzymywanego na prawej r\u0119ce posta\u0107 Matki Bo\u017cej wygi\u0119ta jest w wyra\u017anym kontrapo\u015bcie. Jezus bawi si\u0119 wyci\u0105gaj\u0105c d\u0142onie po kr\u00f3lewskie jab\u0142ko. Obie postacie ubrane s\u0105 w z\u0142ociste szaty, uk\u0142adaj\u0105ce si\u0119 w malownicze fa\u0142dy i za\u0142amania. T\u0119 niesamowit\u0105 rze\u017ab\u0119 mogli\u015bmy podziwia\u0107 dzi\u0119ki przychylno\u015bci proboszcza Andrzeja Ossowskiego, kt\u00f3ry dokona\u0142 ods\u0142oni\u0119cia \u0141askawej Figury MB Piaseckiej.<\/p>\n<p><a href=\"http:\/\/www.milosnicylasu.olsztyn.pl\/wp-content\/uploads\/2017\/02\/DSCN0219-www.jpg\" rel=\"attachment wp-att-3465\" data-rel=\"lightbox-image-3\" data-magnific_type=\"image\" data-rl_title=\"\" data-rl_caption=\"\" title=\"\"><img loading=\"lazy\" decoding=\"async\" class=\"size-medium wp-image-3465 alignleft\" src=\"http:\/\/www.milosnicylasu.olsztyn.pl\/wp-content\/uploads\/2017\/02\/DSCN0219-www-300x225.jpg\" alt=\"DSCN0219-www\" width=\"300\" height=\"225\" srcset=\"https:\/\/www.milosnicylasu.olsztyn.pl\/wp-content\/uploads\/2017\/02\/DSCN0219-www-300x225.jpg 300w, https:\/\/www.milosnicylasu.olsztyn.pl\/wp-content\/uploads\/2017\/02\/DSCN0219-www-768x576.jpg 768w, https:\/\/www.milosnicylasu.olsztyn.pl\/wp-content\/uploads\/2017\/02\/DSCN0219-www.jpg 1024w, https:\/\/www.milosnicylasu.olsztyn.pl\/wp-content\/uploads\/2017\/02\/DSCN0219-www-400x300.jpg 400w\" sizes=\"auto, (max-width: 300px) 100vw, 300px\" \/><\/a>Dzi\u0119ki licznym cudom i \u0142askom Piaseczno sta\u0142o si\u0119 najstarszym sanktuarium maryjnym na Pomorzu, kt\u00f3re ju\u017c od ponad 600 lat nieprzerwanie przyci\u0105ga po kilkadziesi\u0105t tysi\u0119cy pielgrzym\u00f3w rocznie.<\/p>\n<p>&nbsp;<\/p>\n<p><a href=\"http:\/\/www.milosnicylasu.olsztyn.pl\/wp-content\/uploads\/2017\/02\/DSCN0231-www.jpg\" rel=\"attachment wp-att-3461\" data-rel=\"lightbox-image-4\" data-magnific_type=\"image\" data-rl_title=\"\" data-rl_caption=\"\" title=\"\"><img loading=\"lazy\" decoding=\"async\" class=\"size-medium wp-image-3461 alignright\" src=\"http:\/\/www.milosnicylasu.olsztyn.pl\/wp-content\/uploads\/2017\/02\/DSCN0231-www-300x225.jpg\" alt=\"DSCN0231-www\" width=\"300\" height=\"225\" srcset=\"https:\/\/www.milosnicylasu.olsztyn.pl\/wp-content\/uploads\/2017\/02\/DSCN0231-www-300x225.jpg 300w, https:\/\/www.milosnicylasu.olsztyn.pl\/wp-content\/uploads\/2017\/02\/DSCN0231-www-768x576.jpg 768w, https:\/\/www.milosnicylasu.olsztyn.pl\/wp-content\/uploads\/2017\/02\/DSCN0231-www.jpg 1024w, https:\/\/www.milosnicylasu.olsztyn.pl\/wp-content\/uploads\/2017\/02\/DSCN0231-www-400x300.jpg 400w\" sizes=\"auto, (max-width: 300px) 100vw, 300px\" \/><\/a><strong>W 1968 r. kult ten uzyska\u0142 najwy\u017csz\u0105 sankcj\u0119 ko\u015bcieln\u0105 poprzez ozdobienie wizerunku Matki Bo\u017cej i ma\u0142ego Jezusa z\u0142otymi koronami. W imieniu papie\u017ca dokona\u0142 tego \u00f3wczesny metropolita krakowski ks. kardyna\u0142 Karol Wojty\u0142a.<\/strong> Cudowna figura przechowywana jest w g\u0142\u00f3wnym o\u0142tarzu tutejszego ko\u015bcio\u0142a parafialnego (1348), kt\u00f3rego gotyck\u0105 tr\u00f3jnawow\u0105 hal\u0119 wype\u0142nia wyj\u0105tkowo <strong>bogate wyposa\u017cenie rokokowe <\/strong>z po\u0142owy XVIII w.<\/p>\n<p><a href=\"http:\/\/www.milosnicylasu.olsztyn.pl\/wp-content\/uploads\/2017\/02\/DSCN0237-www.jpg\" rel=\"attachment wp-att-3462\" data-rel=\"lightbox-image-5\" data-magnific_type=\"image\" data-rl_title=\"\" data-rl_caption=\"\" title=\"\"><img loading=\"lazy\" decoding=\"async\" class=\"size-medium wp-image-3462 alignleft\" src=\"http:\/\/www.milosnicylasu.olsztyn.pl\/wp-content\/uploads\/2017\/02\/DSCN0237-www-300x225.jpg\" alt=\"DSCN0237-www\" width=\"300\" height=\"225\" srcset=\"https:\/\/www.milosnicylasu.olsztyn.pl\/wp-content\/uploads\/2017\/02\/DSCN0237-www-300x225.jpg 300w, https:\/\/www.milosnicylasu.olsztyn.pl\/wp-content\/uploads\/2017\/02\/DSCN0237-www-768x576.jpg 768w, https:\/\/www.milosnicylasu.olsztyn.pl\/wp-content\/uploads\/2017\/02\/DSCN0237-www.jpg 1024w, https:\/\/www.milosnicylasu.olsztyn.pl\/wp-content\/uploads\/2017\/02\/DSCN0237-www-400x300.jpg 400w\" sizes=\"auto, (max-width: 300px) 100vw, 300px\" \/><\/a><\/p>\n<p>&nbsp;<\/p>\n<p>&nbsp;<\/p>\n<p>&nbsp;<\/p>\n<p>W\u015br\u00f3d dobroczy\u0144c\u00f3w \u015bwi\u0105tyni wyr\u00f3\u017cnia si\u0119 posta\u0107 kr\u00f3la Jana III Sobieskiego, kt\u00f3ry przyczyni\u0142 si\u0119 do jej odbudowy po zniszczeniach wojen szwedzkich (herb kr\u00f3la widnieje na sklepieniu).<\/p>\n<p><a href=\"http:\/\/www.milosnicylasu.olsztyn.pl\/wp-content\/uploads\/2017\/02\/DSCN0223-www.jpg\" rel=\"attachment wp-att-3463\" data-rel=\"lightbox-image-6\" data-magnific_type=\"image\" data-rl_title=\"\" data-rl_caption=\"\" title=\"\"><img loading=\"lazy\" decoding=\"async\" class=\"size-medium wp-image-3463 alignright\" src=\"http:\/\/www.milosnicylasu.olsztyn.pl\/wp-content\/uploads\/2017\/02\/DSCN0223-www-300x225.jpg\" alt=\"DSCN0223-www\" width=\"300\" height=\"225\" srcset=\"https:\/\/www.milosnicylasu.olsztyn.pl\/wp-content\/uploads\/2017\/02\/DSCN0223-www-300x225.jpg 300w, https:\/\/www.milosnicylasu.olsztyn.pl\/wp-content\/uploads\/2017\/02\/DSCN0223-www-768x576.jpg 768w, https:\/\/www.milosnicylasu.olsztyn.pl\/wp-content\/uploads\/2017\/02\/DSCN0223-www.jpg 1024w, https:\/\/www.milosnicylasu.olsztyn.pl\/wp-content\/uploads\/2017\/02\/DSCN0223-www-400x300.jpg 400w\" sizes=\"auto, (max-width: 300px) 100vw, 300px\" \/><\/a><\/p>\n<p>&nbsp;<\/p>\n<p>&nbsp;<\/p>\n<p>&nbsp;<\/p>\n<p><a href=\"http:\/\/www.milosnicylasu.olsztyn.pl\/wp-content\/uploads\/2017\/02\/DSCN0246-www.jpg\" rel=\"attachment wp-att-3466\" data-rel=\"lightbox-image-7\" data-magnific_type=\"image\" data-rl_title=\"\" data-rl_caption=\"\" title=\"\"><img loading=\"lazy\" decoding=\"async\" class=\"size-medium wp-image-3466 alignleft\" src=\"http:\/\/www.milosnicylasu.olsztyn.pl\/wp-content\/uploads\/2017\/02\/DSCN0246-www-300x225.jpg\" alt=\"DSCN0246-www\" width=\"300\" height=\"225\" srcset=\"https:\/\/www.milosnicylasu.olsztyn.pl\/wp-content\/uploads\/2017\/02\/DSCN0246-www-300x225.jpg 300w, https:\/\/www.milosnicylasu.olsztyn.pl\/wp-content\/uploads\/2017\/02\/DSCN0246-www-768x576.jpg 768w, https:\/\/www.milosnicylasu.olsztyn.pl\/wp-content\/uploads\/2017\/02\/DSCN0246-www.jpg 1024w, https:\/\/www.milosnicylasu.olsztyn.pl\/wp-content\/uploads\/2017\/02\/DSCN0246-www-400x300.jpg 400w\" sizes=\"auto, (max-width: 300px) 100vw, 300px\" \/><\/a>Kilkaset metr\u00f3w na po\u0142udnie od ko\u015bcio\u0142a znajduje si\u0119 miejsce \u015bredniowiecznego objawienia z monumentalnym o\u0142tarzem polowym. U st\u00f3p o\u0142tarza usytuowana jest <strong>studnia z cudown\u0105 wod\u0105<\/strong>, kt\u00f3ra wed\u0142ug gromadzonych od wiek\u00f3w \u015bwiadectw sta\u0142a si\u0119 ju\u017c przyczyn\u0105 niejednego uzdrowienia.<\/p>\n","protected":false},"excerpt":{"rendered":"<p>25 lutego 2017 r. zwiedzili\u015bmy r\u00f3wnie\u017c Sanktuarium Maryjne w Piasecznie. Pocz\u0105tki kultu Matki Bo\u017cej w Piasecznie okrywa mg\u0142a legendy. Wed\u0142ug starej tradycji choremu ch\u0142opcu odpoczywaj\u0105cemu pod lip\u0105 na skraju wsi ukaza\u0142a si\u0119 &#8222;Pi\u0119kna Pani&#8221; i kaza\u0142a napi\u0107 si\u0119 \u017ar\u00f3dlanej wody, kt\u00f3ra przywr\u00f3ci\u0142a mu zdrowie. &nbsp; Na pami\u0105tk\u0119 tego wydarzenia sporz\u0105dzono rze\u017ab\u0119 Matki Bo\u017cej z Dzieci\u0105tkiem, [&hellip;]<\/p>\n","protected":false},"author":2,"featured_media":0,"comment_status":"open","ping_status":"open","sticky":false,"template":"","format":"standard","meta":{"footnotes":""},"categories":[1,9,17,5],"tags":[],"class_list":["post-3457","post","type-post","status-publish","format-standard","hentry","category-bez-kategorii","category-ciekawostki","category-edukacja-w-terenie","category-wycieczki"],"_links":{"self":[{"href":"https:\/\/www.milosnicylasu.olsztyn.pl\/index.php?rest_route=\/wp\/v2\/posts\/3457","targetHints":{"allow":["GET"]}}],"collection":[{"href":"https:\/\/www.milosnicylasu.olsztyn.pl\/index.php?rest_route=\/wp\/v2\/posts"}],"about":[{"href":"https:\/\/www.milosnicylasu.olsztyn.pl\/index.php?rest_route=\/wp\/v2\/types\/post"}],"author":[{"embeddable":true,"href":"https:\/\/www.milosnicylasu.olsztyn.pl\/index.php?rest_route=\/wp\/v2\/users\/2"}],"replies":[{"embeddable":true,"href":"https:\/\/www.milosnicylasu.olsztyn.pl\/index.php?rest_route=%2Fwp%2Fv2%2Fcomments&post=3457"}],"version-history":[{"count":1,"href":"https:\/\/www.milosnicylasu.olsztyn.pl\/index.php?rest_route=\/wp\/v2\/posts\/3457\/revisions"}],"predecessor-version":[{"id":3467,"href":"https:\/\/www.milosnicylasu.olsztyn.pl\/index.php?rest_route=\/wp\/v2\/posts\/3457\/revisions\/3467"}],"wp:attachment":[{"href":"https:\/\/www.milosnicylasu.olsztyn.pl\/index.php?rest_route=%2Fwp%2Fv2%2Fmedia&parent=3457"}],"wp:term":[{"taxonomy":"category","embeddable":true,"href":"https:\/\/www.milosnicylasu.olsztyn.pl\/index.php?rest_route=%2Fwp%2Fv2%2Fcategories&post=3457"},{"taxonomy":"post_tag","embeddable":true,"href":"https:\/\/www.milosnicylasu.olsztyn.pl\/index.php?rest_route=%2Fwp%2Fv2%2Ftags&post=3457"}],"curies":[{"name":"wp","href":"https:\/\/api.w.org\/{rel}","templated":true}]}}