{"id":3474,"date":"2017-03-02T05:51:15","date_gmt":"2017-03-02T04:51:15","guid":{"rendered":"http:\/\/www.milosnicylasu.olsztyn.pl\/?p=3474"},"modified":"2017-03-02T05:54:04","modified_gmt":"2017-03-02T04:54:04","slug":"zapraszamy-na-kolejna-wycieczke","status":"publish","type":"post","link":"https:\/\/www.milosnicylasu.olsztyn.pl\/?p=3474","title":{"rendered":"Zapraszamy na kolejn\u0105 wycieczk\u0119"},"content":{"rendered":"<p><a href=\"http:\/\/www.milosnicylasu.olsztyn.pl\/wp-content\/uploads\/2016\/04\/DSCN6583-www.jpg\" rel=\"attachment wp-att-2760\" data-rel=\"lightbox-image-0\" data-magnific_type=\"image\" data-rl_title=\"\" data-rl_caption=\"\" title=\"\"><img loading=\"lazy\" decoding=\"async\" class=\"size-medium wp-image-2760 alignleft\" src=\"http:\/\/www.milosnicylasu.olsztyn.pl\/wp-content\/uploads\/2016\/04\/DSCN6583-www-300x225.jpg\" alt=\"DSCN6583-www\" width=\"300\" height=\"225\" srcset=\"https:\/\/www.milosnicylasu.olsztyn.pl\/wp-content\/uploads\/2016\/04\/DSCN6583-www-300x225.jpg 300w, https:\/\/www.milosnicylasu.olsztyn.pl\/wp-content\/uploads\/2016\/04\/DSCN6583-www-768x576.jpg 768w, https:\/\/www.milosnicylasu.olsztyn.pl\/wp-content\/uploads\/2016\/04\/DSCN6583-www.jpg 1024w, https:\/\/www.milosnicylasu.olsztyn.pl\/wp-content\/uploads\/2016\/04\/DSCN6583-www-400x300.jpg 400w\" sizes=\"auto, (max-width: 300px) 100vw, 300px\" \/><\/a>W Y C I E C Z K A\u00a0\u00a0\u00a0 A U T O K A R O W A \u00a0 25 marca 2017 r.<\/p>\n<p>&nbsp;<\/p>\n<p><strong><em>Zwiedza\u0107 \u00a0b\u0119dziemy:<\/em><\/strong><\/p>\n<p><u>Jasna G\u00f3ra Czerwi\u0144ska, Zespo\u0142y dworskie Mazowsza. Miejsce gdzie w 1939r. Armia Modlin stoczy\u0142a bitw\u0119 z 3 Armi\u0105 Niemieck\u0105.<\/u><\/p>\n<p><strong><em>&#8211; Czerwi\u0144sk Nad Wis\u0142\u0105<\/em><\/strong>. XII wieczny Ko\u015bci\u00f3\u0142 Roma\u0144ski, Per\u0142a Mazowsza, jedna z najstarszych Sanktuari\u00f3w Maryjnych w Polsce. W swych murach go\u015bci\u0142 Kr\u00f3l\u00f3w Polskich, ksi\u0105\u017c\u0105t, biskup\u00f3w, rycerzy i szlacht\u0119. Pe\u0142en cennych dzie\u0142 sztuki i pami\u0105tek narodowych, oraz Cudowny Obraz Matki Bo\u017cej Czerwi\u0144skiej Kr\u00f3lowej Mazowsza. Po s\u0142awnej bitwie pod Grunwaldem. Jagie\u0142\u0142o z\u0142o\u017cy\u0142 dzi\u0119kczynne wotum \u2013 misiurk\u0119. Ojciec Swi\u0119ty Pawe\u0142 VI w dniu 10 lipca 1967r. nada\u0142 ko\u015bcio\u0142owi czerwi\u0144skiemu tytu\u0142 Bazyliki Mniejszej.<\/p>\n<p>&#8211;\u00a0 <strong><em>Zespo\u0142y dworskie Mazowsza:<\/em><\/strong><\/p>\n<p>Strz\u0119bowo, \u00a0Chociszewo, \u00a0Kuchary \u2013 Skotniki.<\/p>\n<p>&#8211;\u00a0 M\u0142awa<\/p>\n<p><strong><em>Wzg\u00f3rze\u00a0 &#8211; Pomnik obro\u0144c\u00f3w<\/em><\/strong>, upami\u0119tniaj\u0105cy bitw\u0119 w 1939r. By\u0142a to jedna z pierwszych bitew wojny obronnej Polskiej Armii Modlin dowodzonej \u00a0przez gen. Emila \u00a0Krukowicza \u2013 Przedrzymierskiego , \u00a0oraz Niemieck\u0105 \u00a03 Armi\u0105 dowodzon\u0105 \u00a0przez gen. Gregora \u00a0von \u00a0Kuchlera.<\/p>\n<p>&nbsp;<\/p>\n<p><strong>Koszt wycieczki &#8211;\u00a0 80 z\u0142 \u2013 cz\u0142onkowie Ko\u0142a , 85 z\u0142. \u00a0&#8211; sympatycy<\/strong>\u00a0\u00a0\u00a0\u00a0\u00a0\u00a0\u00a0\u00a0\u00a0\u00a0\u00a0\u00a0\u00a0\u00a0\u00a0\u00a0\u00a0\u00a0\u00a0\u00a0\u00a0\u00a0\u00a0\u00a0\u00a0\u00a0\u00a0\u00a0\u00a0\u00a0\u00a0\u00a0\u00a0\u00a0\u00a0\u00a0\u00a0\u00a0\u00a0\u00a0\u00a0\u00a0\u00a0\u00a0\u00a0\u00a0\u00a0\u00a0\u00a0\u00a0\u00a0\u00a0\u00a0\u00a0\u00a0\u00a0\u00a0\u00a0 \/kalkulacja sporz\u0105dzona na 30 os\u00f3b jad\u0105cych, w przypadku wi\u0119kszej liczby os\u00f3b nadp\u0142ata b\u0119dzie zwr\u00f3cona. W przypadku rezygnacji z wycieczki\u00a0 wp\u0142ata nie b\u0119dzie zwr\u00f3cona\u00a0 w 100% ,a pomniejszona\u00a0 o udzia\u0142y w dokonanych\u00a0 op\u0142atach i\u00a0 przedp\u0142atach , oraz\u00a0 uzgodnieniach organizacyjnych.\/<\/p>\n<p><u>W op\u0142acie wycieczki organizatorzy zapewniaj\u0105:<\/u><\/p>\n<p>Przejazd autokarem\u00a0 z pilotem, ubezpieczenie uczestnika wycieczki, realizacja planu wycieczki w mi\u0142ej i sympatycznej atmosferze turystycznej bez wzgl\u0119du na pogod\u0119, napoje \u2013 kawa, herbata z expres baru podczas postoju.<\/p>\n<p><em>Do plecak\u00f3w zabieramy kanapki i ulubione napoje.<\/em><\/p>\n<p><strong>Wyjazd w dn. 25 marca 2017r. godz. 07,45 ul. G\u0142owackiego \u2013 Teatr Lalek<\/strong><\/p>\n<p>Planowany powr\u00f3t do Olsztyna\u00a0 \u2013 19.00 \u2013 19,30<\/p>\n<p><strong>Organizatorzy:<\/strong><\/p>\n<p>Basia Bruzgo\u00a0 &#8211; finanse<\/p>\n<p>Tolek\u00a0 Leszczy\u0144ski \u2013 kierownik wycieczki\u00a0 tel. 731\u00a0 722\u00a0 095<\/p>\n","protected":false},"excerpt":{"rendered":"<p>W Y C I E C Z K A\u00a0\u00a0\u00a0 A U T O K A R O W A \u00a0 25 marca 2017 r. &nbsp; Zwiedza\u0107 \u00a0b\u0119dziemy: Jasna G\u00f3ra Czerwi\u0144ska, Zespo\u0142y dworskie Mazowsza. Miejsce gdzie w 1939r. Armia Modlin stoczy\u0142a bitw\u0119 z 3 Armi\u0105 Niemieck\u0105. &#8211; Czerwi\u0144sk Nad Wis\u0142\u0105. XII wieczny Ko\u015bci\u00f3\u0142 Roma\u0144ski, Per\u0142a Mazowsza, [&hellip;]<\/p>\n","protected":false},"author":2,"featured_media":0,"comment_status":"open","ping_status":"open","sticky":false,"template":"","format":"standard","meta":{"footnotes":""},"categories":[1,9,5],"tags":[],"class_list":["post-3474","post","type-post","status-publish","format-standard","hentry","category-bez-kategorii","category-ciekawostki","category-wycieczki"],"_links":{"self":[{"href":"https:\/\/www.milosnicylasu.olsztyn.pl\/index.php?rest_route=\/wp\/v2\/posts\/3474","targetHints":{"allow":["GET"]}}],"collection":[{"href":"https:\/\/www.milosnicylasu.olsztyn.pl\/index.php?rest_route=\/wp\/v2\/posts"}],"about":[{"href":"https:\/\/www.milosnicylasu.olsztyn.pl\/index.php?rest_route=\/wp\/v2\/types\/post"}],"author":[{"embeddable":true,"href":"https:\/\/www.milosnicylasu.olsztyn.pl\/index.php?rest_route=\/wp\/v2\/users\/2"}],"replies":[{"embeddable":true,"href":"https:\/\/www.milosnicylasu.olsztyn.pl\/index.php?rest_route=%2Fwp%2Fv2%2Fcomments&post=3474"}],"version-history":[{"count":3,"href":"https:\/\/www.milosnicylasu.olsztyn.pl\/index.php?rest_route=\/wp\/v2\/posts\/3474\/revisions"}],"predecessor-version":[{"id":3477,"href":"https:\/\/www.milosnicylasu.olsztyn.pl\/index.php?rest_route=\/wp\/v2\/posts\/3474\/revisions\/3477"}],"wp:attachment":[{"href":"https:\/\/www.milosnicylasu.olsztyn.pl\/index.php?rest_route=%2Fwp%2Fv2%2Fmedia&parent=3474"}],"wp:term":[{"taxonomy":"category","embeddable":true,"href":"https:\/\/www.milosnicylasu.olsztyn.pl\/index.php?rest_route=%2Fwp%2Fv2%2Fcategories&post=3474"},{"taxonomy":"post_tag","embeddable":true,"href":"https:\/\/www.milosnicylasu.olsztyn.pl\/index.php?rest_route=%2Fwp%2Fv2%2Ftags&post=3474"}],"curies":[{"name":"wp","href":"https:\/\/api.w.org\/{rel}","templated":true}]}}