{"id":348,"date":"2013-05-10T22:38:24","date_gmt":"2013-05-10T20:38:24","guid":{"rendered":"http:\/\/www.milosnicylasu.olsztyn.pl\/?p=348"},"modified":"2013-05-10T23:03:28","modified_gmt":"2013-05-10T21:03:28","slug":"obchody-czwartej-rocznicy-powstania-kola","status":"publish","type":"post","link":"https:\/\/www.milosnicylasu.olsztyn.pl\/?p=348","title":{"rendered":"Obchody czwartej rocznicy powstania Ko\u0142a"},"content":{"rendered":"<p>15 maja spotykamy si\u0119 o godzinie 9.30 przy CEiK-u \/dawnym WDK\/, sk\u0105d przejdziemy na strzelnic\u0119 LOK, gdzie odb\u0119dzie si\u0119 spotkanie zwi\u0105zane z czwart\u0105 rocznic\u0105 powstania Ko\u0142a. W programie przewidziane jest : podsumowanie roku pracy Ko\u0142a, wyr\u00f3\u017cnienie najbardziej aktywnych przyjaci\u00f3\u0142 i cz\u0142onk\u00f3w Ko\u0142a, zawody strzeleckie z karabinka sportowego o puchar prezesa Ko\u0142a, ognisko, groch\u00f3wka, kawa, herbata. Op\u0142ata startowa 5 z\u0142. Zapraszamy<\/p>\n","protected":false},"excerpt":{"rendered":"<p>15 maja spotykamy si\u0119 o godzinie 9.30 przy CEiK-u \/dawnym WDK\/, sk\u0105d przejdziemy na strzelnic\u0119 LOK, gdzie odb\u0119dzie si\u0119 spotkanie zwi\u0105zane z czwart\u0105 rocznic\u0105 powstania Ko\u0142a. W programie przewidziane jest : podsumowanie roku pracy Ko\u0142a, wyr\u00f3\u017cnienie najbardziej aktywnych przyjaci\u00f3\u0142 i cz\u0142onk\u00f3w Ko\u0142a, zawody strzeleckie z karabinka sportowego o puchar prezesa Ko\u0142a, ognisko, groch\u00f3wka, kawa, herbata. [&hellip;]<\/p>\n","protected":false},"author":1,"featured_media":0,"comment_status":"open","ping_status":"open","sticky":false,"template":"","format":"standard","meta":{"footnotes":""},"categories":[1,6,3],"tags":[],"class_list":["post-348","post","type-post","status-publish","format-standard","hentry","category-bez-kategorii","category-odznaczenia","category-zebrania"],"_links":{"self":[{"href":"https:\/\/www.milosnicylasu.olsztyn.pl\/index.php?rest_route=\/wp\/v2\/posts\/348","targetHints":{"allow":["GET"]}}],"collection":[{"href":"https:\/\/www.milosnicylasu.olsztyn.pl\/index.php?rest_route=\/wp\/v2\/posts"}],"about":[{"href":"https:\/\/www.milosnicylasu.olsztyn.pl\/index.php?rest_route=\/wp\/v2\/types\/post"}],"author":[{"embeddable":true,"href":"https:\/\/www.milosnicylasu.olsztyn.pl\/index.php?rest_route=\/wp\/v2\/users\/1"}],"replies":[{"embeddable":true,"href":"https:\/\/www.milosnicylasu.olsztyn.pl\/index.php?rest_route=%2Fwp%2Fv2%2Fcomments&post=348"}],"version-history":[{"count":2,"href":"https:\/\/www.milosnicylasu.olsztyn.pl\/index.php?rest_route=\/wp\/v2\/posts\/348\/revisions"}],"predecessor-version":[{"id":355,"href":"https:\/\/www.milosnicylasu.olsztyn.pl\/index.php?rest_route=\/wp\/v2\/posts\/348\/revisions\/355"}],"wp:attachment":[{"href":"https:\/\/www.milosnicylasu.olsztyn.pl\/index.php?rest_route=%2Fwp%2Fv2%2Fmedia&parent=348"}],"wp:term":[{"taxonomy":"category","embeddable":true,"href":"https:\/\/www.milosnicylasu.olsztyn.pl\/index.php?rest_route=%2Fwp%2Fv2%2Fcategories&post=348"},{"taxonomy":"post_tag","embeddable":true,"href":"https:\/\/www.milosnicylasu.olsztyn.pl\/index.php?rest_route=%2Fwp%2Fv2%2Ftags&post=348"}],"curies":[{"name":"wp","href":"https:\/\/api.w.org\/{rel}","templated":true}]}}