{"id":3480,"date":"2017-03-03T07:13:32","date_gmt":"2017-03-03T06:13:32","guid":{"rendered":"http:\/\/www.milosnicylasu.olsztyn.pl\/?p=3480"},"modified":"2017-03-21T07:28:13","modified_gmt":"2017-03-21T06:28:13","slug":"konkurs-przyrodniczy-2","status":"publish","type":"post","link":"https:\/\/www.milosnicylasu.olsztyn.pl\/?p=3480","title":{"rendered":"Konkurs przyrodniczy"},"content":{"rendered":"<p>Nowy konkurs opracowany przez Adama Siemakowicza<\/p>\n<p><strong>Jeszcze zima, a gdzie wiosna i lato?<\/strong><\/p>\n<p>Okres zimowy w lesie to generalnie kolor bia\u0142y i czarny, wyj\u0105tkowo zielony &#8211; od igie\u0142 drzew oraz krzew\u00f3w gatunk\u00f3w iglastych. Natomiast wiosn\u0105 i latem gama kolor\u00f3w jest wr\u0119cz ogromna. Chcia\u0142oby si\u0119 je ju\u017c zobaczy\u0107, nieprawda\u017c? Odnosz\u0105c si\u0119 do natury cz\u0142owieka, to ona r\u00f3wnie\u017c d\u0105\u017cy \u00a0do sytuacji, kt\u00f3rej w danej chwili nie ma. Zim\u0105 my\u015blimy o wio\u015bnie czy te\u017c lecie, latem o wio\u015bnie, jesieni. I tak dalej. Id\u0105c naprzeciw oczekiwaniom przypomnijmy sobie jak b\u0119dzie wygl\u0105da\u0107 ulistnienie drzew i krzew\u00f3w za kilka miesi\u0119cy. Podczas spacer\u00f3w nie zawsze zwracamy na to uwag\u0119. By\u0107 mo\u017ce wiemy, ale\u2026<\/p>\n<p>Udowodnij, \u017ce masz doskona\u0142\u0105 pami\u0119\u0107 i rozpoznasz na jakich drzewach lub krzewach znajduje si\u0119 zaprezentowane ulistnienie.<\/p>\n<p>Wystarczy prawid\u0142owo przyporz\u0105dkowa\u0107 odpowiedzi do 10-ciu zdj\u0119\u0107. W przypadku wi\u0119kszej liczby prawid\u0142owych odpowiedzi, o kolejno\u015bci nagradzanych os\u00f3b b\u0119dzie decydowa\u0142 termin nadsy\u0142anych prawid\u0142owych odpowiedzi. Odpowiedzi wysy\u0142ajcie na adres poczty elektronicznej krystyna@kappa.pl , \u00a0w tytule wpisuj\u0105c <strong>Konkurs przyrody.<\/strong><\/p>\n<p>Konkurs b\u0119dzie trwa\u0142 do 31 marca 2017 roku. Mamy nadziej\u0119,\u017ce po 8 latach studi\u00f3w teoretycznych w RDLP w Olsztynie i praktykach le\u015bnych w trakcie rajd\u00f3w i wyjazd\u00f3w \u00a0do nadle\u015bnictw, nap\u0142ynie mn\u00f3stwo prawid\u0142owych odpowiedzi. Nagrod\u0105 b\u0119dzie przede wszystkim potwierdzenie swojej wiedzy, ale te\u017c przygotowali\u015bmy 3 nagrody ksi\u0105\u017ckowe.<\/p>\n<p>&nbsp;<\/p>\n<ol>\n<li><a href=\"http:\/\/www.milosnicylasu.olsztyn.pl\/wp-content\/uploads\/2017\/03\/konkurs-1-www.jpg\" rel=\"attachment wp-att-3481\" data-rel=\"lightbox-image-0\" data-magnific_type=\"image\" data-rl_title=\"\" data-rl_caption=\"\" title=\"\"><img loading=\"lazy\" decoding=\"async\" class=\"alignnone size-medium wp-image-3481\" src=\"http:\/\/www.milosnicylasu.olsztyn.pl\/wp-content\/uploads\/2017\/03\/konkurs-1-www-169x300.jpg\" alt=\"konkurs 1 -www\" width=\"169\" height=\"300\" srcset=\"https:\/\/www.milosnicylasu.olsztyn.pl\/wp-content\/uploads\/2017\/03\/konkurs-1-www-169x300.jpg 169w, https:\/\/www.milosnicylasu.olsztyn.pl\/wp-content\/uploads\/2017\/03\/konkurs-1-www.jpg 577w\" sizes=\"auto, (max-width: 169px) 100vw, 169px\" \/><\/a><\/li>\n<li><a href=\"http:\/\/www.milosnicylasu.olsztyn.pl\/wp-content\/uploads\/2017\/03\/konkurs-2-www.jpg\" rel=\"attachment wp-att-3482\" data-rel=\"lightbox-image-1\" data-magnific_type=\"image\" data-rl_title=\"\" data-rl_caption=\"\" title=\"\"><img loading=\"lazy\" decoding=\"async\" class=\"alignnone size-medium wp-image-3482\" src=\"http:\/\/www.milosnicylasu.olsztyn.pl\/wp-content\/uploads\/2017\/03\/konkurs-2-www-169x300.jpg\" alt=\"konkurs 2-www\" width=\"169\" height=\"300\" srcset=\"https:\/\/www.milosnicylasu.olsztyn.pl\/wp-content\/uploads\/2017\/03\/konkurs-2-www-169x300.jpg 169w, https:\/\/www.milosnicylasu.olsztyn.pl\/wp-content\/uploads\/2017\/03\/konkurs-2-www.jpg 577w\" sizes=\"auto, (max-width: 169px) 100vw, 169px\" \/><\/a><\/li>\n<li><a href=\"http:\/\/www.milosnicylasu.olsztyn.pl\/wp-content\/uploads\/2017\/03\/konkurs-3-www.jpg\" rel=\"attachment wp-att-3483\" data-rel=\"lightbox-image-2\" data-magnific_type=\"image\" data-rl_title=\"\" data-rl_caption=\"\" title=\"\"><img loading=\"lazy\" decoding=\"async\" class=\"alignnone size-medium wp-image-3483\" src=\"http:\/\/www.milosnicylasu.olsztyn.pl\/wp-content\/uploads\/2017\/03\/konkurs-3-www-169x300.jpg\" alt=\"konkurs 3-www\" width=\"169\" height=\"300\" srcset=\"https:\/\/www.milosnicylasu.olsztyn.pl\/wp-content\/uploads\/2017\/03\/konkurs-3-www-169x300.jpg 169w, https:\/\/www.milosnicylasu.olsztyn.pl\/wp-content\/uploads\/2017\/03\/konkurs-3-www.jpg 577w\" sizes=\"auto, (max-width: 169px) 100vw, 169px\" \/><\/a><\/li>\n<li><a href=\"http:\/\/www.milosnicylasu.olsztyn.pl\/wp-content\/uploads\/2017\/03\/konkurs-4-www.jpg\" rel=\"attachment wp-att-3484\" data-rel=\"lightbox-image-3\" data-magnific_type=\"image\" data-rl_title=\"\" data-rl_caption=\"\" title=\"\"><img loading=\"lazy\" decoding=\"async\" class=\"alignnone size-medium wp-image-3484\" src=\"http:\/\/www.milosnicylasu.olsztyn.pl\/wp-content\/uploads\/2017\/03\/konkurs-4-www-169x300.jpg\" alt=\"konkurs 4-www\" width=\"169\" height=\"300\" srcset=\"https:\/\/www.milosnicylasu.olsztyn.pl\/wp-content\/uploads\/2017\/03\/konkurs-4-www-169x300.jpg 169w, https:\/\/www.milosnicylasu.olsztyn.pl\/wp-content\/uploads\/2017\/03\/konkurs-4-www.jpg 577w\" sizes=\"auto, (max-width: 169px) 100vw, 169px\" \/><\/a><\/li>\n<li><a href=\"http:\/\/www.milosnicylasu.olsztyn.pl\/wp-content\/uploads\/2017\/03\/konkurs-5-www.jpg\" rel=\"attachment wp-att-3485\" data-rel=\"lightbox-image-4\" data-magnific_type=\"image\" data-rl_title=\"\" data-rl_caption=\"\" title=\"\"><img loading=\"lazy\" decoding=\"async\" class=\"alignnone size-medium wp-image-3485\" src=\"http:\/\/www.milosnicylasu.olsztyn.pl\/wp-content\/uploads\/2017\/03\/konkurs-5-www-169x300.jpg\" alt=\"konkurs 5-www\" width=\"169\" height=\"300\" srcset=\"https:\/\/www.milosnicylasu.olsztyn.pl\/wp-content\/uploads\/2017\/03\/konkurs-5-www-169x300.jpg 169w, https:\/\/www.milosnicylasu.olsztyn.pl\/wp-content\/uploads\/2017\/03\/konkurs-5-www.jpg 577w\" sizes=\"auto, (max-width: 169px) 100vw, 169px\" \/><\/a><\/li>\n<li><a href=\"http:\/\/www.milosnicylasu.olsztyn.pl\/wp-content\/uploads\/2017\/03\/konkurs-6-www.jpg\" rel=\"attachment wp-att-3486\" data-rel=\"lightbox-image-5\" data-magnific_type=\"image\" data-rl_title=\"\" data-rl_caption=\"\" title=\"\"><img loading=\"lazy\" decoding=\"async\" class=\"alignnone size-medium wp-image-3486\" src=\"http:\/\/www.milosnicylasu.olsztyn.pl\/wp-content\/uploads\/2017\/03\/konkurs-6-www-169x300.jpg\" alt=\"konkurs 6-www\" width=\"169\" height=\"300\" srcset=\"https:\/\/www.milosnicylasu.olsztyn.pl\/wp-content\/uploads\/2017\/03\/konkurs-6-www-169x300.jpg 169w, https:\/\/www.milosnicylasu.olsztyn.pl\/wp-content\/uploads\/2017\/03\/konkurs-6-www.jpg 577w\" sizes=\"auto, (max-width: 169px) 100vw, 169px\" \/><\/a><\/li>\n<li><a href=\"http:\/\/www.milosnicylasu.olsztyn.pl\/wp-content\/uploads\/2017\/03\/konkurs-7-www.jpg\" rel=\"attachment wp-att-3487\" data-rel=\"lightbox-image-6\" data-magnific_type=\"image\" data-rl_title=\"\" data-rl_caption=\"\" title=\"\"><img loading=\"lazy\" decoding=\"async\" class=\"alignnone size-medium wp-image-3487\" src=\"http:\/\/www.milosnicylasu.olsztyn.pl\/wp-content\/uploads\/2017\/03\/konkurs-7-www-169x300.jpg\" alt=\"konkurs 7-www\" width=\"169\" height=\"300\" srcset=\"https:\/\/www.milosnicylasu.olsztyn.pl\/wp-content\/uploads\/2017\/03\/konkurs-7-www-169x300.jpg 169w, https:\/\/www.milosnicylasu.olsztyn.pl\/wp-content\/uploads\/2017\/03\/konkurs-7-www.jpg 577w\" sizes=\"auto, (max-width: 169px) 100vw, 169px\" \/><\/a><\/li>\n<li><a href=\"http:\/\/www.milosnicylasu.olsztyn.pl\/wp-content\/uploads\/2017\/03\/konkurs-8-www.jpg\" rel=\"attachment wp-att-3488\" data-rel=\"lightbox-image-7\" data-magnific_type=\"image\" data-rl_title=\"\" data-rl_caption=\"\" title=\"\"><img loading=\"lazy\" decoding=\"async\" class=\"alignnone size-medium wp-image-3488\" src=\"http:\/\/www.milosnicylasu.olsztyn.pl\/wp-content\/uploads\/2017\/03\/konkurs-8-www-169x300.jpg\" alt=\"konkurs 8-www\" width=\"169\" height=\"300\" srcset=\"https:\/\/www.milosnicylasu.olsztyn.pl\/wp-content\/uploads\/2017\/03\/konkurs-8-www-169x300.jpg 169w, https:\/\/www.milosnicylasu.olsztyn.pl\/wp-content\/uploads\/2017\/03\/konkurs-8-www.jpg 577w\" sizes=\"auto, (max-width: 169px) 100vw, 169px\" \/><\/a><\/li>\n<li><a href=\"http:\/\/www.milosnicylasu.olsztyn.pl\/wp-content\/uploads\/2017\/03\/konkurs-9-www.jpg\" rel=\"attachment wp-att-3489\" data-rel=\"lightbox-image-8\" data-magnific_type=\"image\" data-rl_title=\"\" data-rl_caption=\"\" title=\"\"><img loading=\"lazy\" decoding=\"async\" class=\"alignnone size-medium wp-image-3489\" src=\"http:\/\/www.milosnicylasu.olsztyn.pl\/wp-content\/uploads\/2017\/03\/konkurs-9-www-169x300.jpg\" alt=\"konkurs 9-www\" width=\"169\" height=\"300\" srcset=\"https:\/\/www.milosnicylasu.olsztyn.pl\/wp-content\/uploads\/2017\/03\/konkurs-9-www-169x300.jpg 169w, https:\/\/www.milosnicylasu.olsztyn.pl\/wp-content\/uploads\/2017\/03\/konkurs-9-www.jpg 577w\" sizes=\"auto, (max-width: 169px) 100vw, 169px\" \/><\/a><\/li>\n<li><a href=\"http:\/\/www.milosnicylasu.olsztyn.pl\/wp-content\/uploads\/2017\/03\/konkurs-10-www.jpg\" rel=\"attachment wp-att-3490\" data-rel=\"lightbox-image-9\" data-magnific_type=\"image\" data-rl_title=\"\" data-rl_caption=\"\" title=\"\"><img loading=\"lazy\" decoding=\"async\" class=\"alignnone size-medium wp-image-3490\" src=\"http:\/\/www.milosnicylasu.olsztyn.pl\/wp-content\/uploads\/2017\/03\/konkurs-10-www-169x300.jpg\" alt=\"konkurs 10 - www\" width=\"169\" height=\"300\" srcset=\"https:\/\/www.milosnicylasu.olsztyn.pl\/wp-content\/uploads\/2017\/03\/konkurs-10-www-169x300.jpg 169w, https:\/\/www.milosnicylasu.olsztyn.pl\/wp-content\/uploads\/2017\/03\/konkurs-10-www.jpg 577w\" sizes=\"auto, (max-width: 169px) 100vw, 169px\" \/><\/a><\/li>\n<\/ol>\n<p><em><strong>Wybierz spo\u015br\u00f3d podanych nazw i wpisz pod w\u0142a\u015bciwym zdj\u0119ciem: robinia, klon, jesion, modrzew, cis, sosna, \u015bwierk, lipa, brzoza, jarz\u0105b, olcha, ligustr, topola, jod\u0142a, czeremcha, daglezja, ja\u0142owiec, kalina, tulipanowiec, platan, grab, wierzba, sumak, kasztanowiec, karagana syberyjska, d\u0105b szypu\u0142kowy.<\/strong><\/em><\/p>\n<p>&nbsp;<\/p>\n<p>&nbsp;<\/p>\n","protected":false},"excerpt":{"rendered":"<p>Nowy konkurs opracowany przez Adama Siemakowicza Jeszcze zima, a gdzie wiosna i lato? Okres zimowy w lesie to generalnie kolor bia\u0142y i czarny, wyj\u0105tkowo zielony &#8211; od igie\u0142 drzew oraz krzew\u00f3w gatunk\u00f3w iglastych. Natomiast wiosn\u0105 i latem gama kolor\u00f3w jest wr\u0119cz ogromna. Chcia\u0142oby si\u0119 je ju\u017c zobaczy\u0107, nieprawda\u017c? Odnosz\u0105c si\u0119 do natury cz\u0142owieka, to ona [&hellip;]<\/p>\n","protected":false},"author":2,"featured_media":0,"comment_status":"open","ping_status":"open","sticky":false,"template":"","format":"standard","meta":{"footnotes":""},"categories":[1,9,15,13],"tags":[],"class_list":["post-3480","post","type-post","status-publish","format-standard","hentry","category-bez-kategorii","category-ciekawostki","category-komkurs","category-konkursy"],"_links":{"self":[{"href":"https:\/\/www.milosnicylasu.olsztyn.pl\/index.php?rest_route=\/wp\/v2\/posts\/3480","targetHints":{"allow":["GET"]}}],"collection":[{"href":"https:\/\/www.milosnicylasu.olsztyn.pl\/index.php?rest_route=\/wp\/v2\/posts"}],"about":[{"href":"https:\/\/www.milosnicylasu.olsztyn.pl\/index.php?rest_route=\/wp\/v2\/types\/post"}],"author":[{"embeddable":true,"href":"https:\/\/www.milosnicylasu.olsztyn.pl\/index.php?rest_route=\/wp\/v2\/users\/2"}],"replies":[{"embeddable":true,"href":"https:\/\/www.milosnicylasu.olsztyn.pl\/index.php?rest_route=%2Fwp%2Fv2%2Fcomments&post=3480"}],"version-history":[{"count":6,"href":"https:\/\/www.milosnicylasu.olsztyn.pl\/index.php?rest_route=\/wp\/v2\/posts\/3480\/revisions"}],"predecessor-version":[{"id":3538,"href":"https:\/\/www.milosnicylasu.olsztyn.pl\/index.php?rest_route=\/wp\/v2\/posts\/3480\/revisions\/3538"}],"wp:attachment":[{"href":"https:\/\/www.milosnicylasu.olsztyn.pl\/index.php?rest_route=%2Fwp%2Fv2%2Fmedia&parent=3480"}],"wp:term":[{"taxonomy":"category","embeddable":true,"href":"https:\/\/www.milosnicylasu.olsztyn.pl\/index.php?rest_route=%2Fwp%2Fv2%2Fcategories&post=3480"},{"taxonomy":"post_tag","embeddable":true,"href":"https:\/\/www.milosnicylasu.olsztyn.pl\/index.php?rest_route=%2Fwp%2Fv2%2Ftags&post=3480"}],"curies":[{"name":"wp","href":"https:\/\/api.w.org\/{rel}","templated":true}]}}