{"id":3520,"date":"2017-03-12T06:49:21","date_gmt":"2017-03-12T05:49:21","guid":{"rendered":"http:\/\/www.milosnicylasu.olsztyn.pl\/?p=3520"},"modified":"2017-03-12T06:50:18","modified_gmt":"2017-03-12T05:50:18","slug":"przemijanie","status":"publish","type":"post","link":"https:\/\/www.milosnicylasu.olsztyn.pl\/?p=3520","title":{"rendered":"Przemijanie"},"content":{"rendered":"<p><a href=\"http:\/\/www.milosnicylasu.olsztyn.pl\/wp-content\/uploads\/2017\/03\/DSCN9840-www.jpg\" rel=\"attachment wp-att-3521\" data-rel=\"lightbox-image-0\" data-magnific_type=\"image\" data-rl_title=\"\" data-rl_caption=\"\" title=\"\"><img loading=\"lazy\" decoding=\"async\" class=\"size-medium wp-image-3521 alignright\" src=\"http:\/\/www.milosnicylasu.olsztyn.pl\/wp-content\/uploads\/2017\/03\/DSCN9840-www-300x225.jpg\" alt=\"DSCN9840-www\" width=\"300\" height=\"225\" srcset=\"https:\/\/www.milosnicylasu.olsztyn.pl\/wp-content\/uploads\/2017\/03\/DSCN9840-www-300x225.jpg 300w, https:\/\/www.milosnicylasu.olsztyn.pl\/wp-content\/uploads\/2017\/03\/DSCN9840-www-768x576.jpg 768w, https:\/\/www.milosnicylasu.olsztyn.pl\/wp-content\/uploads\/2017\/03\/DSCN9840-www.jpg 1024w, https:\/\/www.milosnicylasu.olsztyn.pl\/wp-content\/uploads\/2017\/03\/DSCN9840-www-400x300.jpg 400w\" sizes=\"auto, (max-width: 300px) 100vw, 300px\" \/><\/a>Jest czas przebudzenia&#8230;.<\/p>\n<p>Jest czas kwitnienia&#8230;.<\/p>\n<p>Czas tworzenia&#8230;.<\/p>\n<p>Czas owocu&#8230;.<\/p>\n<p>Czas milczenia&#8230;.<\/p>\n<p>I czas krzyku&#8230;.<\/p>\n<p>Czas wzlot\u00f3w&#8230;.<\/p>\n<p>I czas upadk\u00f3w&#8230;.<\/p>\n<p>Czas zadumy i refleksji&#8230;.<\/p>\n<p>Czas rado\u015bci&#8230;.<\/p>\n<p>I czas smutku&#8230;<\/p>\n<p>A wszystko &#8230;..<\/p>\n<p>Mo\u017cna zamkn\u0105\u0107&#8230;.<\/p>\n<p>Jednym s\u0142owem&#8230;..<\/p>\n<p>Przemijanie<\/p>\n","protected":false},"excerpt":{"rendered":"<p>Jest czas przebudzenia&#8230;. Jest czas kwitnienia&#8230;. Czas tworzenia&#8230;. Czas owocu&#8230;. Czas milczenia&#8230;. I czas krzyku&#8230;. Czas wzlot\u00f3w&#8230;. I czas upadk\u00f3w&#8230;. Czas zadumy i refleksji&#8230;. Czas rado\u015bci&#8230;. I czas smutku&#8230; A wszystko &#8230;.. Mo\u017cna zamkn\u0105\u0107&#8230;. Jednym s\u0142owem&#8230;.. Przemijanie<\/p>\n","protected":false},"author":2,"featured_media":0,"comment_status":"open","ping_status":"open","sticky":false,"template":"","format":"standard","meta":{"footnotes":""},"categories":[1,7],"tags":[],"class_list":["post-3520","post","type-post","status-publish","format-standard","hentry","category-bez-kategorii","category-wiersze"],"_links":{"self":[{"href":"https:\/\/www.milosnicylasu.olsztyn.pl\/index.php?rest_route=\/wp\/v2\/posts\/3520","targetHints":{"allow":["GET"]}}],"collection":[{"href":"https:\/\/www.milosnicylasu.olsztyn.pl\/index.php?rest_route=\/wp\/v2\/posts"}],"about":[{"href":"https:\/\/www.milosnicylasu.olsztyn.pl\/index.php?rest_route=\/wp\/v2\/types\/post"}],"author":[{"embeddable":true,"href":"https:\/\/www.milosnicylasu.olsztyn.pl\/index.php?rest_route=\/wp\/v2\/users\/2"}],"replies":[{"embeddable":true,"href":"https:\/\/www.milosnicylasu.olsztyn.pl\/index.php?rest_route=%2Fwp%2Fv2%2Fcomments&post=3520"}],"version-history":[{"count":2,"href":"https:\/\/www.milosnicylasu.olsztyn.pl\/index.php?rest_route=\/wp\/v2\/posts\/3520\/revisions"}],"predecessor-version":[{"id":3523,"href":"https:\/\/www.milosnicylasu.olsztyn.pl\/index.php?rest_route=\/wp\/v2\/posts\/3520\/revisions\/3523"}],"wp:attachment":[{"href":"https:\/\/www.milosnicylasu.olsztyn.pl\/index.php?rest_route=%2Fwp%2Fv2%2Fmedia&parent=3520"}],"wp:term":[{"taxonomy":"category","embeddable":true,"href":"https:\/\/www.milosnicylasu.olsztyn.pl\/index.php?rest_route=%2Fwp%2Fv2%2Fcategories&post=3520"},{"taxonomy":"post_tag","embeddable":true,"href":"https:\/\/www.milosnicylasu.olsztyn.pl\/index.php?rest_route=%2Fwp%2Fv2%2Ftags&post=3520"}],"curies":[{"name":"wp","href":"https:\/\/api.w.org\/{rel}","templated":true}]}}