{"id":3532,"date":"2017-03-21T07:19:47","date_gmt":"2017-03-21T06:19:47","guid":{"rendered":"http:\/\/www.milosnicylasu.olsztyn.pl\/?p=3532"},"modified":"2017-03-21T07:19:47","modified_gmt":"2017-03-21T06:19:47","slug":"ostatni-zimowy-rajd-i-ostatnie-treningi-strzeleckie-w-tym-sezonie","status":"publish","type":"post","link":"https:\/\/www.milosnicylasu.olsztyn.pl\/?p=3532","title":{"rendered":"Ostatni zimowy rajd i ostatnie treningi strzeleckie w tym sezonie"},"content":{"rendered":"<p><a href=\"http:\/\/www.milosnicylasu.olsztyn.pl\/wp-content\/uploads\/2017\/03\/DSCN0431-www.jpg\" rel=\"attachment wp-att-3533\" data-rel=\"lightbox-image-0\" data-magnific_type=\"image\" data-rl_title=\"\" data-rl_caption=\"\" title=\"\"><img loading=\"lazy\" decoding=\"async\" class=\"size-medium wp-image-3533 alignleft\" src=\"http:\/\/www.milosnicylasu.olsztyn.pl\/wp-content\/uploads\/2017\/03\/DSCN0431-www-300x225.jpg\" alt=\"DSCN0431-www\" width=\"300\" height=\"225\" srcset=\"https:\/\/www.milosnicylasu.olsztyn.pl\/wp-content\/uploads\/2017\/03\/DSCN0431-www-300x225.jpg 300w, https:\/\/www.milosnicylasu.olsztyn.pl\/wp-content\/uploads\/2017\/03\/DSCN0431-www-768x576.jpg 768w, https:\/\/www.milosnicylasu.olsztyn.pl\/wp-content\/uploads\/2017\/03\/DSCN0431-www.jpg 1024w, https:\/\/www.milosnicylasu.olsztyn.pl\/wp-content\/uploads\/2017\/03\/DSCN0431-www-400x300.jpg 400w\" sizes=\"auto, (max-width: 300px) 100vw, 300px\" \/><\/a><\/p>\n<p>&nbsp;<\/p>\n<p>20 marca zawita\u0142a do nas wiosna. Nie\u015bmia\u0142o wygl\u0105da\u0142a podczas ostatniego zimowego rajdu 18 marca, ale w ko\u0144cu przysz\u0142a. B\u0119dzie coraz cieplej.<a href=\"http:\/\/www.milosnicylasu.olsztyn.pl\/wp-content\/uploads\/2017\/03\/DSCN0435-www.jpg\" rel=\"attachment wp-att-3534\" data-rel=\"lightbox-image-1\" data-magnific_type=\"image\" data-rl_title=\"\" data-rl_caption=\"\" title=\"\"><img loading=\"lazy\" decoding=\"async\" class=\"size-medium wp-image-3534 alignright\" src=\"http:\/\/www.milosnicylasu.olsztyn.pl\/wp-content\/uploads\/2017\/03\/DSCN0435-www-300x225.jpg\" alt=\"DSCN0435-www\" width=\"300\" height=\"225\" srcset=\"https:\/\/www.milosnicylasu.olsztyn.pl\/wp-content\/uploads\/2017\/03\/DSCN0435-www-300x225.jpg 300w, https:\/\/www.milosnicylasu.olsztyn.pl\/wp-content\/uploads\/2017\/03\/DSCN0435-www-768x576.jpg 768w, https:\/\/www.milosnicylasu.olsztyn.pl\/wp-content\/uploads\/2017\/03\/DSCN0435-www.jpg 1024w, https:\/\/www.milosnicylasu.olsztyn.pl\/wp-content\/uploads\/2017\/03\/DSCN0435-www-400x300.jpg 400w\" sizes=\"auto, (max-width: 300px) 100vw, 300px\" \/><\/a><\/p>\n<p>&nbsp;<\/p>\n<p>Mamy nadziej\u0119,\u017ce wi\u0119cej b\u0119dzie amator\u00f3w 'le\u015bnej k\u0105pieli&#8221; &#8211; uczestnik\u00f3w sobotnich rajd\u00f3w<\/p>\n<p>&nbsp;<\/p>\n<p>W pierwszy dzie\u0144 wiosny odby\u0142y si\u0119 ostatnie treningi strzeleckie przed majowymi zawodami.<a href=\"http:\/\/www.milosnicylasu.olsztyn.pl\/wp-content\/uploads\/2017\/03\/DSCN0441-www.jpg\" rel=\"attachment wp-att-3535\" data-rel=\"lightbox-image-2\" data-magnific_type=\"image\" data-rl_title=\"\" data-rl_caption=\"\" title=\"\"><img loading=\"lazy\" decoding=\"async\" class=\"alignnone size-medium wp-image-3535\" src=\"http:\/\/www.milosnicylasu.olsztyn.pl\/wp-content\/uploads\/2017\/03\/DSCN0441-www-300x225.jpg\" alt=\"DSCN0441-www\" width=\"300\" height=\"225\" srcset=\"https:\/\/www.milosnicylasu.olsztyn.pl\/wp-content\/uploads\/2017\/03\/DSCN0441-www-300x225.jpg 300w, https:\/\/www.milosnicylasu.olsztyn.pl\/wp-content\/uploads\/2017\/03\/DSCN0441-www-768x576.jpg 768w, https:\/\/www.milosnicylasu.olsztyn.pl\/wp-content\/uploads\/2017\/03\/DSCN0441-www.jpg 1024w, https:\/\/www.milosnicylasu.olsztyn.pl\/wp-content\/uploads\/2017\/03\/DSCN0441-www-400x300.jpg 400w\" sizes=\"auto, (max-width: 300px) 100vw, 300px\" \/><\/a>\u00a0<a href=\"http:\/\/www.milosnicylasu.olsztyn.pl\/wp-content\/uploads\/2017\/03\/DSCN0443-www.jpg\" rel=\"attachment wp-att-3536\" data-rel=\"lightbox-image-3\" data-magnific_type=\"image\" data-rl_title=\"\" data-rl_caption=\"\" title=\"\"><img loading=\"lazy\" decoding=\"async\" class=\"size-medium wp-image-3536 alignright\" src=\"http:\/\/www.milosnicylasu.olsztyn.pl\/wp-content\/uploads\/2017\/03\/DSCN0443-www-300x225.jpg\" alt=\"DSCN0443-www\" width=\"300\" height=\"225\" srcset=\"https:\/\/www.milosnicylasu.olsztyn.pl\/wp-content\/uploads\/2017\/03\/DSCN0443-www-300x225.jpg 300w, https:\/\/www.milosnicylasu.olsztyn.pl\/wp-content\/uploads\/2017\/03\/DSCN0443-www-768x576.jpg 768w, https:\/\/www.milosnicylasu.olsztyn.pl\/wp-content\/uploads\/2017\/03\/DSCN0443-www.jpg 1024w, https:\/\/www.milosnicylasu.olsztyn.pl\/wp-content\/uploads\/2017\/03\/DSCN0443-www-400x300.jpg 400w\" sizes=\"auto, (max-width: 300px) 100vw, 300px\" \/><\/a>\u00a0 \u00a0 Bior\u0105c pod uwag\u0119 wyniki osi\u0105gni\u0119te podczas trening\u00f3w, zapowiada si\u0119 ostra rywalizacja, c\u00f3\u017c &#8222;trening czyni mistrza&#8221; .<\/p>\n<p><strong>Dzi\u0119kujemy naszemu Koledze J\u00f3zkowi Ga\u017adzie za organizacj\u0119 i przeprowadzenie trening\u00f3w strzeleckich.\u00a0<\/strong><\/p>\n<p>&nbsp;<\/p>\n<p>Przypominamy, \u017ce w sobot\u0119 \u00a025 marca 2017 r. rajdu sobotniego nie b\u0119dzie &#8211; wyje\u017cd\u017camy na wycieczk\u0119 do Czerwi\u0144ska &#8211; wyjazd 7.45 Teatr Lalek.<\/p>\n<p><strong>\u00a0<\/strong><\/p>\n<p>&nbsp;<\/p>\n<p>&nbsp;<\/p>\n<p>&nbsp;<\/p>\n","protected":false},"excerpt":{"rendered":"<p>&nbsp; 20 marca zawita\u0142a do nas wiosna. Nie\u015bmia\u0142o wygl\u0105da\u0142a podczas ostatniego zimowego rajdu 18 marca, ale w ko\u0144cu przysz\u0142a. B\u0119dzie coraz cieplej. &nbsp; Mamy nadziej\u0119,\u017ce wi\u0119cej b\u0119dzie amator\u00f3w 'le\u015bnej k\u0105pieli&#8221; &#8211; uczestnik\u00f3w sobotnich rajd\u00f3w &nbsp; W pierwszy dzie\u0144 wiosny odby\u0142y si\u0119 ostatnie treningi strzeleckie przed majowymi zawodami.\u00a0\u00a0 \u00a0 Bior\u0105c pod uwag\u0119 wyniki osi\u0105gni\u0119te podczas trening\u00f3w, [&hellip;]<\/p>\n","protected":false},"author":2,"featured_media":0,"comment_status":"open","ping_status":"open","sticky":false,"template":"","format":"standard","meta":{"footnotes":""},"categories":[1,9,5,8],"tags":[],"class_list":["post-3532","post","type-post","status-publish","format-standard","hentry","category-bez-kategorii","category-ciekawostki","category-wycieczki","category-zawody-strzeleckie"],"_links":{"self":[{"href":"https:\/\/www.milosnicylasu.olsztyn.pl\/index.php?rest_route=\/wp\/v2\/posts\/3532","targetHints":{"allow":["GET"]}}],"collection":[{"href":"https:\/\/www.milosnicylasu.olsztyn.pl\/index.php?rest_route=\/wp\/v2\/posts"}],"about":[{"href":"https:\/\/www.milosnicylasu.olsztyn.pl\/index.php?rest_route=\/wp\/v2\/types\/post"}],"author":[{"embeddable":true,"href":"https:\/\/www.milosnicylasu.olsztyn.pl\/index.php?rest_route=\/wp\/v2\/users\/2"}],"replies":[{"embeddable":true,"href":"https:\/\/www.milosnicylasu.olsztyn.pl\/index.php?rest_route=%2Fwp%2Fv2%2Fcomments&post=3532"}],"version-history":[{"count":1,"href":"https:\/\/www.milosnicylasu.olsztyn.pl\/index.php?rest_route=\/wp\/v2\/posts\/3532\/revisions"}],"predecessor-version":[{"id":3537,"href":"https:\/\/www.milosnicylasu.olsztyn.pl\/index.php?rest_route=\/wp\/v2\/posts\/3532\/revisions\/3537"}],"wp:attachment":[{"href":"https:\/\/www.milosnicylasu.olsztyn.pl\/index.php?rest_route=%2Fwp%2Fv2%2Fmedia&parent=3532"}],"wp:term":[{"taxonomy":"category","embeddable":true,"href":"https:\/\/www.milosnicylasu.olsztyn.pl\/index.php?rest_route=%2Fwp%2Fv2%2Fcategories&post=3532"},{"taxonomy":"post_tag","embeddable":true,"href":"https:\/\/www.milosnicylasu.olsztyn.pl\/index.php?rest_route=%2Fwp%2Fv2%2Ftags&post=3532"}],"curies":[{"name":"wp","href":"https:\/\/api.w.org\/{rel}","templated":true}]}}