{"id":3541,"date":"2017-03-31T06:45:38","date_gmt":"2017-03-31T04:45:38","guid":{"rendered":"http:\/\/www.milosnicylasu.olsztyn.pl\/?p=3541"},"modified":"2017-03-31T06:45:38","modified_gmt":"2017-03-31T04:45:38","slug":"wiosna","status":"publish","type":"post","link":"https:\/\/www.milosnicylasu.olsztyn.pl\/?p=3541","title":{"rendered":"Wiosna"},"content":{"rendered":"<p><a href=\"http:\/\/www.milosnicylasu.olsztyn.pl\/wp-content\/uploads\/2017\/03\/DSCN0477-www.jpg\" rel=\"attachment wp-att-3544\" data-rel=\"lightbox-image-0\" data-magnific_type=\"image\" data-rl_title=\"\" data-rl_caption=\"\" title=\"\"><img loading=\"lazy\" decoding=\"async\" class=\"size-medium wp-image-3544 alignright\" src=\"http:\/\/www.milosnicylasu.olsztyn.pl\/wp-content\/uploads\/2017\/03\/DSCN0477-www-300x225.jpg\" alt=\"DSCN0477-www\" width=\"300\" height=\"225\" srcset=\"https:\/\/www.milosnicylasu.olsztyn.pl\/wp-content\/uploads\/2017\/03\/DSCN0477-www-300x225.jpg 300w, https:\/\/www.milosnicylasu.olsztyn.pl\/wp-content\/uploads\/2017\/03\/DSCN0477-www-768x576.jpg 768w, https:\/\/www.milosnicylasu.olsztyn.pl\/wp-content\/uploads\/2017\/03\/DSCN0477-www.jpg 1024w, https:\/\/www.milosnicylasu.olsztyn.pl\/wp-content\/uploads\/2017\/03\/DSCN0477-www-400x300.jpg 400w\" sizes=\"auto, (max-width: 300px) 100vw, 300px\" \/><\/a><\/p>\n<p>&nbsp;<\/p>\n<p>Gdyby kto\u015b mia\u0142 w\u0105tpliwo\u015bci, to niech zobaczy, \u00a0wiosna na pewno przysz\u0142a, przynajmniej nad Wad\u0105giem \u00a0<a href=\"http:\/\/www.milosnicylasu.olsztyn.pl\/wp-content\/uploads\/2017\/03\/DSCN0483-www.jpg\" rel=\"attachment wp-att-3542\" data-rel=\"lightbox-image-1\" data-magnific_type=\"image\" data-rl_title=\"\" data-rl_caption=\"\" title=\"\"><img loading=\"lazy\" decoding=\"async\" class=\"size-medium wp-image-3542 alignleft\" src=\"http:\/\/www.milosnicylasu.olsztyn.pl\/wp-content\/uploads\/2017\/03\/DSCN0483-www-300x225.jpg\" alt=\"DSCN0483-www\" width=\"300\" height=\"225\" srcset=\"https:\/\/www.milosnicylasu.olsztyn.pl\/wp-content\/uploads\/2017\/03\/DSCN0483-www-300x225.jpg 300w, https:\/\/www.milosnicylasu.olsztyn.pl\/wp-content\/uploads\/2017\/03\/DSCN0483-www-768x576.jpg 768w, https:\/\/www.milosnicylasu.olsztyn.pl\/wp-content\/uploads\/2017\/03\/DSCN0483-www.jpg 1024w, https:\/\/www.milosnicylasu.olsztyn.pl\/wp-content\/uploads\/2017\/03\/DSCN0483-www-400x300.jpg 400w\" sizes=\"auto, (max-width: 300px) 100vw, 300px\" \/><\/a><\/p>\n<h1 title=\"Bratki\"><a class=\"blue\" href=\"http:\/\/wiersze.kobieta.pl\/wiersze\/bratki-304627\">Bratki<\/a><a href=\"http:\/\/www.milosnicylasu.olsztyn.pl\/wp-content\/uploads\/2017\/03\/DSCN0478-www.jpg\" rel=\"attachment wp-att-3543\" data-rel=\"lightbox-image-2\" data-magnific_type=\"image\" data-rl_title=\"\" data-rl_caption=\"\" title=\"\"><img loading=\"lazy\" decoding=\"async\" class=\"size-medium wp-image-3543 alignright\" src=\"http:\/\/www.milosnicylasu.olsztyn.pl\/wp-content\/uploads\/2017\/03\/DSCN0478-www-300x225.jpg\" alt=\"DSCN0478-www\" width=\"300\" height=\"225\" srcset=\"https:\/\/www.milosnicylasu.olsztyn.pl\/wp-content\/uploads\/2017\/03\/DSCN0478-www-300x225.jpg 300w, https:\/\/www.milosnicylasu.olsztyn.pl\/wp-content\/uploads\/2017\/03\/DSCN0478-www-768x576.jpg 768w, https:\/\/www.milosnicylasu.olsztyn.pl\/wp-content\/uploads\/2017\/03\/DSCN0478-www.jpg 1024w, https:\/\/www.milosnicylasu.olsztyn.pl\/wp-content\/uploads\/2017\/03\/DSCN0478-www-400x300.jpg 400w\" sizes=\"auto, (max-width: 300px) 100vw, 300px\" \/><\/a><\/h1>\n<p class=\"descTop\">Bukiet sobie sprawi\u0142am i 5 krzaczk\u00f3w bratk\u00f3w kupi\u0142am\u2026 \u2026serce po zimie odmrozi\u0142am.<\/p>\n<p>Wiosna\u2026<br \/>\njeszcze szaro\u015bci\u0105 zimy przybarwiona<br \/>\njeszcze do ko\u0144ca nie obudzona<br \/>\njeszcze daleka<br \/>\nlecz ju\u017c opuszkami palc\u00f3w<br \/>\ndotykam jej<br \/>\nju\u017c czuj\u0119 jej ziemisty zapach<br \/>\nju\u017c trelem ptak\u00f3w ranek wita mnie<br \/>\nna \u017c\u00f3\u0142to zielono p\u0105ki p\u0119kaj\u0105<br \/>\npierwsze listki witaj\u0105 s\u0142o\u0144ce<br \/>\njeszcze przyjazne<br \/>\nnie gor\u0105ce jeszcze<br \/>\n_______________________________________<\/p>\n<p>Wiosna\u2026<br \/>\ndla mnie bratkami objawia si\u0119<br \/>\ngam\u0105 barw co urzeka<br \/>\nsymbolik\u0105 przyja\u017ani z cz\u0142owiekiem cz\u0142owieka<\/p>\n<p class=\"descBottom\">\u2026gdy wzrokiem w chmurach buja\u0142am bociana spotka\u0142am\u2026 \u2026ciekawe co przyniesie mi w tym roku\u2026<\/p>\n<p class=\"descBottom\">\/autor Beniaewa\/<\/p>\n<p>&nbsp;<\/p>\n","protected":false},"excerpt":{"rendered":"<p>&nbsp; Gdyby kto\u015b mia\u0142 w\u0105tpliwo\u015bci, to niech zobaczy, \u00a0wiosna na pewno przysz\u0142a, przynajmniej nad Wad\u0105giem \u00a0 Bratki Bukiet sobie sprawi\u0142am i 5 krzaczk\u00f3w bratk\u00f3w kupi\u0142am\u2026 \u2026serce po zimie odmrozi\u0142am. Wiosna\u2026 jeszcze szaro\u015bci\u0105 zimy przybarwiona jeszcze do ko\u0144ca nie obudzona jeszcze daleka lecz ju\u017c opuszkami palc\u00f3w dotykam jej ju\u017c czuj\u0119 jej ziemisty zapach ju\u017c trelem ptak\u00f3w [&hellip;]<\/p>\n","protected":false},"author":2,"featured_media":0,"comment_status":"open","ping_status":"open","sticky":false,"template":"","format":"standard","meta":{"footnotes":""},"categories":[1],"tags":[],"class_list":["post-3541","post","type-post","status-publish","format-standard","hentry","category-bez-kategorii"],"_links":{"self":[{"href":"https:\/\/www.milosnicylasu.olsztyn.pl\/index.php?rest_route=\/wp\/v2\/posts\/3541","targetHints":{"allow":["GET"]}}],"collection":[{"href":"https:\/\/www.milosnicylasu.olsztyn.pl\/index.php?rest_route=\/wp\/v2\/posts"}],"about":[{"href":"https:\/\/www.milosnicylasu.olsztyn.pl\/index.php?rest_route=\/wp\/v2\/types\/post"}],"author":[{"embeddable":true,"href":"https:\/\/www.milosnicylasu.olsztyn.pl\/index.php?rest_route=\/wp\/v2\/users\/2"}],"replies":[{"embeddable":true,"href":"https:\/\/www.milosnicylasu.olsztyn.pl\/index.php?rest_route=%2Fwp%2Fv2%2Fcomments&post=3541"}],"version-history":[{"count":1,"href":"https:\/\/www.milosnicylasu.olsztyn.pl\/index.php?rest_route=\/wp\/v2\/posts\/3541\/revisions"}],"predecessor-version":[{"id":3545,"href":"https:\/\/www.milosnicylasu.olsztyn.pl\/index.php?rest_route=\/wp\/v2\/posts\/3541\/revisions\/3545"}],"wp:attachment":[{"href":"https:\/\/www.milosnicylasu.olsztyn.pl\/index.php?rest_route=%2Fwp%2Fv2%2Fmedia&parent=3541"}],"wp:term":[{"taxonomy":"category","embeddable":true,"href":"https:\/\/www.milosnicylasu.olsztyn.pl\/index.php?rest_route=%2Fwp%2Fv2%2Fcategories&post=3541"},{"taxonomy":"post_tag","embeddable":true,"href":"https:\/\/www.milosnicylasu.olsztyn.pl\/index.php?rest_route=%2Fwp%2Fv2%2Ftags&post=3541"}],"curies":[{"name":"wp","href":"https:\/\/api.w.org\/{rel}","templated":true}]}}