{"id":3546,"date":"2017-03-31T07:27:11","date_gmt":"2017-03-31T05:27:11","guid":{"rendered":"http:\/\/www.milosnicylasu.olsztyn.pl\/?p=3546"},"modified":"2017-03-31T07:39:38","modified_gmt":"2017-03-31T05:39:38","slug":"wycieczka-do-czerwinska","status":"publish","type":"post","link":"https:\/\/www.milosnicylasu.olsztyn.pl\/?p=3546","title":{"rendered":"Wycieczka do Czerwi\u0144ska"},"content":{"rendered":"<p>Zgodnie z planem, 25 marca 2017 roku udali\u015bmy si\u0119 na Mazowsze aby podziwia\u0107 ciekawe miejsca, zabytki, a szczeg\u00f3lnie Sanktuarium Maryjne w Czerwi\u0144sku<\/p>\n<p>&nbsp;<\/p>\n<p><strong><a href=\"http:\/\/www.milosnicylasu.olsztyn.pl\/wp-content\/uploads\/2016\/04\/DSCN6583-www.jpg\" rel=\"attachment wp-att-2760\" data-rel=\"lightbox-image-0\" data-magnific_type=\"image\" data-rl_title=\"\" data-rl_caption=\"\" title=\"\"><img loading=\"lazy\" decoding=\"async\" class=\"size-medium wp-image-2760 alignleft\" src=\"http:\/\/www.milosnicylasu.olsztyn.pl\/wp-content\/uploads\/2016\/04\/DSCN6583-www-300x225.jpg\" alt=\"DSCN6583-www\" width=\"300\" height=\"225\" srcset=\"https:\/\/www.milosnicylasu.olsztyn.pl\/wp-content\/uploads\/2016\/04\/DSCN6583-www-300x225.jpg 300w, https:\/\/www.milosnicylasu.olsztyn.pl\/wp-content\/uploads\/2016\/04\/DSCN6583-www-768x576.jpg 768w, https:\/\/www.milosnicylasu.olsztyn.pl\/wp-content\/uploads\/2016\/04\/DSCN6583-www.jpg 1024w, https:\/\/www.milosnicylasu.olsztyn.pl\/wp-content\/uploads\/2016\/04\/DSCN6583-www-400x300.jpg 400w\" sizes=\"auto, (max-width: 300px) 100vw, 300px\" \/><\/a>Bazylika Matki Bo\u017cej Pocieszenia<\/strong><br \/>\n\u015awi\u0105tyni\u0119 klasztorn\u0105 wzniesiono jako dwu wie\u017cowy ko\u015bci\u00f3\u0142 z kamienia w 1 po\u0142owie XII wieku. Zosta\u0142a konsekrowana w 1161 roku. Zaprojektowano j\u0105 tak, jak najwi\u0119ksze \u00f3wcze\u015bnie budowane ko\u015bcio\u0142y w Europie \u015arodkowej. Dwie wie\u017ce \u015bwiadcz\u0105 o wysokim znaczeniu tej \u015bwi\u0105tyni. Podobne wie\u017ce maj\u0105 tylko ko\u015bci\u00f3\u0142 \u015bw. Andrzeja w Krakowie, kolegiaty w Opatowie i w Tumie, a tak\u017ce dwa ko\u015bcio\u0142y \u015bl\u0105skie \u2013 w Lw\u00f3wku i w Wierzbnej<br \/>\n<a href=\"http:\/\/www.milosnicylasu.olsztyn.pl\/wp-content\/uploads\/2017\/03\/DSCN0447-www.jpg\" rel=\"attachment wp-att-3556\" data-rel=\"lightbox-image-1\" data-magnific_type=\"image\" data-rl_title=\"\" data-rl_caption=\"\" title=\"\"><img loading=\"lazy\" decoding=\"async\" class=\"size-medium wp-image-3556 alignleft\" src=\"http:\/\/www.milosnicylasu.olsztyn.pl\/wp-content\/uploads\/2017\/03\/DSCN0447-www-300x225.jpg\" alt=\"DSCN0447-www\" width=\"300\" height=\"225\" srcset=\"https:\/\/www.milosnicylasu.olsztyn.pl\/wp-content\/uploads\/2017\/03\/DSCN0447-www-300x225.jpg 300w, https:\/\/www.milosnicylasu.olsztyn.pl\/wp-content\/uploads\/2017\/03\/DSCN0447-www-768x576.jpg 768w, https:\/\/www.milosnicylasu.olsztyn.pl\/wp-content\/uploads\/2017\/03\/DSCN0447-www.jpg 1024w, https:\/\/www.milosnicylasu.olsztyn.pl\/wp-content\/uploads\/2017\/03\/DSCN0447-www-400x300.jpg 400w\" sizes=\"auto, (max-width: 300px) 100vw, 300px\" \/><\/a>Z lat 1140-60 pochodzi ogromny portal roma\u0144ski. Zosta\u0142 on wykonany prawdopodobnie we W\u0142oszech, w warsztacie Wiligelma z Modeny. Oryginalne s\u0105 w nim trzy \u0142uki, tzw. archiwolty, z dekoracj\u0105 plecionkow\u0105 i sznurow\u0105. Wielk\u0105 atrakcj\u0105 roma\u0144sk\u0105 we wn\u0119trzu, s\u0105 freski z XIII wieku. Jest to najwi\u0119kszy zesp\u00f3\u0142 malowide\u0142 roma\u0144skich w Polsce.<br \/>\nObok fresk\u00f3w roma\u0144skich znajdziemy tak\u017ce gotyckie, pochodz\u0105ce z XV wieku.<\/p>\n<p><a href=\"http:\/\/www.milosnicylasu.olsztyn.pl\/wp-content\/uploads\/2017\/03\/DSCN0469-www.jpg\" rel=\"attachment wp-att-3549\" data-rel=\"lightbox-image-2\" data-magnific_type=\"image\" data-rl_title=\"\" data-rl_caption=\"\" title=\"\"><img loading=\"lazy\" decoding=\"async\" class=\"size-medium wp-image-3549 alignright\" src=\"http:\/\/www.milosnicylasu.olsztyn.pl\/wp-content\/uploads\/2017\/03\/DSCN0469-www-300x225.jpg\" alt=\"DSCN0469-www\" width=\"300\" height=\"225\" srcset=\"https:\/\/www.milosnicylasu.olsztyn.pl\/wp-content\/uploads\/2017\/03\/DSCN0469-www-300x225.jpg 300w, https:\/\/www.milosnicylasu.olsztyn.pl\/wp-content\/uploads\/2017\/03\/DSCN0469-www-768x576.jpg 768w, https:\/\/www.milosnicylasu.olsztyn.pl\/wp-content\/uploads\/2017\/03\/DSCN0469-www.jpg 1024w, https:\/\/www.milosnicylasu.olsztyn.pl\/wp-content\/uploads\/2017\/03\/DSCN0469-www-400x300.jpg 400w\" sizes=\"auto, (max-width: 300px) 100vw, 300px\" \/><\/a>W \u00a0XV wieku znaczenie klasztoru osi\u0105gn\u0119\u0142o apogeum. Kr\u00f3l W\u0142adys\u0142aw w Jagie\u0142\u0142o, kt\u00f3ry w lipcu 1410 roku przeprawia\u0142 si\u0119 w tym miejscu przez Wis\u0142\u0119, modli\u0142 si\u0119 w Czerwi\u0144sku o powodzenie wyprawy wojennej. W nast\u0119pnych latach opactwo by\u0142o \u015bwiadkiem wielu wa\u017cnych wydarze\u0144 politycznych (tu ustanowiono m.in. Przywilej Czerwi\u0144ski 1633 roku.<br \/>\nW 1923 roku do Czerwi\u0144ska wprowadzili si\u0119 salezjanie, kt\u00f3rzy opiekuj\u0105 si\u0119 tym miejscem do dzisiaj.<a href=\"http:\/\/www.milosnicylasu.olsztyn.pl\/wp-content\/uploads\/2017\/03\/DSCN0463-www.jpg\" rel=\"attachment wp-att-3548\" data-rel=\"lightbox-image-3\" data-magnific_type=\"image\" data-rl_title=\"\" data-rl_caption=\"\" title=\"\"><img loading=\"lazy\" decoding=\"async\" class=\"size-medium wp-image-3548 alignright\" src=\"http:\/\/www.milosnicylasu.olsztyn.pl\/wp-content\/uploads\/2017\/03\/DSCN0463-www-300x225.jpg\" alt=\"DSCN0463-www\" width=\"300\" height=\"225\" srcset=\"https:\/\/www.milosnicylasu.olsztyn.pl\/wp-content\/uploads\/2017\/03\/DSCN0463-www-300x225.jpg 300w, https:\/\/www.milosnicylasu.olsztyn.pl\/wp-content\/uploads\/2017\/03\/DSCN0463-www-768x576.jpg 768w, https:\/\/www.milosnicylasu.olsztyn.pl\/wp-content\/uploads\/2017\/03\/DSCN0463-www.jpg 1024w, https:\/\/www.milosnicylasu.olsztyn.pl\/wp-content\/uploads\/2017\/03\/DSCN0463-www-400x300.jpg 400w\" sizes=\"auto, (max-width: 300px) 100vw, 300px\" \/><\/a>\u00a0Salezjanie, opr\u00f3cz dzia\u0142alno\u015bci w Polsce, prowadz\u0105 dzia\u0142alno\u015b\u0107 misyjn\u0105. W czasie naszej wycieczki zwiedzili\u015bmy Muzeum , kt\u00f3re powsta\u0142o w 1976 roku z inicjatywy ks. Zbigniewa Malinowskiego. W ramach wystawy prezentowane s\u0105 eksponaty, przywiezione przez cz\u0142onk\u00f3w zgromadzenia z kraj\u00f3w misyjnych\u00a0oraz pami\u0105tki po kardynale Augu\u015bcie Hlondzie.<\/p>\n<p><strong>Obraz Matki Bo\u017cej Czerwi\u0144skiej<\/strong><\/p>\n<p>&nbsp;<\/p>\n<p><a href=\"http:\/\/www.milosnicylasu.olsztyn.pl\/wp-content\/uploads\/2017\/03\/DSCN0458-www.jpg\" rel=\"attachment wp-att-3547\" data-rel=\"lightbox-image-4\" data-magnific_type=\"image\" data-rl_title=\"\" data-rl_caption=\"\" title=\"\"><img loading=\"lazy\" decoding=\"async\" class=\"size-medium wp-image-3547 alignleft\" src=\"http:\/\/www.milosnicylasu.olsztyn.pl\/wp-content\/uploads\/2017\/03\/DSCN0458-www-300x225.jpg\" alt=\"DSCN0458-www\" width=\"300\" height=\"225\" srcset=\"https:\/\/www.milosnicylasu.olsztyn.pl\/wp-content\/uploads\/2017\/03\/DSCN0458-www-300x225.jpg 300w, https:\/\/www.milosnicylasu.olsztyn.pl\/wp-content\/uploads\/2017\/03\/DSCN0458-www-768x576.jpg 768w, https:\/\/www.milosnicylasu.olsztyn.pl\/wp-content\/uploads\/2017\/03\/DSCN0458-www.jpg 1024w, https:\/\/www.milosnicylasu.olsztyn.pl\/wp-content\/uploads\/2017\/03\/DSCN0458-www-400x300.jpg 400w\" sizes=\"auto, (max-width: 300px) 100vw, 300px\" \/><\/a>Od 400 lat Matka Bo\u017ca Pocieszenia kr\u00f3luje na Jasnej G\u00f3rze Czerwi\u0144skiej, darz\u0105c swych czcicieli licznymi \u0142askami.<strong> Jej wizerunek Ko\u015bci\u00f3\u0142 uzna\u0142 za cudowny w 1648 roku.<\/strong> S\u0142awa Czerwi\u0144skiej Pani jest od wiek\u00f3w znana na ca\u0142ym Mazowszu i w Rzeczypospolitej. Do Jej cudownego obrazu pielgrzymowali kr\u00f3lowie oraz rzesza wiernych, kt\u00f3rzy po dzi\u015b dzie\u0144 szukaj\u0105 przed Jej Obliczem pomocy i \u0142askawo\u015bci Boga.<br \/>\nObraz zosta\u0142 namalowany przez \u0141ukasza z \u0141owicza w 1612 roku na zlecenie kanonik\u00f3w regularnych latera\u0144skich &#8211; \u00f3wczesnych gospodarzy czerwi\u0144skiego opactwa.<\/p>\n<p>W latach 30. XVII w. wizerunek Matki Bo\u017cej Czerwi\u0144skiej zosta\u0142 umieszczony w centrum wykonanego w\u00f3wczas g\u0142\u00f3wnego o\u0142tarza. Obraz, otoczony czci\u0105 wiernych, wkr\u00f3tce zas\u0142yn\u0105\u0142 cudami, potwierdzi\u0142 je autorytet Ko\u015bcio\u0142a oraz liczne wota sk\u0142adane przez obdarowanych \u0142askami. Najcenniejszym z nich jest srebrna sukienka kt\u00f3r\u0105 ofiarowa\u0142 w 1686 r. ks. Franciszek J\u00f3zef Jagodkowicz, kanonik regularny i proboszcz w Krasnem. Od tego momentu cudowny wizerunek prezentowany jest w tym uroczystym przybraniu przys\u0142aniaj\u0105cym wi\u0119kszo\u015b\u0107 malowanego obrazu.<\/p>\n<p>W 1647 r. kr\u00f3l W\u0142adys\u0142aw IV przed tym obrazem uprosi\u0142 sobie powr\u00f3t do zdrowia i pozostawi\u0142 dzi\u0119kczynne wotum z napisem: &#8222;Bliski \u015bmierci &#8211; zdrowie otrzyma\u0142&#8221;. Obraz MB Czerwi\u0144skiej, od pocz\u0105tku ws\u0142awiony licznymi \u0142askami i cudami, w 1648 r. zosta\u0142 og\u0142oszony przez biskupa p\u0142ockiego Ferdynanda jako cudowny, a w 1970 r. ukoronowany przez kardyna\u0142a Stefana Wyszy\u0144skiego.<a href=\"http:\/\/www.milosnicylasu.olsztyn.pl\/wp-content\/uploads\/2017\/03\/DSCN0473-www.jpg\" rel=\"attachment wp-att-3553\" data-rel=\"lightbox-image-5\" data-magnific_type=\"image\" data-rl_title=\"\" data-rl_caption=\"\" title=\"\"><img loading=\"lazy\" decoding=\"async\" class=\"size-medium wp-image-3553 alignleft\" src=\"http:\/\/www.milosnicylasu.olsztyn.pl\/wp-content\/uploads\/2017\/03\/DSCN0473-www-300x225.jpg\" alt=\"DSCN0473-www\" width=\"300\" height=\"225\" srcset=\"https:\/\/www.milosnicylasu.olsztyn.pl\/wp-content\/uploads\/2017\/03\/DSCN0473-www-300x225.jpg 300w, https:\/\/www.milosnicylasu.olsztyn.pl\/wp-content\/uploads\/2017\/03\/DSCN0473-www-768x576.jpg 768w, https:\/\/www.milosnicylasu.olsztyn.pl\/wp-content\/uploads\/2017\/03\/DSCN0473-www.jpg 1024w, https:\/\/www.milosnicylasu.olsztyn.pl\/wp-content\/uploads\/2017\/03\/DSCN0473-www-400x300.jpg 400w\" sizes=\"auto, (max-width: 300px) 100vw, 300px\" \/><\/a><\/p>\n<p>&nbsp;<\/p>\n<p>&nbsp;<\/p>\n<p>W drodze powrotnej mogli\u015bmy zobaczy\u0107 dworki Mazowsza i na chwil\u0119 zatrzymali\u015bmy si\u0119 w M\u0142awie &#8211; to te\u017c kawa\u0142ek naszej historii.<a href=\"http:\/\/www.milosnicylasu.olsztyn.pl\/wp-content\/uploads\/2017\/03\/DSCN0472-www.jpg\" rel=\"attachment wp-att-3552\" data-rel=\"lightbox-image-6\" data-magnific_type=\"image\" data-rl_title=\"\" data-rl_caption=\"\" title=\"\"><img loading=\"lazy\" decoding=\"async\" class=\"size-medium wp-image-3552 alignright\" src=\"http:\/\/www.milosnicylasu.olsztyn.pl\/wp-content\/uploads\/2017\/03\/DSCN0472-www-300x225.jpg\" alt=\"DSCN0472-www\" width=\"300\" height=\"225\" srcset=\"https:\/\/www.milosnicylasu.olsztyn.pl\/wp-content\/uploads\/2017\/03\/DSCN0472-www-300x225.jpg 300w, https:\/\/www.milosnicylasu.olsztyn.pl\/wp-content\/uploads\/2017\/03\/DSCN0472-www-768x576.jpg 768w, https:\/\/www.milosnicylasu.olsztyn.pl\/wp-content\/uploads\/2017\/03\/DSCN0472-www.jpg 1024w, https:\/\/www.milosnicylasu.olsztyn.pl\/wp-content\/uploads\/2017\/03\/DSCN0472-www-400x300.jpg 400w\" sizes=\"auto, (max-width: 300px) 100vw, 300px\" \/><\/a><\/p>\n<p>&nbsp;<\/p>\n<p><b>Bitwa pod M\u0142aw\u0105<\/b> mia\u0142a miejsce na p\u00f3\u0142noc od M\u0142awy\u00a0mi\u0119dzy 1\u00a0i \u00a03 \u00a0Wrze\u015bnia 1939\u00a0roku. By\u0142a to jedna z pierwszych bitew wojny obronnej Polski\u00a0podczas II wojny \u015bwiatowej\u00a0w og\u00f3le. Walcz\u0105cymi mi\u0119dzy sob\u0105 si\u0142ami by\u0142y polska Armia Modlin\u00a0dowodzona przez gen.Emila Krukowicza- Przedrzymirskiego oraz niemiecka 3 Armia\u00a0pod dow\u00f3dztwem gen. Georga von Kuchlera.<\/p>\n","protected":false},"excerpt":{"rendered":"<p>Zgodnie z planem, 25 marca 2017 roku udali\u015bmy si\u0119 na Mazowsze aby podziwia\u0107 ciekawe miejsca, zabytki, a szczeg\u00f3lnie Sanktuarium Maryjne w Czerwi\u0144sku &nbsp; Bazylika Matki Bo\u017cej Pocieszenia \u015awi\u0105tyni\u0119 klasztorn\u0105 wzniesiono jako dwu wie\u017cowy ko\u015bci\u00f3\u0142 z kamienia w 1 po\u0142owie XII wieku. Zosta\u0142a konsekrowana w 1161 roku. Zaprojektowano j\u0105 tak, jak najwi\u0119ksze \u00f3wcze\u015bnie budowane ko\u015bcio\u0142y w [&hellip;]<\/p>\n","protected":false},"author":2,"featured_media":0,"comment_status":"open","ping_status":"open","sticky":false,"template":"","format":"standard","meta":{"footnotes":""},"categories":[1,9,5],"tags":[],"class_list":["post-3546","post","type-post","status-publish","format-standard","hentry","category-bez-kategorii","category-ciekawostki","category-wycieczki"],"_links":{"self":[{"href":"https:\/\/www.milosnicylasu.olsztyn.pl\/index.php?rest_route=\/wp\/v2\/posts\/3546","targetHints":{"allow":["GET"]}}],"collection":[{"href":"https:\/\/www.milosnicylasu.olsztyn.pl\/index.php?rest_route=\/wp\/v2\/posts"}],"about":[{"href":"https:\/\/www.milosnicylasu.olsztyn.pl\/index.php?rest_route=\/wp\/v2\/types\/post"}],"author":[{"embeddable":true,"href":"https:\/\/www.milosnicylasu.olsztyn.pl\/index.php?rest_route=\/wp\/v2\/users\/2"}],"replies":[{"embeddable":true,"href":"https:\/\/www.milosnicylasu.olsztyn.pl\/index.php?rest_route=%2Fwp%2Fv2%2Fcomments&post=3546"}],"version-history":[{"count":5,"href":"https:\/\/www.milosnicylasu.olsztyn.pl\/index.php?rest_route=\/wp\/v2\/posts\/3546\/revisions"}],"predecessor-version":[{"id":3557,"href":"https:\/\/www.milosnicylasu.olsztyn.pl\/index.php?rest_route=\/wp\/v2\/posts\/3546\/revisions\/3557"}],"wp:attachment":[{"href":"https:\/\/www.milosnicylasu.olsztyn.pl\/index.php?rest_route=%2Fwp%2Fv2%2Fmedia&parent=3546"}],"wp:term":[{"taxonomy":"category","embeddable":true,"href":"https:\/\/www.milosnicylasu.olsztyn.pl\/index.php?rest_route=%2Fwp%2Fv2%2Fcategories&post=3546"},{"taxonomy":"post_tag","embeddable":true,"href":"https:\/\/www.milosnicylasu.olsztyn.pl\/index.php?rest_route=%2Fwp%2Fv2%2Ftags&post=3546"}],"curies":[{"name":"wp","href":"https:\/\/api.w.org\/{rel}","templated":true}]}}