{"id":3558,"date":"2017-03-31T10:46:25","date_gmt":"2017-03-31T08:46:25","guid":{"rendered":"http:\/\/www.milosnicylasu.olsztyn.pl\/?p=3558"},"modified":"2017-03-31T10:49:28","modified_gmt":"2017-03-31T08:49:28","slug":"zapraszamy-do-sprzatania-lasu","status":"publish","type":"post","link":"https:\/\/www.milosnicylasu.olsztyn.pl\/?p=3558","title":{"rendered":"Zapraszamy do sprz\u0105tania lasu"},"content":{"rendered":"<p>Jak ka\u017cdego roku na wiosn\u0119, cz\u0142onkowie i sympatycy Ko\u0142a Mi\u0142o\u015bnik\u00f3w Lasu i Militari\u00f3w LOK przy ATW w Olsztynie b\u0119d\u0105 sprz\u0105ta\u0107 las. . Le\u015bniczy Pan Wojciech D\u0105browski przekaza\u0142 nam r\u0119kawice i worki na \u015bmieci. Spotkanie na p\u0119tli MPK Kortowo- Stary Dw\u00f3r godzina 10.00.<\/p>\n<p>Zapraszamy serdecznie do udzia\u0142u w tej akcji.<\/p>\n","protected":false},"excerpt":{"rendered":"<p>Jak ka\u017cdego roku na wiosn\u0119, cz\u0142onkowie i sympatycy Ko\u0142a Mi\u0142o\u015bnik\u00f3w Lasu i Militari\u00f3w LOK przy ATW w Olsztynie b\u0119d\u0105 sprz\u0105ta\u0107 las. . Le\u015bniczy Pan Wojciech D\u0105browski przekaza\u0142 nam r\u0119kawice i worki na \u015bmieci. Spotkanie na p\u0119tli MPK Kortowo- Stary Dw\u00f3r godzina 10.00. Zapraszamy serdecznie do udzia\u0142u w tej akcji.<\/p>\n","protected":false},"author":2,"featured_media":0,"comment_status":"open","ping_status":"open","sticky":false,"template":"","format":"standard","meta":{"footnotes":""},"categories":[1,9],"tags":[],"class_list":["post-3558","post","type-post","status-publish","format-standard","hentry","category-bez-kategorii","category-ciekawostki"],"_links":{"self":[{"href":"https:\/\/www.milosnicylasu.olsztyn.pl\/index.php?rest_route=\/wp\/v2\/posts\/3558","targetHints":{"allow":["GET"]}}],"collection":[{"href":"https:\/\/www.milosnicylasu.olsztyn.pl\/index.php?rest_route=\/wp\/v2\/posts"}],"about":[{"href":"https:\/\/www.milosnicylasu.olsztyn.pl\/index.php?rest_route=\/wp\/v2\/types\/post"}],"author":[{"embeddable":true,"href":"https:\/\/www.milosnicylasu.olsztyn.pl\/index.php?rest_route=\/wp\/v2\/users\/2"}],"replies":[{"embeddable":true,"href":"https:\/\/www.milosnicylasu.olsztyn.pl\/index.php?rest_route=%2Fwp%2Fv2%2Fcomments&post=3558"}],"version-history":[{"count":2,"href":"https:\/\/www.milosnicylasu.olsztyn.pl\/index.php?rest_route=\/wp\/v2\/posts\/3558\/revisions"}],"predecessor-version":[{"id":3560,"href":"https:\/\/www.milosnicylasu.olsztyn.pl\/index.php?rest_route=\/wp\/v2\/posts\/3558\/revisions\/3560"}],"wp:attachment":[{"href":"https:\/\/www.milosnicylasu.olsztyn.pl\/index.php?rest_route=%2Fwp%2Fv2%2Fmedia&parent=3558"}],"wp:term":[{"taxonomy":"category","embeddable":true,"href":"https:\/\/www.milosnicylasu.olsztyn.pl\/index.php?rest_route=%2Fwp%2Fv2%2Fcategories&post=3558"},{"taxonomy":"post_tag","embeddable":true,"href":"https:\/\/www.milosnicylasu.olsztyn.pl\/index.php?rest_route=%2Fwp%2Fv2%2Ftags&post=3558"}],"curies":[{"name":"wp","href":"https:\/\/api.w.org\/{rel}","templated":true}]}}