{"id":3585,"date":"2017-04-12T07:17:42","date_gmt":"2017-04-12T05:17:42","guid":{"rendered":"http:\/\/www.milosnicylasu.olsztyn.pl\/?p=3585"},"modified":"2017-04-12T07:17:42","modified_gmt":"2017-04-12T05:17:42","slug":"kwietniowy-czwartek-ekologiczny","status":"publish","type":"post","link":"https:\/\/www.milosnicylasu.olsztyn.pl\/?p=3585","title":{"rendered":"Kwietniowy czwartek ekologiczny"},"content":{"rendered":"<p><a href=\"http:\/\/www.milosnicylasu.olsztyn.pl\/wp-content\/uploads\/2017\/04\/DSCN0612-www.jpg\" rel=\"attachment wp-att-3586\" data-rel=\"lightbox-image-0\" data-magnific_type=\"image\" data-rl_title=\"\" data-rl_caption=\"\" title=\"\"><img loading=\"lazy\" decoding=\"async\" class=\"size-medium wp-image-3586 alignleft\" src=\"http:\/\/www.milosnicylasu.olsztyn.pl\/wp-content\/uploads\/2017\/04\/DSCN0612-www-300x225.jpg\" alt=\"DSCN0612-www\" width=\"300\" height=\"225\" srcset=\"https:\/\/www.milosnicylasu.olsztyn.pl\/wp-content\/uploads\/2017\/04\/DSCN0612-www-300x225.jpg 300w, https:\/\/www.milosnicylasu.olsztyn.pl\/wp-content\/uploads\/2017\/04\/DSCN0612-www-768x576.jpg 768w, https:\/\/www.milosnicylasu.olsztyn.pl\/wp-content\/uploads\/2017\/04\/DSCN0612-www.jpg 1024w, https:\/\/www.milosnicylasu.olsztyn.pl\/wp-content\/uploads\/2017\/04\/DSCN0612-www-400x300.jpg 400w\" sizes=\"auto, (max-width: 300px) 100vw, 300px\" \/><\/a>\u00a0Spotkanie cz\u0142onk\u00f3w Ko\u0142a Mi\u0142o\u015bnik\u00f3w Lasu i Militari\u00f3w LOK przy ATW w Olsztynie &#8211; \u00a06 kwietnia 2017 roku, by\u0142o bardzo ciekawe, g\u0142\u00f3wnie dzi\u0119ki Panu Romanowi J\u0119dryczko, kt\u00f3rego go\u015bcili\u015bmy po raz drugi. Tym razem poznali\u015bmy pasj\u0119 historyczn\u0105 \u00a0Pana Romana \u00a0i jego fascynacj\u0119 czasami sienkiewiczowskej trylogii. Dzi\u0119kujemy i liczymy,na nast\u0119pne wyk\u0142ady.<\/p>\n<p><a href=\"http:\/\/www.milosnicylasu.olsztyn.pl\/wp-content\/uploads\/2017\/04\/DSCN0613-www.jpg\" rel=\"attachment wp-att-3587\" data-rel=\"lightbox-image-1\" data-magnific_type=\"image\" data-rl_title=\"\" data-rl_caption=\"\" title=\"\"><img loading=\"lazy\" decoding=\"async\" class=\"size-medium wp-image-3587 alignright\" src=\"http:\/\/www.milosnicylasu.olsztyn.pl\/wp-content\/uploads\/2017\/04\/DSCN0613-www-300x225.jpg\" alt=\"DSCN0613-www\" width=\"300\" height=\"225\" srcset=\"https:\/\/www.milosnicylasu.olsztyn.pl\/wp-content\/uploads\/2017\/04\/DSCN0613-www-300x225.jpg 300w, https:\/\/www.milosnicylasu.olsztyn.pl\/wp-content\/uploads\/2017\/04\/DSCN0613-www-768x576.jpg 768w, https:\/\/www.milosnicylasu.olsztyn.pl\/wp-content\/uploads\/2017\/04\/DSCN0613-www.jpg 1024w, https:\/\/www.milosnicylasu.olsztyn.pl\/wp-content\/uploads\/2017\/04\/DSCN0613-www-400x300.jpg 400w\" sizes=\"auto, (max-width: 300px) 100vw, 300px\" \/><\/a><\/p>\n<p>&nbsp;<\/p>\n<p>By\u0142o historycznie i &#8230;&#8230;kolorowo. A to dzi\u0119ki kole\u017cankom z sekcji r\u0119kodzie\u0142a, kt\u00f3re przygotowa\u0142y poczt\u00f3wki wielkanocne dla przyjaci\u00f3\u0142 Ko\u0142a &#8211; g\u0142ownie le\u015bnik\u00f3w<\/p>\n<p>&nbsp;<\/p>\n<p>&nbsp;<\/p>\n<p><a href=\"http:\/\/www.milosnicylasu.olsztyn.pl\/wp-content\/uploads\/2017\/04\/DSCN0606-www.jpg\" rel=\"attachment wp-att-3588\" data-rel=\"lightbox-image-2\" data-magnific_type=\"image\" data-rl_title=\"\" data-rl_caption=\"\" title=\"\"><img loading=\"lazy\" decoding=\"async\" class=\"size-medium wp-image-3588 alignleft\" src=\"http:\/\/www.milosnicylasu.olsztyn.pl\/wp-content\/uploads\/2017\/04\/DSCN0606-www-300x225.jpg\" alt=\"DSCN0606-www\" width=\"300\" height=\"225\" srcset=\"https:\/\/www.milosnicylasu.olsztyn.pl\/wp-content\/uploads\/2017\/04\/DSCN0606-www-300x225.jpg 300w, https:\/\/www.milosnicylasu.olsztyn.pl\/wp-content\/uploads\/2017\/04\/DSCN0606-www-768x576.jpg 768w, https:\/\/www.milosnicylasu.olsztyn.pl\/wp-content\/uploads\/2017\/04\/DSCN0606-www.jpg 1024w, https:\/\/www.milosnicylasu.olsztyn.pl\/wp-content\/uploads\/2017\/04\/DSCN0606-www-400x300.jpg 400w\" sizes=\"auto, (max-width: 300px) 100vw, 300px\" \/><\/a><\/p>\n<p>&nbsp;<\/p>\n<p>&nbsp;<\/p>\n<p>W holu RDLP w Olsztynie zorganizowa\u0142y wystaw\u0119 wielkanocn\u0105.<\/p>\n<p>&nbsp;<\/p>\n<p>&nbsp;<\/p>\n<p>&nbsp;<\/p>\n<p>&nbsp;<\/p>\n<p>&nbsp;<\/p>\n","protected":false},"excerpt":{"rendered":"<p>\u00a0Spotkanie cz\u0142onk\u00f3w Ko\u0142a Mi\u0142o\u015bnik\u00f3w Lasu i Militari\u00f3w LOK przy ATW w Olsztynie &#8211; \u00a06 kwietnia 2017 roku, by\u0142o bardzo ciekawe, g\u0142\u00f3wnie dzi\u0119ki Panu Romanowi J\u0119dryczko, kt\u00f3rego go\u015bcili\u015bmy po raz drugi. Tym razem poznali\u015bmy pasj\u0119 historyczn\u0105 \u00a0Pana Romana \u00a0i jego fascynacj\u0119 czasami sienkiewiczowskej trylogii. Dzi\u0119kujemy i liczymy,na nast\u0119pne wyk\u0142ady. &nbsp; By\u0142o historycznie i &#8230;&#8230;kolorowo. A to [&hellip;]<\/p>\n","protected":false},"author":2,"featured_media":0,"comment_status":"open","ping_status":"open","sticky":false,"template":"","format":"standard","meta":{"footnotes":""},"categories":[1,9,4,3],"tags":[],"class_list":["post-3585","post","type-post","status-publish","format-standard","hentry","category-bez-kategorii","category-ciekawostki","category-wystawy","category-zebrania"],"_links":{"self":[{"href":"https:\/\/www.milosnicylasu.olsztyn.pl\/index.php?rest_route=\/wp\/v2\/posts\/3585","targetHints":{"allow":["GET"]}}],"collection":[{"href":"https:\/\/www.milosnicylasu.olsztyn.pl\/index.php?rest_route=\/wp\/v2\/posts"}],"about":[{"href":"https:\/\/www.milosnicylasu.olsztyn.pl\/index.php?rest_route=\/wp\/v2\/types\/post"}],"author":[{"embeddable":true,"href":"https:\/\/www.milosnicylasu.olsztyn.pl\/index.php?rest_route=\/wp\/v2\/users\/2"}],"replies":[{"embeddable":true,"href":"https:\/\/www.milosnicylasu.olsztyn.pl\/index.php?rest_route=%2Fwp%2Fv2%2Fcomments&post=3585"}],"version-history":[{"count":1,"href":"https:\/\/www.milosnicylasu.olsztyn.pl\/index.php?rest_route=\/wp\/v2\/posts\/3585\/revisions"}],"predecessor-version":[{"id":3589,"href":"https:\/\/www.milosnicylasu.olsztyn.pl\/index.php?rest_route=\/wp\/v2\/posts\/3585\/revisions\/3589"}],"wp:attachment":[{"href":"https:\/\/www.milosnicylasu.olsztyn.pl\/index.php?rest_route=%2Fwp%2Fv2%2Fmedia&parent=3585"}],"wp:term":[{"taxonomy":"category","embeddable":true,"href":"https:\/\/www.milosnicylasu.olsztyn.pl\/index.php?rest_route=%2Fwp%2Fv2%2Fcategories&post=3585"},{"taxonomy":"post_tag","embeddable":true,"href":"https:\/\/www.milosnicylasu.olsztyn.pl\/index.php?rest_route=%2Fwp%2Fv2%2Ftags&post=3585"}],"curies":[{"name":"wp","href":"https:\/\/api.w.org\/{rel}","templated":true}]}}