{"id":3595,"date":"2017-04-12T07:35:01","date_gmt":"2017-04-12T05:35:01","guid":{"rendered":"http:\/\/www.milosnicylasu.olsztyn.pl\/?p=3595"},"modified":"2017-04-15T15:51:24","modified_gmt":"2017-04-15T13:51:24","slug":"zyczenia-swiateczne-6","status":"publish","type":"post","link":"https:\/\/www.milosnicylasu.olsztyn.pl\/?p=3595","title":{"rendered":"\u017byczenia \u015bwi\u0105teczne"},"content":{"rendered":"<p><em><a href=\"http:\/\/www.milosnicylasu.olsztyn.pl\/wp-content\/uploads\/2017\/04\/DSCN0660-www.jpg\" rel=\"attachment wp-att-3597\" data-rel=\"lightbox-image-0\" data-magnific_type=\"image\" data-rl_title=\"\" data-rl_caption=\"\" title=\"\"><img loading=\"lazy\" decoding=\"async\" class=\"size-medium wp-image-3597 alignleft\" src=\"http:\/\/www.milosnicylasu.olsztyn.pl\/wp-content\/uploads\/2017\/04\/DSCN0660-www-300x225.jpg\" alt=\"DSCN0660-www\" width=\"300\" height=\"225\" srcset=\"https:\/\/www.milosnicylasu.olsztyn.pl\/wp-content\/uploads\/2017\/04\/DSCN0660-www-300x225.jpg 300w, https:\/\/www.milosnicylasu.olsztyn.pl\/wp-content\/uploads\/2017\/04\/DSCN0660-www-768x576.jpg 768w, https:\/\/www.milosnicylasu.olsztyn.pl\/wp-content\/uploads\/2017\/04\/DSCN0660-www.jpg 1024w, https:\/\/www.milosnicylasu.olsztyn.pl\/wp-content\/uploads\/2017\/04\/DSCN0660-www-400x300.jpg 400w\" sizes=\"auto, (max-width: 300px) 100vw, 300px\" \/><\/a><a href=\"http:\/\/www.milosnicylasu.olsztyn.pl\/wp-content\/uploads\/2017\/04\/www.jpg\" rel=\"attachment wp-att-3599\" data-rel=\"lightbox-image-1\" data-magnific_type=\"image\" data-rl_title=\"\" data-rl_caption=\"\" title=\"\"><img loading=\"lazy\" decoding=\"async\" class=\"size-medium wp-image-3599 alignright\" src=\"http:\/\/www.milosnicylasu.olsztyn.pl\/wp-content\/uploads\/2017\/04\/www-300x225.jpg\" alt=\"-www\" width=\"300\" height=\"225\" srcset=\"https:\/\/www.milosnicylasu.olsztyn.pl\/wp-content\/uploads\/2017\/04\/www-300x225.jpg 300w, https:\/\/www.milosnicylasu.olsztyn.pl\/wp-content\/uploads\/2017\/04\/www-768x576.jpg 768w, https:\/\/www.milosnicylasu.olsztyn.pl\/wp-content\/uploads\/2017\/04\/www.jpg 1024w, https:\/\/www.milosnicylasu.olsztyn.pl\/wp-content\/uploads\/2017\/04\/www-400x300.jpg 400w\" sizes=\"auto, (max-width: 300px) 100vw, 300px\" \/><\/a>Zdrowych, spokojnych\u00a0\u015bwi\u0105t Wielkanocnych,<\/em><\/p>\n<p>pe\u0142nych nadziei oraz mi\u0142o\u015bci, pogodnego nastroju,<\/p>\n<p><em>oraz najwspanialszych<\/em><em>\u00a0rodzinnych spotka\u0144,\u00a0<\/em><\/p>\n<p><em>w\u015br\u00f3d rodziny i <\/em><em>najbli\u017cszych przyjaci\u00f3\u0142 <\/em><\/p>\n<p><em>wszystkim cz\u0142onkom i sympatykom<\/em><\/p>\n<p><em>Ko\u0142a Mi\u0142o\u015bnik\u00f3w Lasu i Militari\u00f3w <\/em><\/p>\n<p><em>LOK przy ATW w Olsztynie<\/em><\/p>\n<p><em>\u017cyczy Zarz\u0105d Ko\u0142a<\/em><\/p>\n<p><em>\u00a0<\/em><\/p>\n<p>&nbsp;<\/p>\n<p>&nbsp;<\/p>\n","protected":false},"excerpt":{"rendered":"<p>Zdrowych, spokojnych\u00a0\u015bwi\u0105t Wielkanocnych, pe\u0142nych nadziei oraz mi\u0142o\u015bci, pogodnego nastroju, oraz najwspanialszych\u00a0rodzinnych spotka\u0144,\u00a0 w\u015br\u00f3d rodziny i najbli\u017cszych przyjaci\u00f3\u0142 wszystkim cz\u0142onkom i sympatykom Ko\u0142a Mi\u0142o\u015bnik\u00f3w Lasu i Militari\u00f3w LOK przy ATW w Olsztynie \u017cyczy Zarz\u0105d Ko\u0142a \u00a0 &nbsp; &nbsp;<\/p>\n","protected":false},"author":2,"featured_media":0,"comment_status":"open","ping_status":"open","sticky":false,"template":"","format":"standard","meta":{"footnotes":""},"categories":[1,9],"tags":[],"class_list":["post-3595","post","type-post","status-publish","format-standard","hentry","category-bez-kategorii","category-ciekawostki"],"_links":{"self":[{"href":"https:\/\/www.milosnicylasu.olsztyn.pl\/index.php?rest_route=\/wp\/v2\/posts\/3595","targetHints":{"allow":["GET"]}}],"collection":[{"href":"https:\/\/www.milosnicylasu.olsztyn.pl\/index.php?rest_route=\/wp\/v2\/posts"}],"about":[{"href":"https:\/\/www.milosnicylasu.olsztyn.pl\/index.php?rest_route=\/wp\/v2\/types\/post"}],"author":[{"embeddable":true,"href":"https:\/\/www.milosnicylasu.olsztyn.pl\/index.php?rest_route=\/wp\/v2\/users\/2"}],"replies":[{"embeddable":true,"href":"https:\/\/www.milosnicylasu.olsztyn.pl\/index.php?rest_route=%2Fwp%2Fv2%2Fcomments&post=3595"}],"version-history":[{"count":4,"href":"https:\/\/www.milosnicylasu.olsztyn.pl\/index.php?rest_route=\/wp\/v2\/posts\/3595\/revisions"}],"predecessor-version":[{"id":3601,"href":"https:\/\/www.milosnicylasu.olsztyn.pl\/index.php?rest_route=\/wp\/v2\/posts\/3595\/revisions\/3601"}],"wp:attachment":[{"href":"https:\/\/www.milosnicylasu.olsztyn.pl\/index.php?rest_route=%2Fwp%2Fv2%2Fmedia&parent=3595"}],"wp:term":[{"taxonomy":"category","embeddable":true,"href":"https:\/\/www.milosnicylasu.olsztyn.pl\/index.php?rest_route=%2Fwp%2Fv2%2Fcategories&post=3595"},{"taxonomy":"post_tag","embeddable":true,"href":"https:\/\/www.milosnicylasu.olsztyn.pl\/index.php?rest_route=%2Fwp%2Fv2%2Ftags&post=3595"}],"curies":[{"name":"wp","href":"https:\/\/api.w.org\/{rel}","templated":true}]}}