{"id":3603,"date":"2017-04-25T05:57:05","date_gmt":"2017-04-25T03:57:05","guid":{"rendered":"http:\/\/www.milosnicylasu.olsztyn.pl\/?p=3603"},"modified":"2017-04-25T19:58:20","modified_gmt":"2017-04-25T17:58:20","slug":"miedzynarodowy-dzien-matki-ziemi","status":"publish","type":"post","link":"https:\/\/www.milosnicylasu.olsztyn.pl\/?p=3603","title":{"rendered":"Mi\u0119dzynarodowy Dzie\u0144 Matki Ziemi"},"content":{"rendered":"<h2><strong>22 kwietnia 2017 roku cz\u0142onkowie Ko\u0142a Mi\u0142o\u015bnik\u00f3w Lasu i Militari\u00f3w LOK przy ATW w Olsztynie, podczas rajdu po lasach kudypskich obchodzili Dzie\u0144 Ziemi.<\/strong><\/h2>\n<h2><span id=\"R.C3.B3wnonoc_wiosenna\" class=\"mw-headline\">R\u00f3wnonoc wiosenna<\/span><\/h2>\n<div class=\"thumb tright\"><\/div>\n<p><a href=\"http:\/\/www.milosnicylasu.olsztyn.pl\/wp-content\/uploads\/2015\/08\/DSCN2977-www.jpg\" rel=\"attachment wp-att-2089\" data-rel=\"lightbox-image-0\" data-magnific_type=\"image\" data-rl_title=\"\" data-rl_caption=\"\" title=\"\"><img loading=\"lazy\" decoding=\"async\" class=\"size-medium wp-image-2089 alignleft\" src=\"http:\/\/www.milosnicylasu.olsztyn.pl\/wp-content\/uploads\/2015\/08\/DSCN2977-www-300x225.jpg\" alt=\"DSCN2977-www\" width=\"300\" height=\"225\" srcset=\"https:\/\/www.milosnicylasu.olsztyn.pl\/wp-content\/uploads\/2015\/08\/DSCN2977-www-300x225.jpg 300w, https:\/\/www.milosnicylasu.olsztyn.pl\/wp-content\/uploads\/2015\/08\/DSCN2977-www-400x300.jpg 400w, https:\/\/www.milosnicylasu.olsztyn.pl\/wp-content\/uploads\/2015\/08\/DSCN2977-www.jpg 1024w\" sizes=\"auto, (max-width: 300px) 100vw, 300px\" \/><\/a>Dzie\u0144 Ziemi obchodzony jest w momencie r\u00f3wnowago wiosennej\u00a0na p\u00f3\u0142kuli p\u00f3\u0142nocnej, czyli w dniu r\u00f3wnowagi jesiennej\u00a0na p\u00f3\u0142kuli po\u0142udniowej. Ten dzie\u0144 wyr\u00f3\u017cnia si\u0119 tym, \u017ce na ca\u0142ej planecie dzie\u0144\u00a0trwa tyle samo, co noc. R\u00f3wnonoc wiosenna w staro\u017cytnych kulturach rolniczych\u00a0wi\u0105za\u0142a si\u0119 ze \u015bwi\u0119tem rodz\u0105cego si\u0119 \u017cycia. Wsp\u00f3\u0142cze\u015bnie podkre\u015bla si\u0119, \u017ce jest to dzie\u0144 swoistej r\u00f3wnowagi mog\u0105cej pom\u00f3c w odrzuceniu wzajemnych r\u00f3\u017cnic mi\u0119dzy lud\u017ami odmiennych ras i religii.\u00a0Niezale\u017cnie od wyznawanej wiary\u00a0czy przynale\u017cno\u015bci etnicznej, wszyscy przedstawiciele Homo sapiens\u00a0dziel\u0105 mi\u0119dzy siebie t\u0119 sam\u0105 planet\u0119, kt\u00f3ra &#8211; wed\u0142ug organizator\u00f3w <i>Dnia Ziemi<\/i> &#8211; jest naszym wsp\u00f3lnym dobrem.<\/p>\n<p>Jako pierwszy z ide\u0105 obchodzonego na ca\u0142ym \u015bwiecie <i>Dnia Ziemi<\/i> wyst\u0105pi\u0142 John McConnell (ur. 1915), na konferencji UNESCO, dotycz\u0105cej \u015brodowiska naturalnego w 1969 r. Pierwszy raz Dzie\u0144 Ziemi zosta\u0142 og\u0142oszony 21 marca 1970 r. przez burmistrza SAN Francisko, Josepha Alioto.<\/p>\n<p>Ide\u0119 popar\u0142 Sekretarz Generalny ONZ, U Thant. 26 lutego 1971 r. podpisa\u0142 proklamacj\u0119, w kt\u00f3rej wyznaczy\u0142 r\u00f3wnonoc wiosenn\u0105 jako moment, w kt\u00f3rym \u00a0Narody Zjednoczone obchodz\u0105 Dzie\u0144 Ziemi. W momencie kiedy S\u0142o\u0144ce\u00a0przechodzi w Gwiazdozbi\u00f3r Barrana, w siedzibie ONZ w Nowym Jorku\u00a0rozbrzmiewa Dzwon Pokoju (ang.\u00a0<i>Peace Bell<\/i>). Ma to zwykle miejsce 20 lub 21 marca..<\/p>\n<p><a href=\"http:\/\/www.milosnicylasu.olsztyn.pl\/wp-content\/uploads\/2013\/04\/P6030186-www.jpg\" rel=\"attachment wp-att-288\" data-rel=\"lightbox-image-1\" data-magnific_type=\"image\" data-rl_title=\"\" data-rl_caption=\"\" title=\"\"><img loading=\"lazy\" decoding=\"async\" class=\"size-medium wp-image-288 alignright\" src=\"http:\/\/www.milosnicylasu.olsztyn.pl\/wp-content\/uploads\/2013\/04\/P6030186-www-300x168.jpg\" alt=\"P6030186-www\" width=\"300\" height=\"168\" srcset=\"https:\/\/www.milosnicylasu.olsztyn.pl\/wp-content\/uploads\/2013\/04\/P6030186-www-300x168.jpg 300w, https:\/\/www.milosnicylasu.olsztyn.pl\/wp-content\/uploads\/2013\/04\/P6030186-www-500x281.jpg 500w, https:\/\/www.milosnicylasu.olsztyn.pl\/wp-content\/uploads\/2013\/04\/P6030186-www.jpg 1024w\" sizes=\"auto, (max-width: 300px) 100vw, 300px\" \/><\/a>Niezale\u017cnie od tego w 2009 roku dzie\u0144 22 kwietnia zosta\u0142 og\u0142oszony przez Zgromadzenie Og\u00f3lne ONZ, jako Mi\u0119dzynarodowy Dzie\u0144 Matki Ziemi.\u00a0Pierwsze obchody odby\u0142y si\u0119 w 2010 roku. I od tego roku cz\u0142onkowie naszego Ko\u0142a obchodz\u0105 to \u015bwi\u0119to razem z wieloma osobami na ca\u0142ym \u015bwiecie, kt\u00f3rym bliskie s\u0105 idee ekologiczne.<\/p>\n<p>Tak si\u0119 z\u0142o\u017cy\u0142o, \u017ce sobotni rajd \u00a0odbywa\u0142 si\u0119 w\u0142asnie 22 kwietnia. Przeszli\u015bmy z Dajtek do Starego Dworu \u00a0a nast\u0119pnie do Olsztyna tras\u0119 ok 8 km. W czasie odpoczynku, pod zaprzyja\u017anion\u0105 wiat\u0105 w Le\u015bnictwie Stary Dw\u00f3r odby\u0142 si\u0119 konkurs przygotowany przez Zosi\u0119 Romanowsk\u0105 i Waldka Chrzanowskiego. Pytania nie by\u0142y \u0142atwe, ale &#8230;..okaza\u0142o si\u0119,\u017ce przez 8 lat wyk\u0142ad\u00f3w w RDLP w Olsztynie, wiele wiadomo\u015bci zosta\u0142o nam w pami\u0119ci. \u00a0A najlepsz\u0105 wiedz\u0105 wykazali si\u0119 Czes\u0142aw Bu\u0144kowski, Ryszarda Wiejek i Ryszard Chudziakiewicz. Otrzymali nagrody ksi\u0105\u017ckowe. Gratulujemy!<\/p>\n<p>&nbsp;<\/p>\n","protected":false},"excerpt":{"rendered":"<p>22 kwietnia 2017 roku cz\u0142onkowie Ko\u0142a Mi\u0142o\u015bnik\u00f3w Lasu i Militari\u00f3w LOK przy ATW w Olsztynie, podczas rajdu po lasach kudypskich obchodzili Dzie\u0144 Ziemi. R\u00f3wnonoc wiosenna Dzie\u0144 Ziemi obchodzony jest w momencie r\u00f3wnowago wiosennej\u00a0na p\u00f3\u0142kuli p\u00f3\u0142nocnej, czyli w dniu r\u00f3wnowagi jesiennej\u00a0na p\u00f3\u0142kuli po\u0142udniowej. Ten dzie\u0144 wyr\u00f3\u017cnia si\u0119 tym, \u017ce na ca\u0142ej planecie dzie\u0144\u00a0trwa tyle samo, co [&hellip;]<\/p>\n","protected":false},"author":2,"featured_media":0,"comment_status":"open","ping_status":"open","sticky":false,"template":"","format":"standard","meta":{"footnotes":""},"categories":[1,9,15,2],"tags":[],"class_list":["post-3603","post","type-post","status-publish","format-standard","hentry","category-bez-kategorii","category-ciekawostki","category-komkurs","category-rajdy"],"_links":{"self":[{"href":"https:\/\/www.milosnicylasu.olsztyn.pl\/index.php?rest_route=\/wp\/v2\/posts\/3603","targetHints":{"allow":["GET"]}}],"collection":[{"href":"https:\/\/www.milosnicylasu.olsztyn.pl\/index.php?rest_route=\/wp\/v2\/posts"}],"about":[{"href":"https:\/\/www.milosnicylasu.olsztyn.pl\/index.php?rest_route=\/wp\/v2\/types\/post"}],"author":[{"embeddable":true,"href":"https:\/\/www.milosnicylasu.olsztyn.pl\/index.php?rest_route=\/wp\/v2\/users\/2"}],"replies":[{"embeddable":true,"href":"https:\/\/www.milosnicylasu.olsztyn.pl\/index.php?rest_route=%2Fwp%2Fv2%2Fcomments&post=3603"}],"version-history":[{"count":5,"href":"https:\/\/www.milosnicylasu.olsztyn.pl\/index.php?rest_route=\/wp\/v2\/posts\/3603\/revisions"}],"predecessor-version":[{"id":3612,"href":"https:\/\/www.milosnicylasu.olsztyn.pl\/index.php?rest_route=\/wp\/v2\/posts\/3603\/revisions\/3612"}],"wp:attachment":[{"href":"https:\/\/www.milosnicylasu.olsztyn.pl\/index.php?rest_route=%2Fwp%2Fv2%2Fmedia&parent=3603"}],"wp:term":[{"taxonomy":"category","embeddable":true,"href":"https:\/\/www.milosnicylasu.olsztyn.pl\/index.php?rest_route=%2Fwp%2Fv2%2Fcategories&post=3603"},{"taxonomy":"post_tag","embeddable":true,"href":"https:\/\/www.milosnicylasu.olsztyn.pl\/index.php?rest_route=%2Fwp%2Fv2%2Ftags&post=3603"}],"curies":[{"name":"wp","href":"https:\/\/api.w.org\/{rel}","templated":true}]}}