{"id":3614,"date":"2017-05-03T08:52:08","date_gmt":"2017-05-03T06:52:08","guid":{"rendered":"http:\/\/www.milosnicylasu.olsztyn.pl\/?p=3614"},"modified":"2017-05-07T16:12:50","modified_gmt":"2017-05-07T14:12:50","slug":"szlakiem-dworow-palacow-kosciolow","status":"publish","type":"post","link":"https:\/\/www.milosnicylasu.olsztyn.pl\/?p=3614","title":{"rendered":"Szlakiem dwor\u00f3w, pa\u0142ac\u00f3w, ko\u015bcio\u0142\u00f3w"},"content":{"rendered":"<p>29 kwietnia 2017 roku, prezes naszego Ko\u0142a Anatol leszczy\u0144ski zaprosi\u0142 nas na kolejn\u0105 w\u0119dr\u00f3wk\u0119, w czasie kt\u00f3rej poznali\u015bmy kawa\u0142ek lokalnej historii. \u00a0W programie wycieczki za\u0142o\u017cono zwiedzenie 11 obiekt\u00f3w. Bardzo szkoda, \u017ce wiele z nich jest w op\u0142akanym stanie, szczeg\u00f3lnie je\u015bli chodzi o dwory i pa\u0142ace. Ko\u015bcio\u0142y, kt\u00f3re mia\u0142y wiernych i dobrych ksi\u0119\u017cy s\u0105 w ca\u0142kiem dobrej kondycji. Poni\u017cej kilka miejsc, kt\u00f3re zwiedzili\u015bmy.<\/p>\n<p><a href=\"http:\/\/www.milosnicylasu.olsztyn.pl\/wp-content\/uploads\/2017\/05\/DSCN0680-www.jpg\" rel=\"attachment wp-att-3615\" data-rel=\"lightbox-image-0\" data-magnific_type=\"image\" data-rl_title=\"\" data-rl_caption=\"\" title=\"\"><img loading=\"lazy\" decoding=\"async\" class=\"size-medium wp-image-3615 alignleft\" src=\"http:\/\/www.milosnicylasu.olsztyn.pl\/wp-content\/uploads\/2017\/05\/DSCN0680-www-300x225.jpg\" alt=\"DSCN0680-www\" width=\"300\" height=\"225\" srcset=\"https:\/\/www.milosnicylasu.olsztyn.pl\/wp-content\/uploads\/2017\/05\/DSCN0680-www-300x225.jpg 300w, https:\/\/www.milosnicylasu.olsztyn.pl\/wp-content\/uploads\/2017\/05\/DSCN0680-www-768x576.jpg 768w, https:\/\/www.milosnicylasu.olsztyn.pl\/wp-content\/uploads\/2017\/05\/DSCN0680-www.jpg 1024w, https:\/\/www.milosnicylasu.olsztyn.pl\/wp-content\/uploads\/2017\/05\/DSCN0680-www-400x300.jpg 400w\" sizes=\"auto, (max-width: 300px) 100vw, 300px\" \/><\/a>Nasz\u0105 w\u0119dr\u00f3wk\u0119 zacz\u0119li\u015bmy od \u00a0 Mor\u0105ga \u00a0 i\u00a0<strong>\u00a0Pa\u0142acu Dohn\u00f3w. <a href=\"http:\/\/www.milosnicylasu.olsztyn.pl\/wp-content\/uploads\/2017\/05\/IMG_0695-www.jpg\" rel=\"attachment wp-att-3633\" data-rel=\"lightbox-image-1\" data-magnific_type=\"image\" data-rl_title=\"\" data-rl_caption=\"\" title=\"\"><img loading=\"lazy\" decoding=\"async\" class=\"size-medium wp-image-3633 alignright\" src=\"http:\/\/www.milosnicylasu.olsztyn.pl\/wp-content\/uploads\/2017\/05\/IMG_0695-www-300x200.jpg\" alt=\"IMG_0695-www\" width=\"300\" height=\"200\" srcset=\"https:\/\/www.milosnicylasu.olsztyn.pl\/wp-content\/uploads\/2017\/05\/IMG_0695-www-300x200.jpg 300w, https:\/\/www.milosnicylasu.olsztyn.pl\/wp-content\/uploads\/2017\/05\/IMG_0695-www-768x512.jpg 768w, https:\/\/www.milosnicylasu.olsztyn.pl\/wp-content\/uploads\/2017\/05\/IMG_0695-www.jpg 1024w, https:\/\/www.milosnicylasu.olsztyn.pl\/wp-content\/uploads\/2017\/05\/IMG_0695-www-450x300.jpg 450w\" sizes=\"auto, (max-width: 300px) 100vw, 300px\" \/><\/a><\/strong><\/p>\n<p>&nbsp;<\/p>\n<p>&nbsp;<\/p>\n<p>&nbsp;<\/p>\n<p>Pa\u0142ac wraz z niewielkim zespo\u0142em parkowym wybudowany zosta\u0142 w latach 1562 &#8211; 71 w stylu barokowym, jako miejska rezydencja pruskiego\u00a0rodu szlacheckiego\u00a0zu \u00a0Dohna. Pa\u0142ac wielokrotnie przebudowywany.<\/p>\n<p><a href=\"http:\/\/www.milosnicylasu.olsztyn.pl\/wp-content\/uploads\/2017\/05\/DSCN0908-www.jpg\" rel=\"attachment wp-att-3616\" data-rel=\"lightbox-image-2\" data-magnific_type=\"image\" data-rl_title=\"\" data-rl_caption=\"\" title=\"\"><img loading=\"lazy\" decoding=\"async\" class=\"size-medium wp-image-3616 alignright\" src=\"http:\/\/www.milosnicylasu.olsztyn.pl\/wp-content\/uploads\/2017\/05\/DSCN0908-www-300x225.jpg\" alt=\"DSCN0908-www\" width=\"300\" height=\"225\" srcset=\"https:\/\/www.milosnicylasu.olsztyn.pl\/wp-content\/uploads\/2017\/05\/DSCN0908-www-300x225.jpg 300w, https:\/\/www.milosnicylasu.olsztyn.pl\/wp-content\/uploads\/2017\/05\/DSCN0908-www-768x576.jpg 768w, https:\/\/www.milosnicylasu.olsztyn.pl\/wp-content\/uploads\/2017\/05\/DSCN0908-www.jpg 1024w, https:\/\/www.milosnicylasu.olsztyn.pl\/wp-content\/uploads\/2017\/05\/DSCN0908-www-400x300.jpg 400w\" sizes=\"auto, (max-width: 300px) 100vw, 300px\" \/><\/a><\/p>\n<p>&nbsp;<\/p>\n<p>&nbsp;<\/p>\n<p>Obecnie mie\u015bci si\u0119 w nim Muzeum im. Johanna Gottfrieda Herdera. Dzi\u0119ki Pani kustosz, kt\u00f3ra oprowadza\u0142a nas po muzeum, du\u017co dowiedzieli\u015bmy si\u0119 o historii w\u0142a\u015bcicieli pa\u0142acu i przesz\u0142ych dziejach\u00a0teren\u00f3w, na kt\u00f3rych \u00a0my obecnie \u017cyjemy.<\/p>\n<p>&nbsp;<\/p>\n<p><strong>Sambr\u00f3d<\/strong><\/p>\n<p><a href=\"http:\/\/www.milosnicylasu.olsztyn.pl\/wp-content\/uploads\/2017\/05\/DSCN0686-www.jpg\" rel=\"attachment wp-att-3617\" data-rel=\"lightbox-image-3\" data-magnific_type=\"image\" data-rl_title=\"\" data-rl_caption=\"\" title=\"\"><img loading=\"lazy\" decoding=\"async\" class=\"size-medium wp-image-3617 alignleft\" src=\"http:\/\/www.milosnicylasu.olsztyn.pl\/wp-content\/uploads\/2017\/05\/DSCN0686-www-300x225.jpg\" alt=\"DSCN0686-www\" width=\"300\" height=\"225\" srcset=\"https:\/\/www.milosnicylasu.olsztyn.pl\/wp-content\/uploads\/2017\/05\/DSCN0686-www-300x225.jpg 300w, https:\/\/www.milosnicylasu.olsztyn.pl\/wp-content\/uploads\/2017\/05\/DSCN0686-www-768x576.jpg 768w, https:\/\/www.milosnicylasu.olsztyn.pl\/wp-content\/uploads\/2017\/05\/DSCN0686-www.jpg 1024w, https:\/\/www.milosnicylasu.olsztyn.pl\/wp-content\/uploads\/2017\/05\/DSCN0686-www-400x300.jpg 400w\" sizes=\"auto, (max-width: 300px) 100vw, 300px\" \/><\/a><\/p>\n<p>&nbsp;<\/p>\n<p>Ko\u015bci\u00f3\u0142 pw. Naj\u015bwi\u0119tszego Serca Pana Jezusa. Czas powstania 1739-1741. Ko\u015bci\u00f3\u0142 ufundowany przez Franciszka Ludwika Dohna. Mie\u015bci si\u0119 on w skrzydle dawnego niedoko\u0144czonego pa\u0142acu. Kosci\u00f3\u0142 funkcjonuje jako filialny.<\/p>\n<p><strong>Zajezierze<\/strong><\/p>\n<p><a href=\"http:\/\/www.milosnicylasu.olsztyn.pl\/wp-content\/uploads\/2017\/05\/DSCN0690-www.jpg\" rel=\"attachment wp-att-3618\" data-rel=\"lightbox-image-4\" data-magnific_type=\"image\" data-rl_title=\"\" data-rl_caption=\"\" title=\"\"><img loading=\"lazy\" decoding=\"async\" class=\"size-medium wp-image-3618 alignright\" src=\"http:\/\/www.milosnicylasu.olsztyn.pl\/wp-content\/uploads\/2017\/05\/DSCN0690-www-300x225.jpg\" alt=\"DSCN0690-www\" width=\"300\" height=\"225\" srcset=\"https:\/\/www.milosnicylasu.olsztyn.pl\/wp-content\/uploads\/2017\/05\/DSCN0690-www-300x225.jpg 300w, https:\/\/www.milosnicylasu.olsztyn.pl\/wp-content\/uploads\/2017\/05\/DSCN0690-www-768x576.jpg 768w, https:\/\/www.milosnicylasu.olsztyn.pl\/wp-content\/uploads\/2017\/05\/DSCN0690-www.jpg 1024w, https:\/\/www.milosnicylasu.olsztyn.pl\/wp-content\/uploads\/2017\/05\/DSCN0690-www-400x300.jpg 400w\" sizes=\"auto, (max-width: 300px) 100vw, 300px\" \/><\/a>Ko\u015bci\u00f3\u0142 \u00a0p.w. Wniebowst\u0105pienia NMP. Ko\u015bci\u00f3\u0142 zbudowany w 1656 roku, jako ko\u015bci\u00f3\u0142 protestancki pw. Piotra i Paw\u0142a. Z tego roku pochodzi g\u0142\u00f3wny o\u0142tarz. Ko\u015bci\u00f3\u0142 przebudowany w 1886 roku. Po 1945 roku przej\u0119ty przez obrz\u0105dek katolicki.<\/p>\n<p>&nbsp;<\/p>\n<p><strong>Pa\u0142acyk w Zajezierzu<\/strong><\/p>\n<p><a href=\"http:\/\/www.milosnicylasu.olsztyn.pl\/wp-content\/uploads\/2017\/05\/DSCN0704-www-1.jpg\" rel=\"attachment wp-att-3622\" data-rel=\"lightbox-image-5\" data-magnific_type=\"image\" data-rl_title=\"\" data-rl_caption=\"\" title=\"\"><img loading=\"lazy\" decoding=\"async\" class=\"size-medium wp-image-3622 alignright\" src=\"http:\/\/www.milosnicylasu.olsztyn.pl\/wp-content\/uploads\/2017\/05\/DSCN0704-www-1-300x225.jpg\" alt=\"DSCN0704-www\" width=\"300\" height=\"225\" srcset=\"https:\/\/www.milosnicylasu.olsztyn.pl\/wp-content\/uploads\/2017\/05\/DSCN0704-www-1-300x225.jpg 300w, https:\/\/www.milosnicylasu.olsztyn.pl\/wp-content\/uploads\/2017\/05\/DSCN0704-www-1-768x576.jpg 768w, https:\/\/www.milosnicylasu.olsztyn.pl\/wp-content\/uploads\/2017\/05\/DSCN0704-www-1.jpg 1024w, https:\/\/www.milosnicylasu.olsztyn.pl\/wp-content\/uploads\/2017\/05\/DSCN0704-www-1-400x300.jpg 400w\" sizes=\"auto, (max-width: 300px) 100vw, 300px\" \/><\/a><\/p>\n<p>&nbsp;<\/p>\n<p>Obecny krzta\u0142t zawdzi\u0119czamy przebudowie \u00a0na prze\u0142omie dziewi\u0119tnastego i dwudziestego wieku<\/p>\n<p><strong>\u00a0<\/strong><\/p>\n<p>&nbsp;<\/p>\n<p><strong>Jarno\u0142towo<\/strong><\/p>\n<p><a href=\"http:\/\/www.milosnicylasu.olsztyn.pl\/wp-content\/uploads\/2017\/05\/DSCN0703www.jpg\" rel=\"attachment wp-att-3619\" data-rel=\"lightbox-image-6\" data-magnific_type=\"image\" data-rl_title=\"\" data-rl_caption=\"\" title=\"\"><img loading=\"lazy\" decoding=\"async\" class=\"size-medium wp-image-3619 alignleft\" src=\"http:\/\/www.milosnicylasu.olsztyn.pl\/wp-content\/uploads\/2017\/05\/DSCN0703www-300x225.jpg\" alt=\"DSCN0703=www\" width=\"300\" height=\"225\" srcset=\"https:\/\/www.milosnicylasu.olsztyn.pl\/wp-content\/uploads\/2017\/05\/DSCN0703www-300x225.jpg 300w, https:\/\/www.milosnicylasu.olsztyn.pl\/wp-content\/uploads\/2017\/05\/DSCN0703www-768x576.jpg 768w, https:\/\/www.milosnicylasu.olsztyn.pl\/wp-content\/uploads\/2017\/05\/DSCN0703www.jpg 1024w, https:\/\/www.milosnicylasu.olsztyn.pl\/wp-content\/uploads\/2017\/05\/DSCN0703www-400x300.jpg 400w\" sizes=\"auto, (max-width: 300px) 100vw, 300px\" \/><\/a><\/p>\n<p>&nbsp;<\/p>\n<p>Ko\u015bci\u00f3\u0142 pw. Chrystusa Kr\u00f3la. Ko\u015bci\u00f3\u0142 parafialny, gotycki, murowany, wzniesiony w 1329 roku, rozbudowany w 1390. Spalony w 1870 roku, odbudowany w 1878 roku.<\/p>\n<p><a href=\"http:\/\/www.milosnicylasu.olsztyn.pl\/wp-content\/uploads\/2017\/05\/DSCN0700-www.jpg\" rel=\"attachment wp-att-3620\" data-rel=\"lightbox-image-7\" data-magnific_type=\"image\" data-rl_title=\"\" data-rl_caption=\"\" title=\"\"><img loading=\"lazy\" decoding=\"async\" class=\"size-medium wp-image-3620 alignright\" src=\"http:\/\/www.milosnicylasu.olsztyn.pl\/wp-content\/uploads\/2017\/05\/DSCN0700-www-300x225.jpg\" alt=\"DSCN0700-www\" width=\"300\" height=\"225\" srcset=\"https:\/\/www.milosnicylasu.olsztyn.pl\/wp-content\/uploads\/2017\/05\/DSCN0700-www-300x225.jpg 300w, https:\/\/www.milosnicylasu.olsztyn.pl\/wp-content\/uploads\/2017\/05\/DSCN0700-www-768x576.jpg 768w, https:\/\/www.milosnicylasu.olsztyn.pl\/wp-content\/uploads\/2017\/05\/DSCN0700-www.jpg 1024w, https:\/\/www.milosnicylasu.olsztyn.pl\/wp-content\/uploads\/2017\/05\/DSCN0700-www-400x300.jpg 400w\" sizes=\"auto, (max-width: 300px) 100vw, 300px\" \/><\/a><\/p>\n<p>&nbsp;<\/p>\n<p>&nbsp;<\/p>\n<p>W Jarno\u0142towie przebywa\u0142 wybitny filozof Emanuel Kant, kt\u00f3ry uczy\u0142 dzieci Jerzego Fryderyka Hulsena. Na pami\u0105tk\u0105 tych czas\u00f3w, w miejscowo\u015bci \u00a0jest tablica i rze\u017aba uczonego.<\/p>\n<p>&nbsp;<\/p>\n<p><strong>Dw\u00f3r i cmentarz w Drynkach<\/strong><\/p>\n<p><a href=\"http:\/\/www.milosnicylasu.olsztyn.pl\/wp-content\/uploads\/2017\/05\/DSCN0706-www.jpg\" rel=\"attachment wp-att-3623\" data-rel=\"lightbox-image-8\" data-magnific_type=\"image\" data-rl_title=\"\" data-rl_caption=\"\" title=\"\"><img loading=\"lazy\" decoding=\"async\" class=\"alignnone size-medium wp-image-3623\" src=\"http:\/\/www.milosnicylasu.olsztyn.pl\/wp-content\/uploads\/2017\/05\/DSCN0706-www-300x225.jpg\" alt=\"DSCN0706-www\" width=\"300\" height=\"225\" srcset=\"https:\/\/www.milosnicylasu.olsztyn.pl\/wp-content\/uploads\/2017\/05\/DSCN0706-www-300x225.jpg 300w, https:\/\/www.milosnicylasu.olsztyn.pl\/wp-content\/uploads\/2017\/05\/DSCN0706-www-768x576.jpg 768w, https:\/\/www.milosnicylasu.olsztyn.pl\/wp-content\/uploads\/2017\/05\/DSCN0706-www.jpg 1024w, https:\/\/www.milosnicylasu.olsztyn.pl\/wp-content\/uploads\/2017\/05\/DSCN0706-www-400x300.jpg 400w\" sizes=\"auto, (max-width: 300px) 100vw, 300px\" \/><\/a><a href=\"http:\/\/www.milosnicylasu.olsztyn.pl\/wp-content\/uploads\/2017\/05\/DSCN0709-www.jpg\" rel=\"attachment wp-att-3624\" data-rel=\"lightbox-image-9\" data-magnific_type=\"image\" data-rl_title=\"\" data-rl_caption=\"\" title=\"\"><img loading=\"lazy\" decoding=\"async\" class=\"alignnone size-medium wp-image-3624\" src=\"http:\/\/www.milosnicylasu.olsztyn.pl\/wp-content\/uploads\/2017\/05\/DSCN0709-www-300x225.jpg\" alt=\"DSCN0709-www\" width=\"300\" height=\"225\" srcset=\"https:\/\/www.milosnicylasu.olsztyn.pl\/wp-content\/uploads\/2017\/05\/DSCN0709-www-300x225.jpg 300w, https:\/\/www.milosnicylasu.olsztyn.pl\/wp-content\/uploads\/2017\/05\/DSCN0709-www-768x576.jpg 768w, https:\/\/www.milosnicylasu.olsztyn.pl\/wp-content\/uploads\/2017\/05\/DSCN0709-www.jpg 1024w, https:\/\/www.milosnicylasu.olsztyn.pl\/wp-content\/uploads\/2017\/05\/DSCN0709-www-400x300.jpg 400w\" sizes=\"auto, (max-width: 300px) 100vw, 300px\" \/><\/a><\/p>\n<p><strong>B\u0105dki Neogotycki dw\u00f3r 1868-1870<a href=\"http:\/\/www.milosnicylasu.olsztyn.pl\/wp-content\/uploads\/2017\/05\/DSCN0716-www.jpg\" rel=\"attachment wp-att-3626\" data-rel=\"lightbox-image-10\" data-magnific_type=\"image\" data-rl_title=\"\" data-rl_caption=\"\" title=\"\"><img loading=\"lazy\" decoding=\"async\" class=\"size-medium wp-image-3626 alignright\" src=\"http:\/\/www.milosnicylasu.olsztyn.pl\/wp-content\/uploads\/2017\/05\/DSCN0716-www-300x225.jpg\" alt=\"DSCN0716-www\" width=\"300\" height=\"225\" srcset=\"https:\/\/www.milosnicylasu.olsztyn.pl\/wp-content\/uploads\/2017\/05\/DSCN0716-www-300x225.jpg 300w, https:\/\/www.milosnicylasu.olsztyn.pl\/wp-content\/uploads\/2017\/05\/DSCN0716-www-768x576.jpg 768w, https:\/\/www.milosnicylasu.olsztyn.pl\/wp-content\/uploads\/2017\/05\/DSCN0716-www.jpg 1024w, https:\/\/www.milosnicylasu.olsztyn.pl\/wp-content\/uploads\/2017\/05\/DSCN0716-www-400x300.jpg 400w\" sizes=\"auto, (max-width: 300px) 100vw, 300px\" \/><\/a><\/strong><\/p>\n<p>Obej\u015bcie dworu wzorowane na szkockich wzorach, liczne aleje, k\u0119py drzew, szpalery. Ca\u0142o\u015b\u0107 nawi\u0105zuje do architektury zamk\u00f3w krzy\u017cackich.<\/p>\n<p>&nbsp;<\/p>\n<p>&nbsp;<\/p>\n<p>&nbsp;<\/p>\n<p><strong>Wielki Dw\u00f3r<\/strong><a href=\"http:\/\/www.milosnicylasu.olsztyn.pl\/wp-content\/uploads\/2017\/05\/DSCN0720-www.jpg\" rel=\"attachment wp-att-3629\" data-rel=\"lightbox-image-11\" data-magnific_type=\"image\" data-rl_title=\"\" data-rl_caption=\"\" title=\"\"><img loading=\"lazy\" decoding=\"async\" class=\"size-medium wp-image-3629 alignleft\" src=\"http:\/\/www.milosnicylasu.olsztyn.pl\/wp-content\/uploads\/2017\/05\/DSCN0720-www-300x225.jpg\" alt=\"DSCN0720-www\" width=\"300\" height=\"225\" srcset=\"https:\/\/www.milosnicylasu.olsztyn.pl\/wp-content\/uploads\/2017\/05\/DSCN0720-www-300x225.jpg 300w, https:\/\/www.milosnicylasu.olsztyn.pl\/wp-content\/uploads\/2017\/05\/DSCN0720-www-768x576.jpg 768w, https:\/\/www.milosnicylasu.olsztyn.pl\/wp-content\/uploads\/2017\/05\/DSCN0720-www.jpg 1024w, https:\/\/www.milosnicylasu.olsztyn.pl\/wp-content\/uploads\/2017\/05\/DSCN0720-www-400x300.jpg 400w\" sizes=\"auto, (max-width: 300px) 100vw, 300px\" \/><\/a><\/p>\n<p>&nbsp;<\/p>\n<p>Dawne za\u0142o\u017cenie dworsko-parkowe z cz\u0119\u015bci\u0105 gospodarcz\u0105 pochodzi z XIX wieku, wraz z folwarkiem pomocniczym. Obecnie jest w\u0142asno\u015bci\u0105 prywatn\u0105.<\/p>\n<p>&nbsp;<\/p>\n<p>&nbsp;<\/p>\n","protected":false},"excerpt":{"rendered":"<p>29 kwietnia 2017 roku, prezes naszego Ko\u0142a Anatol leszczy\u0144ski zaprosi\u0142 nas na kolejn\u0105 w\u0119dr\u00f3wk\u0119, w czasie kt\u00f3rej poznali\u015bmy kawa\u0142ek lokalnej historii. \u00a0W programie wycieczki za\u0142o\u017cono zwiedzenie 11 obiekt\u00f3w. Bardzo szkoda, \u017ce wiele z nich jest w op\u0142akanym stanie, szczeg\u00f3lnie je\u015bli chodzi o dwory i pa\u0142ace. Ko\u015bcio\u0142y, kt\u00f3re mia\u0142y wiernych i dobrych ksi\u0119\u017cy s\u0105 w ca\u0142kiem [&hellip;]<\/p>\n","protected":false},"author":2,"featured_media":0,"comment_status":"open","ping_status":"open","sticky":false,"template":"","format":"standard","meta":{"footnotes":""},"categories":[1,9,5],"tags":[],"class_list":["post-3614","post","type-post","status-publish","format-standard","hentry","category-bez-kategorii","category-ciekawostki","category-wycieczki"],"_links":{"self":[{"href":"https:\/\/www.milosnicylasu.olsztyn.pl\/index.php?rest_route=\/wp\/v2\/posts\/3614","targetHints":{"allow":["GET"]}}],"collection":[{"href":"https:\/\/www.milosnicylasu.olsztyn.pl\/index.php?rest_route=\/wp\/v2\/posts"}],"about":[{"href":"https:\/\/www.milosnicylasu.olsztyn.pl\/index.php?rest_route=\/wp\/v2\/types\/post"}],"author":[{"embeddable":true,"href":"https:\/\/www.milosnicylasu.olsztyn.pl\/index.php?rest_route=\/wp\/v2\/users\/2"}],"replies":[{"embeddable":true,"href":"https:\/\/www.milosnicylasu.olsztyn.pl\/index.php?rest_route=%2Fwp%2Fv2%2Fcomments&post=3614"}],"version-history":[{"count":6,"href":"https:\/\/www.milosnicylasu.olsztyn.pl\/index.php?rest_route=\/wp\/v2\/posts\/3614\/revisions"}],"predecessor-version":[{"id":3634,"href":"https:\/\/www.milosnicylasu.olsztyn.pl\/index.php?rest_route=\/wp\/v2\/posts\/3614\/revisions\/3634"}],"wp:attachment":[{"href":"https:\/\/www.milosnicylasu.olsztyn.pl\/index.php?rest_route=%2Fwp%2Fv2%2Fmedia&parent=3614"}],"wp:term":[{"taxonomy":"category","embeddable":true,"href":"https:\/\/www.milosnicylasu.olsztyn.pl\/index.php?rest_route=%2Fwp%2Fv2%2Fcategories&post=3614"},{"taxonomy":"post_tag","embeddable":true,"href":"https:\/\/www.milosnicylasu.olsztyn.pl\/index.php?rest_route=%2Fwp%2Fv2%2Ftags&post=3614"}],"curies":[{"name":"wp","href":"https:\/\/api.w.org\/{rel}","templated":true}]}}