{"id":3635,"date":"2017-05-08T07:32:32","date_gmt":"2017-05-08T05:32:32","guid":{"rendered":"http:\/\/www.milosnicylasu.olsztyn.pl\/?p=3635"},"modified":"2017-05-08T08:05:13","modified_gmt":"2017-05-08T06:05:13","slug":"czy-rosliny-czuja","status":"publish","type":"post","link":"https:\/\/www.milosnicylasu.olsztyn.pl\/?p=3635","title":{"rendered":"Czy ro\u015bliny czuj\u0105?"},"content":{"rendered":"<p><a href=\"http:\/\/www.milosnicylasu.olsztyn.pl\/wp-content\/uploads\/2017\/05\/DSCN0959-www.jpg\" rel=\"attachment wp-att-3636\" data-rel=\"lightbox-image-0\" data-magnific_type=\"image\" data-rl_title=\"\" data-rl_caption=\"\" title=\"\"><img loading=\"lazy\" decoding=\"async\" class=\"size-medium wp-image-3636 alignleft\" src=\"http:\/\/www.milosnicylasu.olsztyn.pl\/wp-content\/uploads\/2017\/05\/DSCN0959-www-300x225.jpg\" alt=\"DSCN0959-www\" width=\"300\" height=\"225\" srcset=\"https:\/\/www.milosnicylasu.olsztyn.pl\/wp-content\/uploads\/2017\/05\/DSCN0959-www-300x225.jpg 300w, https:\/\/www.milosnicylasu.olsztyn.pl\/wp-content\/uploads\/2017\/05\/DSCN0959-www-768x576.jpg 768w, https:\/\/www.milosnicylasu.olsztyn.pl\/wp-content\/uploads\/2017\/05\/DSCN0959-www.jpg 1024w, https:\/\/www.milosnicylasu.olsztyn.pl\/wp-content\/uploads\/2017\/05\/DSCN0959-www-400x300.jpg 400w\" sizes=\"auto, (max-width: 300px) 100vw, 300px\" \/><\/a><\/p>\n<p>O wielu ciekawych w\u0142a\u015bciwo\u015bciach ro\u015blin mogli\u015bmy si\u0119 do wiedzie\u0107 podczas kolejnego czwartku ekologicznego w RDLP w Olsztynie.<a href=\"http:\/\/www.milosnicylasu.olsztyn.pl\/wp-content\/uploads\/2017\/05\/DSCN0960-www.jpg\" rel=\"attachment wp-att-3637\" data-rel=\"lightbox-image-1\" data-magnific_type=\"image\" data-rl_title=\"\" data-rl_caption=\"\" title=\"\"><img loading=\"lazy\" decoding=\"async\" class=\"size-medium wp-image-3637 alignright\" src=\"http:\/\/www.milosnicylasu.olsztyn.pl\/wp-content\/uploads\/2017\/05\/DSCN0960-www-300x225.jpg\" alt=\"DSCN0960-www\" width=\"300\" height=\"225\" srcset=\"https:\/\/www.milosnicylasu.olsztyn.pl\/wp-content\/uploads\/2017\/05\/DSCN0960-www-300x225.jpg 300w, https:\/\/www.milosnicylasu.olsztyn.pl\/wp-content\/uploads\/2017\/05\/DSCN0960-www-768x576.jpg 768w, https:\/\/www.milosnicylasu.olsztyn.pl\/wp-content\/uploads\/2017\/05\/DSCN0960-www.jpg 1024w, https:\/\/www.milosnicylasu.olsztyn.pl\/wp-content\/uploads\/2017\/05\/DSCN0960-www-400x300.jpg 400w\" sizes=\"auto, (max-width: 300px) 100vw, 300px\" \/><\/a><\/p>\n<p>&nbsp;<\/p>\n<p>&nbsp;<\/p>\n<p>&nbsp;<\/p>\n<p>&nbsp;<\/p>\n<p>Wspania\u0142y wyk\u0142ad przedstawi\u0142 Pan Andrzej Sobania. Dzi\u0119kujemy, liczymy na nast\u0119pne ciekawe wyk\u0142ady.<\/p>\n<p>&nbsp;<\/p>\n<p><a href=\"http:\/\/www.milosnicylasu.olsztyn.pl\/wp-content\/uploads\/2017\/05\/DSCN0957-www.jpg\" rel=\"attachment wp-att-3639\" data-rel=\"lightbox-image-2\" data-magnific_type=\"image\" data-rl_title=\"\" data-rl_caption=\"\" title=\"\"><img loading=\"lazy\" decoding=\"async\" class=\"size-medium wp-image-3639 alignleft\" src=\"http:\/\/www.milosnicylasu.olsztyn.pl\/wp-content\/uploads\/2017\/05\/DSCN0957-www-300x225.jpg\" alt=\"DSCN0957-www\" width=\"300\" height=\"225\" srcset=\"https:\/\/www.milosnicylasu.olsztyn.pl\/wp-content\/uploads\/2017\/05\/DSCN0957-www-300x225.jpg 300w, https:\/\/www.milosnicylasu.olsztyn.pl\/wp-content\/uploads\/2017\/05\/DSCN0957-www-768x576.jpg 768w, https:\/\/www.milosnicylasu.olsztyn.pl\/wp-content\/uploads\/2017\/05\/DSCN0957-www.jpg 1024w, https:\/\/www.milosnicylasu.olsztyn.pl\/wp-content\/uploads\/2017\/05\/DSCN0957-www-400x300.jpg 400w\" sizes=\"auto, (max-width: 300px) 100vw, 300px\" \/><\/a>Podczas spotkania mogli\u015bmy podziwia\u0107 akwarelowe prace Barbary Kowalewskiej. Dzi\u0119kujemy Basi i gratulujemy wielkiego talentu i pracowito\u015bci. \u00a0<a href=\"http:\/\/www.milosnicylasu.olsztyn.pl\/wp-content\/uploads\/2017\/05\/DSCN0958-www.jpg\" rel=\"attachment wp-att-3641\" data-rel=\"lightbox-image-3\" data-magnific_type=\"image\" data-rl_title=\"\" data-rl_caption=\"\" title=\"\"><img loading=\"lazy\" decoding=\"async\" class=\"size-medium wp-image-3641 alignright\" src=\"http:\/\/www.milosnicylasu.olsztyn.pl\/wp-content\/uploads\/2017\/05\/DSCN0958-www-300x225.jpg\" alt=\"DSCN0958-www\" width=\"300\" height=\"225\" srcset=\"https:\/\/www.milosnicylasu.olsztyn.pl\/wp-content\/uploads\/2017\/05\/DSCN0958-www-300x225.jpg 300w, https:\/\/www.milosnicylasu.olsztyn.pl\/wp-content\/uploads\/2017\/05\/DSCN0958-www-768x576.jpg 768w, https:\/\/www.milosnicylasu.olsztyn.pl\/wp-content\/uploads\/2017\/05\/DSCN0958-www.jpg 1024w, https:\/\/www.milosnicylasu.olsztyn.pl\/wp-content\/uploads\/2017\/05\/DSCN0958-www-400x300.jpg 400w\" sizes=\"auto, (max-width: 300px) 100vw, 300px\" \/><\/a><\/p>\n<p>&nbsp;<\/p>\n<p>Przypominamy, \u017ce prace naszej kole\u017canki, przez wiele lat stanowi\u0142y podzi\u0119kowanie dla naszych wyk\u0142adowc\u00f3w, a z ich wypowiedzi wiemy ,\u017ce by\u0142y dla nich cenn\u0105 pami\u0105tk\u0105 tych spotka\u0144. Dzi\u0119kujemy Basiu i mo\u017ce tak&#8230;.. czasem &#8230;.jeszcze&#8230;&#8230;<\/p>\n<p>&nbsp;<\/p>\n<p>&nbsp;<\/p>\n<p>&nbsp;<\/p>\n<p>&nbsp;<\/p>\n","protected":false},"excerpt":{"rendered":"<p>O wielu ciekawych w\u0142a\u015bciwo\u015bciach ro\u015blin mogli\u015bmy si\u0119 do wiedzie\u0107 podczas kolejnego czwartku ekologicznego w RDLP w Olsztynie. &nbsp; &nbsp; &nbsp; &nbsp; Wspania\u0142y wyk\u0142ad przedstawi\u0142 Pan Andrzej Sobania. Dzi\u0119kujemy, liczymy na nast\u0119pne ciekawe wyk\u0142ady. &nbsp; Podczas spotkania mogli\u015bmy podziwia\u0107 akwarelowe prace Barbary Kowalewskiej. Dzi\u0119kujemy Basi i gratulujemy wielkiego talentu i pracowito\u015bci. \u00a0 &nbsp; Przypominamy, \u017ce prace [&hellip;]<\/p>\n","protected":false},"author":2,"featured_media":0,"comment_status":"open","ping_status":"open","sticky":false,"template":"","format":"standard","meta":{"footnotes":""},"categories":[1,9,11,3],"tags":[],"class_list":["post-3635","post","type-post","status-publish","format-standard","hentry","category-bez-kategorii","category-ciekawostki","category-spotkania-artystyczne","category-zebrania"],"_links":{"self":[{"href":"https:\/\/www.milosnicylasu.olsztyn.pl\/index.php?rest_route=\/wp\/v2\/posts\/3635","targetHints":{"allow":["GET"]}}],"collection":[{"href":"https:\/\/www.milosnicylasu.olsztyn.pl\/index.php?rest_route=\/wp\/v2\/posts"}],"about":[{"href":"https:\/\/www.milosnicylasu.olsztyn.pl\/index.php?rest_route=\/wp\/v2\/types\/post"}],"author":[{"embeddable":true,"href":"https:\/\/www.milosnicylasu.olsztyn.pl\/index.php?rest_route=\/wp\/v2\/users\/2"}],"replies":[{"embeddable":true,"href":"https:\/\/www.milosnicylasu.olsztyn.pl\/index.php?rest_route=%2Fwp%2Fv2%2Fcomments&post=3635"}],"version-history":[{"count":4,"href":"https:\/\/www.milosnicylasu.olsztyn.pl\/index.php?rest_route=\/wp\/v2\/posts\/3635\/revisions"}],"predecessor-version":[{"id":3649,"href":"https:\/\/www.milosnicylasu.olsztyn.pl\/index.php?rest_route=\/wp\/v2\/posts\/3635\/revisions\/3649"}],"wp:attachment":[{"href":"https:\/\/www.milosnicylasu.olsztyn.pl\/index.php?rest_route=%2Fwp%2Fv2%2Fmedia&parent=3635"}],"wp:term":[{"taxonomy":"category","embeddable":true,"href":"https:\/\/www.milosnicylasu.olsztyn.pl\/index.php?rest_route=%2Fwp%2Fv2%2Fcategories&post=3635"},{"taxonomy":"post_tag","embeddable":true,"href":"https:\/\/www.milosnicylasu.olsztyn.pl\/index.php?rest_route=%2Fwp%2Fv2%2Ftags&post=3635"}],"curies":[{"name":"wp","href":"https:\/\/api.w.org\/{rel}","templated":true}]}}