{"id":365,"date":"2013-05-17T08:04:11","date_gmt":"2013-05-17T06:04:11","guid":{"rendered":"http:\/\/www.milosnicylasu.olsztyn.pl\/?p=365"},"modified":"2013-11-17T20:07:37","modified_gmt":"2013-11-17T19:07:37","slug":"czwarta-rocznica-powstania-kola-2","status":"publish","type":"post","link":"https:\/\/www.milosnicylasu.olsztyn.pl\/?p=365","title":{"rendered":"Czwarta rocznica powstania Ko\u0142a"},"content":{"rendered":"<p><strong>15 maja 2013r obchodzili\u015bmy dwa \u015bwi\u0119ta : czwart\u0105 rocznic\u0119 powstania Ko\u0142a i Dzie\u0144 Niezapominajki. Sk\u0142adali\u015bmy \u017cyczenia imieninowe Zosi Siemianowskiej i Zosi Romanowskiej.<\/strong><\/p>\n<p><a href=\"http:\/\/www.milosnicylasu.olsztyn.pl\/wp-content\/uploads\/2013\/05\/P5150708-www.jpg\" data-rel=\"lightbox-image-0\" data-magnific_type=\"image\" data-rl_title=\"\" data-rl_caption=\"\" title=\"\"><img loading=\"lazy\" decoding=\"async\" class=\"alignleft size-medium wp-image-367\" alt=\"P5150708 -www\" src=\"http:\/\/www.milosnicylasu.olsztyn.pl\/wp-content\/uploads\/2013\/05\/P5150708-www-300x168.jpg\" width=\"300\" height=\"168\" srcset=\"https:\/\/www.milosnicylasu.olsztyn.pl\/wp-content\/uploads\/2013\/05\/P5150708-www-300x168.jpg 300w, https:\/\/www.milosnicylasu.olsztyn.pl\/wp-content\/uploads\/2013\/05\/P5150708-www-500x281.jpg 500w, https:\/\/www.milosnicylasu.olsztyn.pl\/wp-content\/uploads\/2013\/05\/P5150708-www.jpg 1024w\" sizes=\"auto, (max-width: 300px) 100vw, 300px\" \/><\/a>W pi\u0119knej scenerii wiosennego, olszty\u0144skiego lasu, na strzelnicy LOK w Olsztynie, obchodzili\u015bmy\u00a0 czwart\u0105 rocznic\u0119 powstania\u00a0 Ko\u0142a. Dopisa\u0142a pogoda, frekwencja i zaproszeni go\u015bcie: z Regionalnej Dyrekcji Las\u00f3w Pa\u0144stwowych w Olsztynie Arkadiusz Mrozowski i Andrzej Sobania, z Warmi\u0144sko-Mazurskiej Organizacji LOK Jan Szyd\u0142owski, Mariola Jarz\u0105bek, J\u00f3zef Klucz, Andrzej Bobi\u0144ski. Na pocz\u0105tku spotkania prezes Ko\u0142a Anatol Leszczy\u0144ski przywita\u0142 wszystkich przyby\u0142ych na nasz\u0105 uroczysto\u015b\u0107, podsumowa\u0142 prac\u0119 Ko\u0142a w ci\u0105gu minionego roku, podzi\u0119kowa\u0142 za pomoc w realizacji planu pracy zaprzyja\u017anionym instytucjom RDLP w Olsztynie i Warmi\u0144sko Mazurskiej Organizacji LOK. Podkre\u015bli\u0142, \u017ce bez tych przyjaci\u00f3\u0142\u00a0 dokonania by\u0142yby o wiele skromniejsze a wr\u0119cz niemo\u017cliwe do zrealizowania. Pan Arkadiusz Mrozowski oczyta\u0142 pismo gratulacyjne Dyrektora RDLP w Olsztynie Pana Jana Karetko.Us\u0142yszeli\u015bmy te\u017c wiele ciep\u0142ych s\u0142\u00f3w od\u00a0 Pana Jana Szyd\u0142owskiego,\u00a0 Dyrektora Warmi\u0144sko-Mazurskiej Organizacji LOK w Olsztynie.\u00a0<!--more--><a href=\"http:\/\/www.milosnicylasu.olsztyn.pl\/wp-content\/uploads\/2013\/05\/P5150714-www.jpg\" data-rel=\"lightbox-image-1\" data-magnific_type=\"image\" data-rl_title=\"\" data-rl_caption=\"\" title=\"\"><img loading=\"lazy\" decoding=\"async\" class=\"size-medium wp-image-369 alignright\" alt=\"P5150714 -www\" src=\"http:\/\/www.milosnicylasu.olsztyn.pl\/wp-content\/uploads\/2013\/05\/P5150714-www-300x168.jpg\" width=\"300\" height=\"168\" srcset=\"https:\/\/www.milosnicylasu.olsztyn.pl\/wp-content\/uploads\/2013\/05\/P5150714-www-300x168.jpg 300w, https:\/\/www.milosnicylasu.olsztyn.pl\/wp-content\/uploads\/2013\/05\/P5150714-www-500x281.jpg 500w, https:\/\/www.milosnicylasu.olsztyn.pl\/wp-content\/uploads\/2013\/05\/P5150714-www.jpg 1024w\" sizes=\"auto, (max-width: 300px) 100vw, 300px\" \/><\/a><!--more--> <!--more-->Nast\u0119pnie zosta\u0142y wr\u0119czone medale, odznaki i drobne upominki\u00a0 osobom wyr\u00f3\u017cniaj\u0105cym si\u0119 w pracy Ko\u0142a oraz przyjacio\u0142om: Panu Paw\u0142owi Artychowi z-cy Dyrektora RDLP w Olsztynie &#8211; srebrny medal &#8222;Za Zas\u0142ugi Dla Ligi Obrony Kraju, Panu Wies\u0142awowi Stachowiczowi\u00a0 oraz Panu Andrzejowi Sobania &#8211; br\u0105zowy medal &#8222;Za Zas\u0142ugi Dla Ligi Obrony Kraju&#8221; oraz medal zbiorowy Nadle\u015bnictwu Mi\u0142om\u0142yn &#8222;Za Zas\u0142ugi Dla Ligi Obrony Kraju&#8221;. Na zako\u0144czenie tej oficjalnej uroczysto\u015bci, z\u0142o\u017cyli\u015bmy \u017cyczenia imieninowe Zosi Siemianowskiej i Zosi Romanowskiej. A \u017ce to by\u0142o \u015awi\u0119to Niezapominajki &#8211; otrzyma\u0142y w\u0142a\u015bnie takie kwiatki.<a href=\"http:\/\/www.milosnicylasu.olsztyn.pl\/wp-content\/uploads\/2013\/05\/P5150762-www.jpg\" data-rel=\"lightbox-image-2\" data-magnific_type=\"image\" data-rl_title=\"\" data-rl_caption=\"\" title=\"\"><img loading=\"lazy\" decoding=\"async\" class=\"alignleft size-medium wp-image-373\" alt=\"P5150762-www\" src=\"http:\/\/www.milosnicylasu.olsztyn.pl\/wp-content\/uploads\/2013\/05\/P5150762-www-300x168.jpg\" width=\"300\" height=\"168\" srcset=\"https:\/\/www.milosnicylasu.olsztyn.pl\/wp-content\/uploads\/2013\/05\/P5150762-www-300x168.jpg 300w, https:\/\/www.milosnicylasu.olsztyn.pl\/wp-content\/uploads\/2013\/05\/P5150762-www-500x281.jpg 500w, https:\/\/www.milosnicylasu.olsztyn.pl\/wp-content\/uploads\/2013\/05\/P5150762-www.jpg 1024w\" sizes=\"auto, (max-width: 300px) 100vw, 300px\" \/><\/a> Solenizantki cz\u0119stowa\u0142y kaw\u0105, herbat\u0105, ciasteczkami, a Grzegorz Kluczek i Anatol Leszczy\u0144ski rozpocz\u0119li Wiosenne Zawody Strzeleckie O Puchar Prezesa Ko\u0142a Mi\u0142o\u015bnik\u00f3w Lasu I Militari\u00f3w LOK przy ATW w Olsztynie, w kt\u00f3rych bra\u0142o udzia\u0142 wyj\u0105tkowo du\u017co os\u00f3b, w tym te\u017c i nasi go\u015bcie.\u00a0<a href=\"http:\/\/www.milosnicylasu.olsztyn.pl\/wp-content\/uploads\/2013\/05\/P5150772-www.jpg\" data-rel=\"lightbox-image-3\" data-magnific_type=\"image\" data-rl_title=\"\" data-rl_caption=\"\" title=\"\"><img loading=\"lazy\" decoding=\"async\" class=\"size-medium wp-image-374 alignright\" alt=\"P5150772 -www\" src=\"http:\/\/www.milosnicylasu.olsztyn.pl\/wp-content\/uploads\/2013\/05\/P5150772-www-300x168.jpg\" width=\"300\" height=\"168\" srcset=\"https:\/\/www.milosnicylasu.olsztyn.pl\/wp-content\/uploads\/2013\/05\/P5150772-www-300x168.jpg 300w, https:\/\/www.milosnicylasu.olsztyn.pl\/wp-content\/uploads\/2013\/05\/P5150772-www-500x281.jpg 500w, https:\/\/www.milosnicylasu.olsztyn.pl\/wp-content\/uploads\/2013\/05\/P5150772-www.jpg 1024w\" sizes=\"auto, (max-width: 300px) 100vw, 300px\" \/><\/a> A najlepszymi strzelcami okazali si\u0119 : puchar zdoby\u0142 Wac\u0142aw Fiedoruk, w klasyfikacji kobiet : z\u0142oty medal Renata Janicka, srebrny Teresa \u017bemojduk, br\u0105zowy Krystyna Leszczy\u0144ska, czwarte miejsce Janina Kluczek, pi\u0105te\u00a0 Elwira Paszkiewicz, sz\u00f3ste\u00a0 Helena Fiedoruk.W klasyfikacji m\u0119\u017cczyzn z\u0142oty medal zdoby\u0142 Waldemar Chrzanowski, srebrny Wac\u0142aw Fiedoruk, br\u0105zowy Arkadiusz Mrozowski, czwarte miejsce W\u0142odzimierz Siemianowski, pi\u0105te Andrzej Bobi\u0144ski, sz\u00f3ste Zenon Szczypta. Gratulujemy!<a href=\"http:\/\/www.milosnicylasu.olsztyn.pl\/wp-content\/uploads\/2013\/05\/P5150812-www1.jpg\" data-rel=\"lightbox-image-4\" data-magnific_type=\"image\" data-rl_title=\"\" data-rl_caption=\"\" title=\"\"><img loading=\"lazy\" decoding=\"async\" class=\"alignleft size-medium wp-image-376\" alt=\"P5150812-www\" src=\"http:\/\/www.milosnicylasu.olsztyn.pl\/wp-content\/uploads\/2013\/05\/P5150812-www1-300x168.jpg\" width=\"300\" height=\"168\" srcset=\"https:\/\/www.milosnicylasu.olsztyn.pl\/wp-content\/uploads\/2013\/05\/P5150812-www1-300x168.jpg 300w, https:\/\/www.milosnicylasu.olsztyn.pl\/wp-content\/uploads\/2013\/05\/P5150812-www1-500x281.jpg 500w, https:\/\/www.milosnicylasu.olsztyn.pl\/wp-content\/uploads\/2013\/05\/P5150812-www1.jpg 1024w\" sizes=\"auto, (max-width: 300px) 100vw, 300px\" \/><\/a><\/p>\n<p>&nbsp;<\/p>\n<p>&nbsp;<\/p>\n<div>\n<p>&nbsp;<\/p>\n<p>&nbsp;<\/p>\n<p><strong>Wyst\u0105pienie Prezesa Ko\u0142a \u00a0Mi\u0142o\u015bnik\u00f3w Lasu i Militari\u00f3w LOK przy ATW w Olsztynie \u00a0podczas obchod\u00f3w IV rocznicy powstania Ko\u0142a<\/strong><b> <\/b><\/p>\n<\/div>\n<p><b>\u00a0Ko\u0142o Mi\u0142o\u015bnik\u00f3w Lasu i Militari\u00f3w\u00a0 LOK przy ATW w Olsztynie <\/b>dzia\u0142a ju\u017c pi\u0105ty rok, tak, tak od 8\u00a0 kwietnia\u00a0 leci nam pi\u0105ty rok \u2026\u2026A co si\u0119 u nas dzia\u0142o w czwartym roku naszego istnienia:<\/p>\n<p><b>&#8211; odby\u0142o si\u0119 10 zebra\u0144 w RDLP<\/b> \u2013 w ramach czwartk\u00f3w ekologicznych wys\u0142uchano 10 wyk\u0142ad\u00f3w o r\u00f3\u017cnorodnej tematyce zwi\u0105zanej z lasem, ekologi\u0105.<\/p>\n<p><b>&#8211; przeszli\u015bmy wiele kilometr\u00f3w po okolicznych lasach w czasie 23 rajd\u00f3w ekologicznych,<\/b><\/p>\n<p><b>&#8211; sprz\u0105tali\u015bmy lasy, dokarmiali\u015bmy zwierz\u0119ta le\u015bne,<\/b><\/p>\n<p><b>&#8211; sadzili\u015bmy las,<\/b><\/p>\n<p><b>&#8211; zbierali\u015bmy makulatur\u0119 <\/b><\/p>\n<p><b>&#8211; piel\u0119gnowali\u015bmy le\u015bne mogi\u0142y i cmentarze<\/b><\/p>\n<p><b>&#8211; byli\u015bmy na 4 wycieczkach <\/b><\/p>\n<ul>\n<li>19.10.2012r. do Nadle\u015bnictwa Mi\u0142om\u0142yn \u2013 40 os\u00f3b<\/li>\n<li>18.11.2012r. do Warszawy \u2013 57 os\u00f3b<\/li>\n<li>16.03.2013r. \u2013 \u201ePa\u0142ace, zamki i dwory Warmii i Mazur cz.I\u201d- 50 os\u00f3b<\/li>\n<li>20.04.2013r. &#8211; \u201e Pa\u0142ace, zamki i dwory Warmii i Mazur cz.II\u201d-54 osoby<\/li>\n<\/ul>\n<p><b>&#8211; odby\u0142o si\u0119 12 trening\u00f3w strzeleckich<\/b>.<\/p>\n<p><b>&#8211; pi\u0119ciokrotnie odby\u0142y si\u0119 zawody z broni sportowej:<\/b><\/p>\n<ul>\n<li>letnie zawody strzeleckie<\/li>\n<li>jesienne zawody strzeleckie,<\/li>\n<li>sylwestrowe zawody strzeleckie z powitaniem Nowego Roku<\/li>\n<li>zimowe zawody strzeleckie o Mistrzostwo Ko\u0142a,<\/li>\n<li>zawody o puchar prezesa Ko\u0142a 15.05.2013r.<\/li>\n<\/ul>\n<p><b>&#8211;\u00a0 brali\u015bmy udzia\u0142 w 2 turniejach sekcji szachowo-warcabowej i 8 konkursach z nagrodami, <\/b><\/p>\n<p><b>&#8211;\u00a0 zorganizowali\u015bmy 7 wystaw, na kt\u00f3rych\u00a0 prezentowali\u015bmy prace malarskie i wyroby r\u0119kodzie\u0142a artystycznego;<\/b><\/p>\n<p><b>&#8211; \u00a0byli\u015bmy na kuligu i dwukrotnie bawili\u015bmy si\u0119 w restauracji Zak\u0105tki Europy, <\/b><\/p>\n<p><b>&#8211; obchodzili\u015bmy<b> <\/b>\u015awi\u0119to drzewa, Dzie\u0144 Niezapominajki, \u015awi\u0119to Hubertusa, Dzie\u0144 Wody.<\/b><\/p>\n<p><b>\u00a0<\/b>Tyle, w telegraficznym skr\u00f3cie o naszej dzia\u0142alno\u015bci w minionym roku. My\u015bl\u0119, \u017ce nie jest to ma\u0142o, skoro zostali\u015bmy docenieni przez :<\/p>\n<p>&#8211; <b>RDLP w Olsztynie &#8211; \u00a0otrzymali\u015bmy dyplom za ochron\u0119 \u015brodowiska le\u015bnego Warmii i Mazur<\/b><\/p>\n<p><b>&#8211; Lasy Pa\u0144stwowe, zostali\u015bmy odznaczeni medalem \u201ePrzyjaciel lasu\u201d,<\/b><\/p>\n<p><b>&#8211; Zarz\u0105d G\u0142\u00f3wny LOK w Warszawie, kt\u00f3ry przyzna\u0142 nam medal zbiorowy za zas\u0142ugi LOK.<\/b><\/p>\n<p><b>Wielu naszych cz\u0142onk\u00f3w otrzyma\u0142o odznaczenia LOK.<\/b><\/p>\n<p>Uwa\u017cam, \u017ce nigdy\u00a0 nie jest tak dobrze, \u017ceby nie mog\u0142oby by\u0107 lepiej.\u00a0 Zarz\u0105d oczekuje propozycji, ale te\u017c czynnego w\u0142\u0105czenia si\u0119 w prac\u0119 Ko\u0142a. Ka\u017cda inicjatywa jest cenna, a nie musz\u0119 przekonywa\u0107, \u017ce praca spo\u0142eczna mo\u017ce przynie\u015b\u0107 wiele satysfakcji. Przy okazji dzisiejszego \u015bwi\u0119ta chcia\u0142bym wszystkim dotychczas zaanga\u017cowanym osobom gor\u0105co podzi\u0119kowa\u0107 za prac\u0119 i wsp\u00f3\u0142prac\u0119, wszystkim cz\u0142onkom za aktywny udzia\u0142 w zebraniach, rajdach, wycieczkach, strzelaniach, balach i innych imprezach organizowanych przez Ko\u0142o.<\/p>\n<p>W tym miejscu musz\u0119 jasno powiedzie\u0107, \u017ce bez pomocy i wsp\u00f3\u0142pracy z Regionaln\u0105 Dyrekcj\u0105 Las\u00f3w Pa\u0144stwowych w Olsztynie\u00a0 nasza wiedza o lesie niewiele by si\u0119 pog\u0142\u0119bi\u0142a przez te cztery lata. Do tego trzeba fachowc\u00f3w i warunk\u00f3w, w kt\u00f3rych mogli by swoj\u0105 wiedz\u0119 przekaza\u0107.<\/p>\n<p><b>Dzi\u0119ki przychylnemu stosunkowi Dyrektora RDLP w Olsztynie Pana Jana Karetko <\/b>otrzymali\u015bmy wsparcie finansowe, spotkania klubowe odbywaj\u0105 si\u0119\u00a0 w pomieszczeniach Dyrekcji, a na ka\u017cdym comiesi\u0119cznym zebraniu le\u015bnicy przekazuj\u0105 nam swoj\u0105 wiedz\u0119, do\u015bwiadczenia. Dowiedzieli\u015bmy si\u0119 o rezerwatach, naturze 2000, wilkach, ptakach, owadach, parkach, ekonomice lasu, zarz\u0105dzaniem\u00a0 w lasach i o wielu ciekawostkach le\u015bnych. \u00a0Dzi\u0119kujemy Panu Dyrektorowi i innym pracownikom RDLP. Szczeg\u00f3lne dzi\u0119kuj\u0119 Panu Tadeuszowi Pampuchowi, Pani Annie Bartoszewskiej, Panu Arkowi Mrozowskiemu i Panu Andrzejowi Sobania. Dzi\u0119kuj\u0119 te\u017c Nadle\u015bniczym i pracownikom Nadle\u015bnictwa Mi\u0142om\u0142yn, Kudypy, Olsztyn, Olsztynek Jeszcze raz dzi\u0119kuj\u0119 wszystkim le\u015bnikom z kt\u00f3rymi wsp\u00f3\u0142pracujemy i podkre\u015blam, \u017ce bez ich pomocy nasze Ko\u0142o nie funkcjonowa\u0142oby na takim poziomie.<\/p>\n<p>Z naszej strony staramy si\u0119 prac\u0119 le\u015bnik\u00f3w doceni\u0107 poprzez wyst\u0105pienia z wnioskami o ich wyr\u00f3\u017cnienia do Zarz\u0105du G\u0142\u00f3wnego\u00a0 LOK w Warszawie, kt\u00f3ry przyzna\u0142 Dyrektorowi z\u0142oty medal za zas\u0142ugi dla LOK,\u00a0 Pani Annie Bartoszewicz, Panu Tadeuszowi Pampuchowi i Arkadiuszowi Mrozowskiemu \u2013 srebrne medale za zas\u0142ugi dla LOK. Dyrekcja zosta\u0142a uhonorowana medalem zbiorowym \u2013 za zas\u0142ugi dla LOK.<\/p>\n<p>Dalsze medale otrzymali Pan Dyrektor Pawe\u0142 Artych , Pan Andrzej Sobania z RDLP w Olsztynie oraz pan Wies\u0142aw Stachowicz \u2013 Nadle\u015bniczy z Mi\u0142om\u0142yna. Ponadto Nadle\u015bnictwo Mi\u0142om\u0142yn otrzyma\u0142o medal zbiorowy za zas\u0142ugi dla LOK.<\/p>\n<p>Jeszcze raz dzi\u0119kujemy wszystkim le\u015bnikom i gratulujemy odznacze\u0144.<\/p>\n<p>Drug\u0105 instytucj\u0105, na kt\u00f3r\u0105 mo\u017cemy zawsze liczy\u0107 jest organizacja wojew\u00f3dzka i powiatowa LOK w Olsztynie. Dzi\u0119ki tej wsp\u00f3\u0142pracy mog\u0105 odbywa\u0107 si\u0119 treningi i zawody strzeleckie, posiedzenia zarz\u0105du Ko\u0142a. Dyrektor i pracownicy Wojew\u00f3dzkiej Organizacji LOK, s\u0105 zawsze przychylni naszej dzia\u0142alno\u015bci.<\/p>\n<p>Chcia\u0142bym podkre\u015bli\u0107, \u017ce nabyt\u0105 le\u015bno-przyrodnicz\u0105 wiedz\u0119 staramy si\u0119 przekaza\u0107 naszemu otoczeniu \u2013 rodzinie, znajomym. My\u015bl\u0119, \u017ce bardzo cenn\u0105 inicjatyw\u0105 w minionym roku by\u0142o w\u0142\u0105czenie m\u0142odszego pokolenia w nasze dzia\u0142ania pod has\u0142em :<b> &#8222;Las \u0142\u0105czy pokolenia\u201d.<\/b> I tak razem ubierali\u015bmy marchewkami, jab\u0142kami i innymi ekologicznymi ozdobami, le\u015bn\u0105 choink\u0119, odbywali\u015bmy wsp\u00f3lne \u00a0rajdy, na kt\u00f3rym organizowali\u015bmy specjalne konkursy z wiedzy o lesie dla dzieci. Wsp\u00f3lnie te\u017c z dzie\u0107mi i wnukami organizowali\u015bmy zawody strzeleckie. Mam nadziej\u0119, \u017ce takie imprezy integracyjne b\u0119d\u0105 kontynuowane w przysz\u0142ym\u00a0 roku i coraz wi\u0119cej os\u00f3b b\u0119dzie bra\u0142o w nich udzia\u0142.<\/p>\n<p>Na zako\u0144czenie chcia\u0142bym przypomnie\u0107, \u017ce wszystkie nasze dzia\u0142ania udokumentowane s\u0105 w KRONICE Ko\u0142a, do przegl\u0105dania kt\u00f3rej zach\u0119cam i od 30 marca br. na stronie internetowej naszego Ko\u0142a <a href=\"http:\/\/www.milosnicylasu.olsztyn.pl\">www.milosnicylasu.olsztyn.pl<\/a> lub <a href=\"http:\/\/www.mi\u0142o\u015bnicylasu.olsztyn.pl\">www.mi\u0142o\u015bnicylasu.olsztyn.pl<\/a><\/p>\n<p><strong>Wyr\u00f3\u017cnienia przyznane z okazji czwartej rocznicy powstania Ko\u0142a:<\/strong><\/p>\n<p><b>Na wniosek Zarz\u0105du Ko\u0142a \u00a0Mi\u0142o\u015bnik\u00f3w Lasu i Militari\u00f3w LOK przy ATW w Olsztynie<\/b><\/p>\n<p><b>Rada Krajowa LOK\u00a0 Uchwa\u0142\u0105 nr. 242 z dn. 28.05. 2012r. w dniu 12 marca 2013r.<\/b><\/p>\n<p><span style=\"text-decoration: underline;\">Nadaje<\/span>:<\/p>\n<p><b>Srebrny Medal<\/b> \u201e ZA ZAS\u0141UGI DLA LIGI OBRONY KRAJU<\/p>\n<p>Panu\u00a0\u00a0 Paw\u0142owi Artych<\/p>\n<p><b>Br\u0105zowym Medalem<\/b> \u201e ZA ZAS\u0141UGI DLA LIGI OBRONY KRAJU\u201d<\/p>\n<p>Pani\u00a0\u00a0 Ryszardzie \u017buk- K\u0142\u0119bukowskiej<\/p>\n<p>Pani\u00a0\u00a0 Renacie\u00a0\u00a0\u00a0\u00a0\u00a0 Janickiej<\/p>\n<p>Panu\u00a0 Andrzejowi\u00a0 Sobania<\/p>\n<p>Panu\u00a0 Wies\u0142awowi\u00a0 Stachowicz<\/p>\n<p><b>Na wniosek Zarz\u0105du Ko\u0142a Mi\u0142o\u015bnik\u00f3w Lasu i Militari\u00f3w Lok\u00a0 przy ATW w Olsztynie,<\/b><\/p>\n<p><b>Zarz\u0105d G\u0142\u00f3wny Ligi Obrony Kraju Uchwa\u0142\u0105 Nr. 56 z dn. 28.05.2012r. w dniu 12marca 2013r<\/b>.<\/p>\n<p><span style=\"text-decoration: underline;\">Nadaje<\/span><\/p>\n<p>NADLE\u015aNICTWU MI\u0141OM\u0141YN\u00a0 w Mi\u0142om\u0142ynie<\/p>\n<p><b>Medal<\/b>\u00a0 \u201e ZA\u00a0 ZAS\u0141UGI\u00a0 DLA\u00a0 LIGI\u00a0 OBRONY\u00a0 KRAJU\u201d<\/p>\n<p>Podpisa\u0142.\u00a0 &#8211;\u00a0 Prezes Ligi Obrony Kraju\u00a0\u00a0\u00a0 pu\u0142kownik\u00a0\u00a0\u00a0 Grzegorz\u00a0 Jarz\u0105bek<\/p>\n<p><b>Na wniosek Zarz\u0105du Ko\u0142a Mi\u0142o\u015bnik\u00f3w Lasu i Militari\u00f3w LOK przy ATW w Olsztynie.<\/b><\/p>\n<p><b>Prezydium Zarz\u0105du Wojew\u00f3dzkiego w Olsztynie Uchwa\u0142\u0105 nr 27\/2013 z dn. 23 luty 2013r.<\/b><\/p>\n<p><span style=\"text-decoration: underline;\">Nadaje<\/span>:\u00a0\u00a0\u00a0\u00a0 <b>Z\u0142ot\u0105 odznak\u0119<\/b>\u00a0 \u201e ZAS\u0141U\u017bONY \u00a0DZIA\u0141ACZ \u00a0LIGI \u00a0OBRONY \u00a0KRAJU\u201d<\/p>\n<p>Bo\u017cenie\u00a0\u00a0\u00a0 B\u0142aszczuk<\/p>\n<p>Annie\u00a0\u00a0\u00a0\u00a0\u00a0\u00a0\u00a0 Kukli\u0144skiej<\/p>\n<p>El\u017cbiecie\u00a0 Antonik<\/p>\n<p>Ryszardzie\u00a0 Wiejek<\/p>\n<p>Teresie\u00a0\u00a0\u00a0\u00a0\u00a0 \u017bemojcin<\/p>\n<p>Danucie\u00a0\u00a0\u00a0 Bobrzeckiej<\/p>\n<p>Jadwidze\u00a0 Przybyszewskiej<\/p>\n<p>Danucie\u00a0\u00a0\u00a0\u00a0 D\u0142ugoszewskiej<\/p>\n<p>Danieli\u00a0\u00a0\u00a0\u00a0\u00a0\u00a0 Tyl<\/p>\n<p>Podpisa\u0142. Prezes Zarz\u0105du Powiatowego LOK \u00a0\u00a0\u00a0Adam Stasiewicz<\/p>\n<p>Za\u00a0 zas\u0142ugi w realizacji zada\u0144 programowych, aktywn\u0105 dzia\u0142alno\u015b\u0107 spo\u0142eczn\u0105 w Kole, uzyskiwanie dobrych wynik\u00f3w w strzelectwie sportowym, udzia\u0142 w pracach w sekcjach zainteresowa\u0144, udzia\u0142 w konkursach i rozwijanie pomys\u0142\u00f3w organizatorskich.<\/p>\n<p><b>Zarz\u0105d Ko\u0142a Uchwa\u0142\u0105 z dn. 04 kwietnia 2013r.<\/b><\/p>\n<p><b>\u00a0<\/b>zgodnie z Ustanowionym Regulaminem \u00a0Medalu \u201e Za Zas\u0142ugi Dla Ko\u0142a\u201d <b><br \/>\n<\/b><\/p>\n<p><b>nadaje<b>\u00a0<\/b> Br\u0105zowy Medal<\/b><b>\u00a0 Zas\u0142ugi<\/b><\/p>\n<p>Zdzis\u0142awie\u00a0\u00a0 Biernatowskiej<\/p>\n<p>Wac\u0142awie\u00a0\u00a0\u00a0\u00a0 Bruzgo<\/p>\n<p>Teresie\u00a0\u00a0\u00a0\u00a0\u00a0\u00a0\u00a0\u00a0 Go\u0142\u0119biewskiej<\/p>\n<p>Barbarze\u00a0\u00a0\u00a0\u00a0\u00a0 Kowalewskiej<\/p>\n<p>Zofii\u00a0\u00a0\u00a0\u00a0\u00a0\u00a0\u00a0\u00a0\u00a0\u00a0\u00a0 Siemianowskiej<\/p>\n<p>Bogus\u0142awowi\u00a0 Szut<\/p>\n<p>Adamowi\u00a0\u00a0\u00a0\u00a0 Tabor<\/p>\n<p><b>Zarz\u0105d Ko\u0142a uchwa\u0142\u0105 z dn. 04 kwietnia 2013r.<\/b><\/p>\n<p><b>Wy<b>r\u00f3\u017cnia upominkiem ksi\u0105\u017ckowym<br \/>\n<\/b><\/b><\/p>\n<p>Waldemara \u00a0\u00a0\u00a0\u00a0 Chrzanowskiego<\/p>\n<p>Helen\u0119\u00a0\u00a0\u00a0\u00a0\u00a0\u00a0\u00a0\u00a0\u00a0\u00a0\u00a0 Fiedoruk<\/p>\n<p>Wac\u0142awa \u00a0\u00a0\u00a0\u00a0\u00a0\u00a0\u00a0 Fiedoruka<\/p>\n<p>Tamar\u0119\u00a0\u00a0\u00a0\u00a0\u00a0\u00a0\u00a0\u00a0\u00a0 Go\u0142dys<\/p>\n<p>Janin\u0119\u00a0\u00a0\u00a0\u00a0\u00a0\u00a0\u00a0\u00a0\u00a0\u00a0\u00a0 Kluczek<\/p>\n<p>Krystyn\u0119\u00a0\u00a0\u00a0\u00a0\u00a0\u00a0 Leszczy\u0144sk\u0105<\/p>\n<p>Benedykta \u00a0\u00a0\u00a0\u00a0 Kuckiego<\/p>\n<p>W\u0142odzimierza\u00a0 Siemianowskiego<\/p>\n<p>Krystyn\u0119\u00a0\u00a0\u00a0\u00a0\u00a0 Tarankiewicz<\/p>\n<p>Teres\u0119\u00a0\u00a0\u00a0\u00a0\u00a0\u00a0\u00a0\u00a0\u00a0 \u017bemojcin<\/p>\n<p>J\u00f3zefa \u00a0\u00a0\u00a0\u00a0\u00a0\u00a0\u00a0\u00a0\u00a0\u00a0 Gazd\u0119<\/p>\n<p>Zofi\u0119\u00a0\u00a0\u00a0\u00a0\u00a0\u00a0\u00a0\u00a0\u00a0\u00a0 Romanowsk\u0105<\/p>\n<p>Elwir\u0119\u00a0\u00a0\u00a0\u00a0\u00a0\u00a0\u00a0\u00a0 Paszkiewicz<\/p>\n<p>Adolf\u00a0\u00a0\u00a0\u00a0\u00a0\u00a0\u00a0\u00a0\u00a0 Kowalik<\/p>\n<p>Zenon\u00a0\u00a0\u00a0\u00a0\u00a0\u00a0\u00a0\u00a0\u00a0 Szczypta<\/p>\n<p>Gratuluj\u0119 Wszystkim wyr\u00f3\u017cnionym. Zapraszam w imieniu Zarz\u0105du na Zawody Strzeleckie o Puchar Prezesa Ko\u0142a. Po zawodach b\u0119dzie wojskowa groch\u00f3wka, kawa, herbata, woda gazowana i niegazowana.<\/p>\n<p>&nbsp;<\/p>\n<p>&nbsp;<\/p>\n<p>&nbsp;<\/p>\n","protected":false},"excerpt":{"rendered":"<p>15 maja 2013r obchodzili\u015bmy dwa \u015bwi\u0119ta : czwart\u0105 rocznic\u0119 powstania Ko\u0142a i Dzie\u0144 Niezapominajki. Sk\u0142adali\u015bmy \u017cyczenia imieninowe Zosi Siemianowskiej i Zosi Romanowskiej. W pi\u0119knej scenerii wiosennego, olszty\u0144skiego lasu, na strzelnicy LOK w Olsztynie, obchodzili\u015bmy\u00a0 czwart\u0105 rocznic\u0119 powstania\u00a0 Ko\u0142a. Dopisa\u0142a pogoda, frekwencja i zaproszeni go\u015bcie: z Regionalnej Dyrekcji Las\u00f3w Pa\u0144stwowych w Olsztynie Arkadiusz Mrozowski i Andrzej [&hellip;]<\/p>\n","protected":false},"author":1,"featured_media":0,"comment_status":"open","ping_status":"open","sticky":false,"template":"","format":"standard","meta":{"footnotes":""},"categories":[1,6,8,3],"tags":[],"class_list":["post-365","post","type-post","status-publish","format-standard","hentry","category-bez-kategorii","category-odznaczenia","category-zawody-strzeleckie","category-zebrania"],"_links":{"self":[{"href":"https:\/\/www.milosnicylasu.olsztyn.pl\/index.php?rest_route=\/wp\/v2\/posts\/365","targetHints":{"allow":["GET"]}}],"collection":[{"href":"https:\/\/www.milosnicylasu.olsztyn.pl\/index.php?rest_route=\/wp\/v2\/posts"}],"about":[{"href":"https:\/\/www.milosnicylasu.olsztyn.pl\/index.php?rest_route=\/wp\/v2\/types\/post"}],"author":[{"embeddable":true,"href":"https:\/\/www.milosnicylasu.olsztyn.pl\/index.php?rest_route=\/wp\/v2\/users\/1"}],"replies":[{"embeddable":true,"href":"https:\/\/www.milosnicylasu.olsztyn.pl\/index.php?rest_route=%2Fwp%2Fv2%2Fcomments&post=365"}],"version-history":[{"count":14,"href":"https:\/\/www.milosnicylasu.olsztyn.pl\/index.php?rest_route=\/wp\/v2\/posts\/365\/revisions"}],"predecessor-version":[{"id":708,"href":"https:\/\/www.milosnicylasu.olsztyn.pl\/index.php?rest_route=\/wp\/v2\/posts\/365\/revisions\/708"}],"wp:attachment":[{"href":"https:\/\/www.milosnicylasu.olsztyn.pl\/index.php?rest_route=%2Fwp%2Fv2%2Fmedia&parent=365"}],"wp:term":[{"taxonomy":"category","embeddable":true,"href":"https:\/\/www.milosnicylasu.olsztyn.pl\/index.php?rest_route=%2Fwp%2Fv2%2Fcategories&post=365"},{"taxonomy":"post_tag","embeddable":true,"href":"https:\/\/www.milosnicylasu.olsztyn.pl\/index.php?rest_route=%2Fwp%2Fv2%2Ftags&post=365"}],"curies":[{"name":"wp","href":"https:\/\/api.w.org\/{rel}","templated":true}]}}