{"id":3651,"date":"2017-05-13T16:04:48","date_gmt":"2017-05-13T14:04:48","guid":{"rendered":"http:\/\/www.milosnicylasu.olsztyn.pl\/?p=3651"},"modified":"2017-05-13T16:07:49","modified_gmt":"2017-05-13T14:07:49","slug":"8-rocznica-powstania-kola-milosnikow-lasu-i-militariow-lok-przy-atw-w-olsztynie","status":"publish","type":"post","link":"https:\/\/www.milosnicylasu.olsztyn.pl\/?p=3651","title":{"rendered":"8 rocznica powstania Ko\u0142a Mi\u0142o\u015bnik\u00f3w Lasu i Militari\u00f3w LOK przy ATW w Olsztynie"},"content":{"rendered":"<p><a href=\"http:\/\/www.milosnicylasu.olsztyn.pl\/wp-content\/uploads\/2017\/05\/DSCN0995-www.jpg\" rel=\"attachment wp-att-3652\" data-rel=\"lightbox-image-0\" data-magnific_type=\"image\" data-rl_title=\"\" data-rl_caption=\"\" title=\"\"><img loading=\"lazy\" decoding=\"async\" class=\"size-medium wp-image-3652 alignleft\" src=\"http:\/\/www.milosnicylasu.olsztyn.pl\/wp-content\/uploads\/2017\/05\/DSCN0995-www-300x225.jpg\" alt=\"DSCN0995-www\" width=\"300\" height=\"225\" srcset=\"https:\/\/www.milosnicylasu.olsztyn.pl\/wp-content\/uploads\/2017\/05\/DSCN0995-www-300x225.jpg 300w, https:\/\/www.milosnicylasu.olsztyn.pl\/wp-content\/uploads\/2017\/05\/DSCN0995-www-768x576.jpg 768w, https:\/\/www.milosnicylasu.olsztyn.pl\/wp-content\/uploads\/2017\/05\/DSCN0995-www.jpg 1024w, https:\/\/www.milosnicylasu.olsztyn.pl\/wp-content\/uploads\/2017\/05\/DSCN0995-www-400x300.jpg 400w\" sizes=\"auto, (max-width: 300px) 100vw, 300px\" \/><\/a><\/p>\n<p>&nbsp;<\/p>\n<p>Czas szybko leci, min\u0119\u0142o 8 lat i jeden miesi\u0105c jak Ko\u0142o powsta\u0142o. 13 maja obchodzili\u015bmy \u00a0w zaprzyja\u017anionym Le\u015bnictwie Stary Dw\u00f3r nasz\u0105 rocznic\u0119.<\/p>\n<p>&nbsp;<\/p>\n<p>&nbsp;<\/p>\n<p><a href=\"http:\/\/www.milosnicylasu.olsztyn.pl\/wp-content\/uploads\/2017\/05\/DSCN1016-www.jpg\" rel=\"attachment wp-att-3654\" data-rel=\"lightbox-image-1\" data-magnific_type=\"image\" data-rl_title=\"\" data-rl_caption=\"\" title=\"\"><img loading=\"lazy\" decoding=\"async\" class=\"size-medium wp-image-3654 alignright\" src=\"http:\/\/www.milosnicylasu.olsztyn.pl\/wp-content\/uploads\/2017\/05\/DSCN1016-www-300x225.jpg\" alt=\"DSCN1016-www\" width=\"300\" height=\"225\" srcset=\"https:\/\/www.milosnicylasu.olsztyn.pl\/wp-content\/uploads\/2017\/05\/DSCN1016-www-300x225.jpg 300w, https:\/\/www.milosnicylasu.olsztyn.pl\/wp-content\/uploads\/2017\/05\/DSCN1016-www-768x576.jpg 768w, https:\/\/www.milosnicylasu.olsztyn.pl\/wp-content\/uploads\/2017\/05\/DSCN1016-www.jpg 1024w, https:\/\/www.milosnicylasu.olsztyn.pl\/wp-content\/uploads\/2017\/05\/DSCN1016-www-400x300.jpg 400w\" sizes=\"auto, (max-width: 300px) 100vw, 300px\" \/><\/a><\/p>\n<p>&nbsp;<\/p>\n<p>By\u0142y medale, odznaczenia, pami\u0105tkowe znaczki dla cz\u0142onk\u00f3w Ko\u0142a<\/p>\n<p>&nbsp;<\/p>\n<p>&nbsp;<\/p>\n<p>&nbsp;<\/p>\n<p><a href=\"http:\/\/www.milosnicylasu.olsztyn.pl\/wp-content\/uploads\/2017\/05\/DSCN1012-www.jpg\" rel=\"attachment wp-att-3655\" data-rel=\"lightbox-image-2\" data-magnific_type=\"image\" data-rl_title=\"\" data-rl_caption=\"\" title=\"\"><img loading=\"lazy\" decoding=\"async\" class=\"size-medium wp-image-3655 alignleft\" src=\"http:\/\/www.milosnicylasu.olsztyn.pl\/wp-content\/uploads\/2017\/05\/DSCN1012-www-300x225.jpg\" alt=\"DSCN1012-www\" width=\"300\" height=\"225\" srcset=\"https:\/\/www.milosnicylasu.olsztyn.pl\/wp-content\/uploads\/2017\/05\/DSCN1012-www-300x225.jpg 300w, https:\/\/www.milosnicylasu.olsztyn.pl\/wp-content\/uploads\/2017\/05\/DSCN1012-www-768x576.jpg 768w, https:\/\/www.milosnicylasu.olsztyn.pl\/wp-content\/uploads\/2017\/05\/DSCN1012-www.jpg 1024w, https:\/\/www.milosnicylasu.olsztyn.pl\/wp-content\/uploads\/2017\/05\/DSCN1012-www-400x300.jpg 400w\" sizes=\"auto, (max-width: 300px) 100vw, 300px\" \/><\/a><\/p>\n<p>&nbsp;<\/p>\n<p>i puchary, podzi\u0119kowania i dla os\u00f3b i firm z nami wsp\u00f3\u0142pracuj\u0105cych.<\/p>\n<p>Na zdj\u0119ciu Pan Robert Lib kieruj\u0105cy Sp\u00f3\u0142k\u0105 DAP \u00a0w Olsztynie. Firma od pocz\u0105tku naszej dzia\u0142alno\u015bci ubezpiecza wszystkie nasze wycieczki. Zawsze wybierze dla nas najkorzystniejsz\u0105 form\u0119 ubezpieczenia, dost\u0119pn\u0105 na rynku.<\/p>\n<p><a href=\"http:\/\/www.milosnicylasu.olsztyn.pl\/wp-content\/uploads\/2017\/05\/DSCN1056-www.jpg\" rel=\"attachment wp-att-3656\" data-rel=\"lightbox-image-3\" data-magnific_type=\"image\" data-rl_title=\"\" data-rl_caption=\"\" title=\"\"><img loading=\"lazy\" decoding=\"async\" class=\"size-medium wp-image-3656 alignright\" src=\"http:\/\/www.milosnicylasu.olsztyn.pl\/wp-content\/uploads\/2017\/05\/DSCN1056-www-300x225.jpg\" alt=\"DSCN1056-www\" width=\"300\" height=\"225\" srcset=\"https:\/\/www.milosnicylasu.olsztyn.pl\/wp-content\/uploads\/2017\/05\/DSCN1056-www-300x225.jpg 300w, https:\/\/www.milosnicylasu.olsztyn.pl\/wp-content\/uploads\/2017\/05\/DSCN1056-www-768x576.jpg 768w, https:\/\/www.milosnicylasu.olsztyn.pl\/wp-content\/uploads\/2017\/05\/DSCN1056-www.jpg 1024w, https:\/\/www.milosnicylasu.olsztyn.pl\/wp-content\/uploads\/2017\/05\/DSCN1056-www-400x300.jpg 400w\" sizes=\"auto, (max-width: 300px) 100vw, 300px\" \/><\/a><\/p>\n<p>&nbsp;<\/p>\n<p>By\u0142o wi\u0119c co\u015b dla cia\u0142a ale i te\u017c dla ducha &#8211; kie\u0142baski, ciasteczka, cukierki &#8230;.<\/p>\n<p>&nbsp;<\/p>\n<p>&nbsp;<\/p>\n<p>&nbsp;<\/p>\n<p><a href=\"http:\/\/www.milosnicylasu.olsztyn.pl\/wp-content\/uploads\/2017\/05\/DSCN1046-www.jpg\" rel=\"attachment wp-att-3657\" data-rel=\"lightbox-image-4\" data-magnific_type=\"image\" data-rl_title=\"\" data-rl_caption=\"\" title=\"\"><img loading=\"lazy\" decoding=\"async\" class=\"size-medium wp-image-3657 alignleft\" src=\"http:\/\/www.milosnicylasu.olsztyn.pl\/wp-content\/uploads\/2017\/05\/DSCN1046-www-300x225.jpg\" alt=\"DSCN1046-www\" width=\"300\" height=\"225\" srcset=\"https:\/\/www.milosnicylasu.olsztyn.pl\/wp-content\/uploads\/2017\/05\/DSCN1046-www-300x225.jpg 300w, https:\/\/www.milosnicylasu.olsztyn.pl\/wp-content\/uploads\/2017\/05\/DSCN1046-www-768x576.jpg 768w, https:\/\/www.milosnicylasu.olsztyn.pl\/wp-content\/uploads\/2017\/05\/DSCN1046-www.jpg 1024w, https:\/\/www.milosnicylasu.olsztyn.pl\/wp-content\/uploads\/2017\/05\/DSCN1046-www-400x300.jpg 400w\" sizes=\"auto, (max-width: 300px) 100vw, 300px\" \/><\/a><\/p>\n<p>&nbsp;<\/p>\n<p>Kole\u017canki i Koledzy z Ko\u0142a przygotowali niezwyk\u0142\u0105 niespodziank\u0119 dla prezesa Ko\u0142a -by\u0142 to bukiet z lizaczk\u00f3w, kt\u00f3re ros\u0142y na mchu z grzybkami i pi\u0119kny instrument. Czas ju\u017c zacz\u0105\u0107 \u0107wiczy\u0107 &#8230;&#8230;nutki?<a href=\"http:\/\/www.milosnicylasu.olsztyn.pl\/wp-content\/uploads\/2017\/05\/DSCN1051-www.jpg\" rel=\"attachment wp-att-3658\" data-rel=\"lightbox-image-5\" data-magnific_type=\"image\" data-rl_title=\"\" data-rl_caption=\"\" title=\"\"><img loading=\"lazy\" decoding=\"async\" class=\"size-medium wp-image-3658 alignright\" src=\"http:\/\/www.milosnicylasu.olsztyn.pl\/wp-content\/uploads\/2017\/05\/DSCN1051-www-300x225.jpg\" alt=\"DSCN1051-www\" width=\"300\" height=\"225\" srcset=\"https:\/\/www.milosnicylasu.olsztyn.pl\/wp-content\/uploads\/2017\/05\/DSCN1051-www-300x225.jpg 300w, https:\/\/www.milosnicylasu.olsztyn.pl\/wp-content\/uploads\/2017\/05\/DSCN1051-www-768x576.jpg 768w, https:\/\/www.milosnicylasu.olsztyn.pl\/wp-content\/uploads\/2017\/05\/DSCN1051-www.jpg 1024w, https:\/\/www.milosnicylasu.olsztyn.pl\/wp-content\/uploads\/2017\/05\/DSCN1051-www-400x300.jpg 400w\" sizes=\"auto, (max-width: 300px) 100vw, 300px\" \/><\/a><\/p>\n<p>By\u0142 te\u017c tort urodzinowy, 8 \u015bwieczek i wsp\u00f3lne dmuchanie.<\/p>\n<p>&nbsp;<\/p>\n<p>&nbsp;<\/p>\n<p>&nbsp;<\/p>\n<p>&nbsp;<\/p>\n<p>13 maja obchodzili\u015bmy nasze wsp\u00f3lne \u015bwi\u0119to i imieniny trzech naszych kole\u017canek, Trzy Zosie otrzyma\u0142y kwiatki i \u017cyczenia. Jeszcze raz \u017cyczymy wszystkiego najlepszego. \u00a0<a href=\"http:\/\/www.milosnicylasu.olsztyn.pl\/wp-content\/uploads\/2017\/05\/DSCN0999-www-1.jpg\" rel=\"attachment wp-att-3659\" data-rel=\"lightbox-image-6\" data-magnific_type=\"image\" data-rl_title=\"\" data-rl_caption=\"\" title=\"\"><img loading=\"lazy\" decoding=\"async\" class=\"size-medium wp-image-3659 aligncenter\" src=\"http:\/\/www.milosnicylasu.olsztyn.pl\/wp-content\/uploads\/2017\/05\/DSCN0999-www-1-300x225.jpg\" alt=\"DSCN0999-www\" width=\"300\" height=\"225\" srcset=\"https:\/\/www.milosnicylasu.olsztyn.pl\/wp-content\/uploads\/2017\/05\/DSCN0999-www-1-300x225.jpg 300w, https:\/\/www.milosnicylasu.olsztyn.pl\/wp-content\/uploads\/2017\/05\/DSCN0999-www-1-768x576.jpg 768w, https:\/\/www.milosnicylasu.olsztyn.pl\/wp-content\/uploads\/2017\/05\/DSCN0999-www-1.jpg 1024w, https:\/\/www.milosnicylasu.olsztyn.pl\/wp-content\/uploads\/2017\/05\/DSCN0999-www-1-400x300.jpg 400w\" sizes=\"auto, (max-width: 300px) 100vw, 300px\" \/><\/a>\u00a0By\u0142a to \u015bwietna impreza, a do tej \u015bwietno\u015bci przyczyni\u0142a si\u0119 pi\u0119kna pogoda i wiele, wiele os\u00f3b. Dzi\u0119kujemy!<\/p>\n<p>&nbsp;<\/p>\n<p>&nbsp;<\/p>\n","protected":false},"excerpt":{"rendered":"<p>&nbsp; Czas szybko leci, min\u0119\u0142o 8 lat i jeden miesi\u0105c jak Ko\u0142o powsta\u0142o. 13 maja obchodzili\u015bmy \u00a0w zaprzyja\u017anionym Le\u015bnictwie Stary Dw\u00f3r nasz\u0105 rocznic\u0119. &nbsp; &nbsp; &nbsp; By\u0142y medale, odznaczenia, pami\u0105tkowe znaczki dla cz\u0142onk\u00f3w Ko\u0142a &nbsp; &nbsp; &nbsp; &nbsp; i puchary, podzi\u0119kowania i dla os\u00f3b i firm z nami wsp\u00f3\u0142pracuj\u0105cych. Na zdj\u0119ciu Pan Robert Lib kieruj\u0105cy [&hellip;]<\/p>\n","protected":false},"author":2,"featured_media":0,"comment_status":"open","ping_status":"open","sticky":false,"template":"","format":"standard","meta":{"footnotes":""},"categories":[1,9,6,2],"tags":[],"class_list":["post-3651","post","type-post","status-publish","format-standard","hentry","category-bez-kategorii","category-ciekawostki","category-odznaczenia","category-rajdy"],"_links":{"self":[{"href":"https:\/\/www.milosnicylasu.olsztyn.pl\/index.php?rest_route=\/wp\/v2\/posts\/3651","targetHints":{"allow":["GET"]}}],"collection":[{"href":"https:\/\/www.milosnicylasu.olsztyn.pl\/index.php?rest_route=\/wp\/v2\/posts"}],"about":[{"href":"https:\/\/www.milosnicylasu.olsztyn.pl\/index.php?rest_route=\/wp\/v2\/types\/post"}],"author":[{"embeddable":true,"href":"https:\/\/www.milosnicylasu.olsztyn.pl\/index.php?rest_route=\/wp\/v2\/users\/2"}],"replies":[{"embeddable":true,"href":"https:\/\/www.milosnicylasu.olsztyn.pl\/index.php?rest_route=%2Fwp%2Fv2%2Fcomments&post=3651"}],"version-history":[{"count":3,"href":"https:\/\/www.milosnicylasu.olsztyn.pl\/index.php?rest_route=\/wp\/v2\/posts\/3651\/revisions"}],"predecessor-version":[{"id":3663,"href":"https:\/\/www.milosnicylasu.olsztyn.pl\/index.php?rest_route=\/wp\/v2\/posts\/3651\/revisions\/3663"}],"wp:attachment":[{"href":"https:\/\/www.milosnicylasu.olsztyn.pl\/index.php?rest_route=%2Fwp%2Fv2%2Fmedia&parent=3651"}],"wp:term":[{"taxonomy":"category","embeddable":true,"href":"https:\/\/www.milosnicylasu.olsztyn.pl\/index.php?rest_route=%2Fwp%2Fv2%2Fcategories&post=3651"},{"taxonomy":"post_tag","embeddable":true,"href":"https:\/\/www.milosnicylasu.olsztyn.pl\/index.php?rest_route=%2Fwp%2Fv2%2Ftags&post=3651"}],"curies":[{"name":"wp","href":"https:\/\/api.w.org\/{rel}","templated":true}]}}