{"id":3666,"date":"2017-06-04T17:33:22","date_gmt":"2017-06-04T15:33:22","guid":{"rendered":"http:\/\/www.milosnicylasu.olsztyn.pl\/?p=3666"},"modified":"2017-06-10T18:16:58","modified_gmt":"2017-06-10T16:16:58","slug":"3666","status":"publish","type":"post","link":"https:\/\/www.milosnicylasu.olsztyn.pl\/?p=3666","title":{"rendered":"Czwartek ekologiczny &#8211; 1 czerwca 2017 roku"},"content":{"rendered":"<p>&#8222;Islam &#8211; jak powsta\u0142 i dok\u0105d zmierza? &#8221; to tytu\u0142 interesuj\u0105cego wyk\u0142adu jaki wys\u0142uchali\u015bmy dzi\u0119ki Panu Andrzejowi Sobani \u00a0&#8211; \u00a0 1 czerwca 2017 roku w \u00a0Regionalnej Dyrekcji Las\u00f3w Pa\u0144stwowych w Olsztynie<\/p>\n<p>.<a href=\"http:\/\/www.milosnicylasu.olsztyn.pl\/wp-content\/uploads\/2017\/06\/DSCN1333-www.jpg\" rel=\"attachment wp-att-3667\" data-rel=\"lightbox-image-0\" data-magnific_type=\"image\" data-rl_title=\"\" data-rl_caption=\"\" title=\"\"><img loading=\"lazy\" decoding=\"async\" class=\"alignnone size-medium wp-image-3667\" src=\"http:\/\/www.milosnicylasu.olsztyn.pl\/wp-content\/uploads\/2017\/06\/DSCN1333-www-300x225.jpg\" alt=\"DSCN1333-www\" width=\"300\" height=\"225\" srcset=\"https:\/\/www.milosnicylasu.olsztyn.pl\/wp-content\/uploads\/2017\/06\/DSCN1333-www-300x225.jpg 300w, https:\/\/www.milosnicylasu.olsztyn.pl\/wp-content\/uploads\/2017\/06\/DSCN1333-www-768x576.jpg 768w, https:\/\/www.milosnicylasu.olsztyn.pl\/wp-content\/uploads\/2017\/06\/DSCN1333-www.jpg 1024w, https:\/\/www.milosnicylasu.olsztyn.pl\/wp-content\/uploads\/2017\/06\/DSCN1333-www-400x300.jpg 400w\" sizes=\"auto, (max-width: 300px) 100vw, 300px\" \/><\/a><\/p>\n<p>Wszyscy jeste\u015bmy przera\u017ceni coraz liczniejszymi zamachami, wi\u0119c temat jest bardzo na czasie. \u00a0Pan Andrzej m.in. przypomnia\u0142 nam wiele fakt\u00f3w historycznych, przybli\u017cy\u0142 \u00a0nam \u00a0zasady religii islamskiej.<\/p>\n<p style=\"text-align: left;\">\u00a0 \u00a0 \u00a0 \u00a0 \u00a0 \u00a0 \u00a0Dzi\u0119kujemy za wyk\u0142ad, ale jest to temat bardzo szeroki, wi\u0119c liczymy na ci\u0105g dalszy &#8211; w nast\u0119pnym roku akademickim, bo 1 czerwca spotkali\u015bmy si\u0119 ostatni raz przed wakacjami<\/p>\n<p style=\"text-align: left;\">.<a href=\"http:\/\/www.milosnicylasu.olsztyn.pl\/wp-content\/uploads\/2017\/06\/DSCN1326-www.jpg\" rel=\"attachment wp-att-3668\" data-rel=\"lightbox-image-1\" data-magnific_type=\"image\" data-rl_title=\"\" data-rl_caption=\"\" title=\"\"><img loading=\"lazy\" decoding=\"async\" class=\"alignnone size-medium wp-image-3668\" src=\"http:\/\/www.milosnicylasu.olsztyn.pl\/wp-content\/uploads\/2017\/06\/DSCN1326-www-300x225.jpg\" alt=\"DSCN1326-www\" width=\"300\" height=\"225\" srcset=\"https:\/\/www.milosnicylasu.olsztyn.pl\/wp-content\/uploads\/2017\/06\/DSCN1326-www-300x225.jpg 300w, https:\/\/www.milosnicylasu.olsztyn.pl\/wp-content\/uploads\/2017\/06\/DSCN1326-www-768x576.jpg 768w, https:\/\/www.milosnicylasu.olsztyn.pl\/wp-content\/uploads\/2017\/06\/DSCN1326-www.jpg 1024w, https:\/\/www.milosnicylasu.olsztyn.pl\/wp-content\/uploads\/2017\/06\/DSCN1326-www-400x300.jpg 400w\" sizes=\"auto, (max-width: 300px) 100vw, 300px\" \/><\/a><\/p>\n<p style=\"text-align: left;\">By\u0142 to kolejny wyk\u0142ad Pana Andrzeja dla Naszego Ko\u0142a. Podczas zebrania prezes Anatol Leszczy\u0144ski \u00a0dzi\u0119kuj\u0105c za zaanga\u017cowanie w dzia\u0142alno\u015b\u0107 Ko\u0142a wr\u0119czy\u0142 naszemu Przyjacielowi Odznak\u0119 Zas\u0142u\u017cony Dzia\u0142acz LOK-u.<\/p>\n<p style=\"text-align: left;\"><a href=\"http:\/\/www.milosnicylasu.olsztyn.pl\/wp-content\/uploads\/2017\/06\/DSCN1321-www.jpg\" rel=\"attachment wp-att-3669\" data-rel=\"lightbox-image-2\" data-magnific_type=\"image\" data-rl_title=\"\" data-rl_caption=\"\" title=\"\"><img loading=\"lazy\" decoding=\"async\" class=\"alignnone size-medium wp-image-3669\" src=\"http:\/\/www.milosnicylasu.olsztyn.pl\/wp-content\/uploads\/2017\/06\/DSCN1321-www-300x225.jpg\" alt=\"DSCN1321-www\" width=\"300\" height=\"225\" srcset=\"https:\/\/www.milosnicylasu.olsztyn.pl\/wp-content\/uploads\/2017\/06\/DSCN1321-www-300x225.jpg 300w, https:\/\/www.milosnicylasu.olsztyn.pl\/wp-content\/uploads\/2017\/06\/DSCN1321-www-768x576.jpg 768w, https:\/\/www.milosnicylasu.olsztyn.pl\/wp-content\/uploads\/2017\/06\/DSCN1321-www.jpg 1024w, https:\/\/www.milosnicylasu.olsztyn.pl\/wp-content\/uploads\/2017\/06\/DSCN1321-www-400x300.jpg 400w\" sizes=\"auto, (max-width: 300px) 100vw, 300px\" \/><\/a>\u00a0Mogli\u015bmy \u00a0te\u017c zapozna\u0107 si\u0119 z pracami naszych kole\u017canek z sekcji r\u0119kodzie\u0142a: Wiesi Filipek, Jasi Kluczek, Bo\u017cenki B\u0142aszczuk i Ewy Rakowskiej. Gratulujemy ciekawych prac i \u017cyczymy dalszej weny tw\u00f3rczej.<\/p>\n<p style=\"text-align: left;\">\n","protected":false},"excerpt":{"rendered":"<p>&#8222;Islam &#8211; jak powsta\u0142 i dok\u0105d zmierza? &#8221; to tytu\u0142 interesuj\u0105cego wyk\u0142adu jaki wys\u0142uchali\u015bmy dzi\u0119ki Panu Andrzejowi Sobani \u00a0&#8211; \u00a0 1 czerwca 2017 roku w \u00a0Regionalnej Dyrekcji Las\u00f3w Pa\u0144stwowych w Olsztynie . Wszyscy jeste\u015bmy przera\u017ceni coraz liczniejszymi zamachami, wi\u0119c temat jest bardzo na czasie. \u00a0Pan Andrzej m.in. przypomnia\u0142 nam wiele fakt\u00f3w historycznych, przybli\u017cy\u0142 \u00a0nam \u00a0zasady [&hellip;]<\/p>\n","protected":false},"author":2,"featured_media":0,"comment_status":"open","ping_status":"open","sticky":false,"template":"","format":"standard","meta":{"footnotes":""},"categories":[1,9,4,3],"tags":[],"class_list":["post-3666","post","type-post","status-publish","format-standard","hentry","category-bez-kategorii","category-ciekawostki","category-wystawy","category-zebrania"],"_links":{"self":[{"href":"https:\/\/www.milosnicylasu.olsztyn.pl\/index.php?rest_route=\/wp\/v2\/posts\/3666","targetHints":{"allow":["GET"]}}],"collection":[{"href":"https:\/\/www.milosnicylasu.olsztyn.pl\/index.php?rest_route=\/wp\/v2\/posts"}],"about":[{"href":"https:\/\/www.milosnicylasu.olsztyn.pl\/index.php?rest_route=\/wp\/v2\/types\/post"}],"author":[{"embeddable":true,"href":"https:\/\/www.milosnicylasu.olsztyn.pl\/index.php?rest_route=\/wp\/v2\/users\/2"}],"replies":[{"embeddable":true,"href":"https:\/\/www.milosnicylasu.olsztyn.pl\/index.php?rest_route=%2Fwp%2Fv2%2Fcomments&post=3666"}],"version-history":[{"count":6,"href":"https:\/\/www.milosnicylasu.olsztyn.pl\/index.php?rest_route=\/wp\/v2\/posts\/3666\/revisions"}],"predecessor-version":[{"id":3681,"href":"https:\/\/www.milosnicylasu.olsztyn.pl\/index.php?rest_route=\/wp\/v2\/posts\/3666\/revisions\/3681"}],"wp:attachment":[{"href":"https:\/\/www.milosnicylasu.olsztyn.pl\/index.php?rest_route=%2Fwp%2Fv2%2Fmedia&parent=3666"}],"wp:term":[{"taxonomy":"category","embeddable":true,"href":"https:\/\/www.milosnicylasu.olsztyn.pl\/index.php?rest_route=%2Fwp%2Fv2%2Fcategories&post=3666"},{"taxonomy":"post_tag","embeddable":true,"href":"https:\/\/www.milosnicylasu.olsztyn.pl\/index.php?rest_route=%2Fwp%2Fv2%2Ftags&post=3666"}],"curies":[{"name":"wp","href":"https:\/\/api.w.org\/{rel}","templated":true}]}}