{"id":3675,"date":"2017-06-08T13:20:41","date_gmt":"2017-06-08T11:20:41","guid":{"rendered":"http:\/\/www.milosnicylasu.olsztyn.pl\/?p=3675"},"modified":"2017-06-08T13:29:05","modified_gmt":"2017-06-08T11:29:05","slug":"podziekowanie-i-odznaczenia-dla-straznikow-lesnych","status":"publish","type":"post","link":"https:\/\/www.milosnicylasu.olsztyn.pl\/?p=3675","title":{"rendered":"Podzi\u0119kowanie i odznaczenia dla stra\u017cnik\u00f3w le\u015bnych"},"content":{"rendered":"<p style=\"text-align: left;\"><a href=\"http:\/\/www.milosnicylasu.olsztyn.pl\/wp-content\/uploads\/2017\/06\/IMG_20170607_090822486-www.jpg\" rel=\"attachment wp-att-3676\" data-rel=\"lightbox-image-0\" data-magnific_type=\"image\" data-rl_title=\"\" data-rl_caption=\"\" title=\"\"><img loading=\"lazy\" decoding=\"async\" class=\"alignnone size-medium wp-image-3676\" src=\"http:\/\/www.milosnicylasu.olsztyn.pl\/wp-content\/uploads\/2017\/06\/IMG_20170607_090822486-www-300x169.jpg\" alt=\"IMG_20170607_090822486-www\" width=\"300\" height=\"169\" srcset=\"https:\/\/www.milosnicylasu.olsztyn.pl\/wp-content\/uploads\/2017\/06\/IMG_20170607_090822486-www-300x169.jpg 300w, https:\/\/www.milosnicylasu.olsztyn.pl\/wp-content\/uploads\/2017\/06\/IMG_20170607_090822486-www-768x432.jpg 768w, https:\/\/www.milosnicylasu.olsztyn.pl\/wp-content\/uploads\/2017\/06\/IMG_20170607_090822486-www.jpg 1024w, https:\/\/www.milosnicylasu.olsztyn.pl\/wp-content\/uploads\/2017\/06\/IMG_20170607_090822486-www-500x281.jpg 500w\" sizes=\"auto, (max-width: 300px) 100vw, 300px\" \/><\/a><\/p>\n<p style=\"text-align: left;\">Z okazji 8 rocznicy Ko\u0142a Mi\u0142o\u015bnik\u00f3w Lasu i \u00a0Militari\u00f3w LOK przy ATW w Olsztynie, \u00a0dla os\u00f3b i firm, kt\u00f3re by\u0142y w minionym okresie szczeg\u00f3lnie zaanga\u017cowane w realizacj\u0119 plan\u00f3w pracy Ko\u0142a, zosta\u0142y przyznane odznaczenia i statuetki. \u00a0 W\u015br\u00f3d wyr\u00f3\u017cnionych os\u00f3b, s\u0105 pracownicy Nadle\u015bnictw, kt\u00f3re organizuj\u0105 nam edukacj\u0119 przyrodniczo-le\u015bn\u0105 w terenie.<\/p>\n<p><a href=\"http:\/\/www.milosnicylasu.olsztyn.pl\/wp-content\/uploads\/2017\/06\/IMG_20170607_090808043-www.jpg\" rel=\"attachment wp-att-3677\" data-rel=\"lightbox-image-1\" data-magnific_type=\"image\" data-rl_title=\"\" data-rl_caption=\"\" title=\"\"><img loading=\"lazy\" decoding=\"async\" class=\"alignnone size-medium wp-image-3677\" src=\"http:\/\/www.milosnicylasu.olsztyn.pl\/wp-content\/uploads\/2017\/06\/IMG_20170607_090808043-www-300x169.jpg\" alt=\"IMG_20170607_090808043-www\" width=\"300\" height=\"169\" srcset=\"https:\/\/www.milosnicylasu.olsztyn.pl\/wp-content\/uploads\/2017\/06\/IMG_20170607_090808043-www-300x169.jpg 300w, https:\/\/www.milosnicylasu.olsztyn.pl\/wp-content\/uploads\/2017\/06\/IMG_20170607_090808043-www-768x432.jpg 768w, https:\/\/www.milosnicylasu.olsztyn.pl\/wp-content\/uploads\/2017\/06\/IMG_20170607_090808043-www.jpg 1024w, https:\/\/www.milosnicylasu.olsztyn.pl\/wp-content\/uploads\/2017\/06\/IMG_20170607_090808043-www-500x281.jpg 500w\" sizes=\"auto, (max-width: 300px) 100vw, 300px\" \/><\/a><\/p>\n<p>7 czerwca 2017 r., w Regionalnej Dyrekcji Las\u00f3w Pa\u0144stwowych w Olsztynie, w trakcie narady komendant\u00f3w i stra\u017cnik\u00f3w le\u015bnych, zosta\u0142y wr\u0119czone odznaki <strong>Zas\u0142u\u017cony Dzia\u0142acz Ligi Obrony Kraju<\/strong> dla nast\u0119puj\u0105cych le\u015bnik\u00f3w:<\/p>\n<p><strong>z Nadle\u015bnictwa Mi\u0142om\u0142yn &#8211; Pan Adam Konczanin<\/strong><\/p>\n<p><strong>z Nadle\u015bnictwa Orneta &#8211; Zdzis\u0142aw Bagi\u0144ski<\/strong><\/p>\n<p><strong>\u00a0z Nadle\u015bnictwa Wichrowo &#8211; Jaros\u0142aw Go\u0142aszewski i Jaros\u0142aw Bury<\/strong><\/p>\n<p><strong>\u00a0Z Nadle\u015bnictwa Nowe Ramuki &#8211; Tadeusz Stec i Jerzy Chrostowski<\/strong><\/p>\n<p>W imieniu Prezesa Warmi\u0144sko-Mazurskiej Organizacji Wojew\u00f3dzkiej LOK, dekoracji dokona\u0142 Prezes Ko\u0142a \u00a0Anatol Leszczy\u0144ski w towarzystwie Z-cy dyrektora d\/s rozwoju RDLP w Olsztynie Pana Mariusza Orzechowskiego.<\/p>\n<p>Gratulujemy odznaczonym, \u00a0serdecznie \u00a0dzi\u0119kuj\u0105c za dotychczasow\u0105 wsp\u00f3\u0142prac\u0119, mamy nadziej\u0119 na rych\u0142e spotkania z wspania\u0142ymi lud\u017ami.<\/p>\n<p>_________________________________________________________________<\/p>\n<p><strong>\u00a0I tak dla przypomnienia czym si\u0119 zajmuj\u0105 stra\u017cnicy le\u015bni ?<\/strong> \u00a0\/ oczywi\u015bcie opr\u00f3cz zajmowania si\u0119 cz\u0142onkami Ko\u0142a w trakcie naszej edukacji w nadle\u015bnictwach\/<\/p>\n<p>Stra\u017cnik le\u015bny tak\u017ce jest le\u015bnikiem-pracownikiem nadle\u015bnictwa, ale ma szczeg\u00f3lne zadania do wykonania. Stra\u017c Le\u015bna to specjalna kom\u00f3rka, powo\u0142ywana w ka\u017cdym nadle\u015bnictwie do zwalczania szkodnictwa le\u015bnego. Lasy s\u0105 naszym najwi\u0119kszym bogactwem narodowym, ale zagra\u017ca im ogromna liczba zjawisk szkodliwych. Sprawc\u0105 wi\u0119kszo\u015bci z nich jest cz\u0142owiek. Stra\u017cnicy le\u015bni chroni\u0105 las i mienie nadle\u015bnictwa przed kradzie\u017cami i zniszczeniami. Prowadz\u0105 dzia\u0142alno\u015b\u0107 prewencyjn\u0105 i \u015bcigaj\u0105 sprawc\u00f3w kradzie\u017cy drewna, k\u0142usownictwa oraz licznych przypadk\u00f3w bezprawnego korzystania z lasu.<\/p>\n<p>W ka\u017cdym nadle\u015bnictwie jest tylko 2-3 etatowych stra\u017cnik\u00f3w le\u015bnych, st\u0105d uprawnienia stra\u017cnika maj\u0105 tak\u017ce inni pracownicy S\u0142u\u017cby Le\u015bnej. Zapobieganie szkodom oraz zwalczanie przypadk\u00f3w szkodnictwa to tak\u017ce jedno z g\u0142\u00f3wnych zada\u0144 le\u015bniczego i podle\u015bniczego ka\u017cdego le\u015bnictwa w kraju.<\/p>\n<p>&nbsp;<\/p>\n<p>&nbsp;<\/p>\n<p>&nbsp;<\/p>\n","protected":false},"excerpt":{"rendered":"<p>Z okazji 8 rocznicy Ko\u0142a Mi\u0142o\u015bnik\u00f3w Lasu i \u00a0Militari\u00f3w LOK przy ATW w Olsztynie, \u00a0dla os\u00f3b i firm, kt\u00f3re by\u0142y w minionym okresie szczeg\u00f3lnie zaanga\u017cowane w realizacj\u0119 plan\u00f3w pracy Ko\u0142a, zosta\u0142y przyznane odznaczenia i statuetki. \u00a0 W\u015br\u00f3d wyr\u00f3\u017cnionych os\u00f3b, s\u0105 pracownicy Nadle\u015bnictw, kt\u00f3re organizuj\u0105 nam edukacj\u0119 przyrodniczo-le\u015bn\u0105 w terenie. 7 czerwca 2017 r., w Regionalnej [&hellip;]<\/p>\n","protected":false},"author":2,"featured_media":0,"comment_status":"open","ping_status":"open","sticky":false,"template":"","format":"standard","meta":{"footnotes":""},"categories":[1,9,17,6],"tags":[],"class_list":["post-3675","post","type-post","status-publish","format-standard","hentry","category-bez-kategorii","category-ciekawostki","category-edukacja-w-terenie","category-odznaczenia"],"_links":{"self":[{"href":"https:\/\/www.milosnicylasu.olsztyn.pl\/index.php?rest_route=\/wp\/v2\/posts\/3675","targetHints":{"allow":["GET"]}}],"collection":[{"href":"https:\/\/www.milosnicylasu.olsztyn.pl\/index.php?rest_route=\/wp\/v2\/posts"}],"about":[{"href":"https:\/\/www.milosnicylasu.olsztyn.pl\/index.php?rest_route=\/wp\/v2\/types\/post"}],"author":[{"embeddable":true,"href":"https:\/\/www.milosnicylasu.olsztyn.pl\/index.php?rest_route=\/wp\/v2\/users\/2"}],"replies":[{"embeddable":true,"href":"https:\/\/www.milosnicylasu.olsztyn.pl\/index.php?rest_route=%2Fwp%2Fv2%2Fcomments&post=3675"}],"version-history":[{"count":3,"href":"https:\/\/www.milosnicylasu.olsztyn.pl\/index.php?rest_route=\/wp\/v2\/posts\/3675\/revisions"}],"predecessor-version":[{"id":3680,"href":"https:\/\/www.milosnicylasu.olsztyn.pl\/index.php?rest_route=\/wp\/v2\/posts\/3675\/revisions\/3680"}],"wp:attachment":[{"href":"https:\/\/www.milosnicylasu.olsztyn.pl\/index.php?rest_route=%2Fwp%2Fv2%2Fmedia&parent=3675"}],"wp:term":[{"taxonomy":"category","embeddable":true,"href":"https:\/\/www.milosnicylasu.olsztyn.pl\/index.php?rest_route=%2Fwp%2Fv2%2Fcategories&post=3675"},{"taxonomy":"post_tag","embeddable":true,"href":"https:\/\/www.milosnicylasu.olsztyn.pl\/index.php?rest_route=%2Fwp%2Fv2%2Ftags&post=3675"}],"curies":[{"name":"wp","href":"https:\/\/api.w.org\/{rel}","templated":true}]}}