{"id":3683,"date":"2017-06-12T11:45:50","date_gmt":"2017-06-12T09:45:50","guid":{"rendered":"http:\/\/www.milosnicylasu.olsztyn.pl\/?p=3683"},"modified":"2017-06-23T09:15:08","modified_gmt":"2017-06-23T07:15:08","slug":"ostatni-rajd-przed-wakacjami","status":"publish","type":"post","link":"https:\/\/www.milosnicylasu.olsztyn.pl\/?p=3683","title":{"rendered":"Ostatni rajd przed wakacjami"},"content":{"rendered":"<p><a href=\"http:\/\/www.milosnicylasu.olsztyn.pl\/wp-content\/uploads\/2017\/06\/DSCN1396-www.jpg\" rel=\"attachment wp-att-3684\" data-rel=\"lightbox-image-0\" data-magnific_type=\"image\" data-rl_title=\"\" data-rl_caption=\"\" title=\"\"><img loading=\"lazy\" decoding=\"async\" class=\"size-medium wp-image-3684 alignleft\" src=\"http:\/\/www.milosnicylasu.olsztyn.pl\/wp-content\/uploads\/2017\/06\/DSCN1396-www-300x225.jpg\" alt=\"DSCN1396-www\" width=\"300\" height=\"225\" srcset=\"https:\/\/www.milosnicylasu.olsztyn.pl\/wp-content\/uploads\/2017\/06\/DSCN1396-www-300x225.jpg 300w, https:\/\/www.milosnicylasu.olsztyn.pl\/wp-content\/uploads\/2017\/06\/DSCN1396-www-768x576.jpg 768w, https:\/\/www.milosnicylasu.olsztyn.pl\/wp-content\/uploads\/2017\/06\/DSCN1396-www.jpg 1024w, https:\/\/www.milosnicylasu.olsztyn.pl\/wp-content\/uploads\/2017\/06\/DSCN1396-www-400x300.jpg 400w\" sizes=\"auto, (max-width: 300px) 100vw, 300px\" \/><\/a><\/p>\n<p>Powoli ko\u0144czymy kolejny rok akademicki. 1 czerwca spotkali\u015bmy si\u0119 na ostatnim czwartku ekologicznym w RDLP w Olsztynie, a 10 czerwca Waldek Chrzanowski poprowadzi\u0142 nas ostatni raz przed wakacjami po lasach Le\u015bnictwa Stary Dw\u00f3r.<a href=\"http:\/\/www.milosnicylasu.olsztyn.pl\/wp-content\/uploads\/2017\/06\/DSCN1392-www.jpg\" rel=\"attachment wp-att-3686\" data-rel=\"lightbox-image-1\" data-magnific_type=\"image\" data-rl_title=\"\" data-rl_caption=\"\" title=\"\"><img loading=\"lazy\" decoding=\"async\" class=\"size-medium wp-image-3686 alignright\" src=\"http:\/\/www.milosnicylasu.olsztyn.pl\/wp-content\/uploads\/2017\/06\/DSCN1392-www-300x225.jpg\" alt=\"DSCN1392-www\" width=\"300\" height=\"225\" srcset=\"https:\/\/www.milosnicylasu.olsztyn.pl\/wp-content\/uploads\/2017\/06\/DSCN1392-www-300x225.jpg 300w, https:\/\/www.milosnicylasu.olsztyn.pl\/wp-content\/uploads\/2017\/06\/DSCN1392-www-768x576.jpg 768w, https:\/\/www.milosnicylasu.olsztyn.pl\/wp-content\/uploads\/2017\/06\/DSCN1392-www.jpg 1024w, https:\/\/www.milosnicylasu.olsztyn.pl\/wp-content\/uploads\/2017\/06\/DSCN1392-www-400x300.jpg 400w\" sizes=\"auto, (max-width: 300px) 100vw, 300px\" \/><\/a><\/p>\n<p>A by\u0142o pi\u0119knie, bo przyroda przybiera ju\u017c szat\u0119 letni\u0105, zielono, mn\u00f3stwo kwiat\u00f3w, \u015bpiew ptak\u00f3w, uroczy\u015bcie, bo najwytrwalsi piechurzy zostali nagrodzeni upominkami, weso\u0142o, bo Rysia Wiejek zadba\u0142a o opraw\u0119 muzyczn\u0105, wiec by\u0142y \u015bpiewy i nawet ta\u0144ce, no i&#8230;. bardzo ,bardzo smakowicie. Tyle pysznych potraw trudno by by\u0142o spotka\u0107 na \u00a0najbardziej wyrafinowanych przyj\u0119ciach.<\/p>\n<p>Jeszcze 6,7,8 lipca\u00a0b\u0119dziemy \u00a0z wycieczk\u0105 \u00a0 na Podlasiu, a .<\/p>\n<p>potem &#8230;..wakacje, wakacje, wakacje&#8230;<\/p>\n","protected":false},"excerpt":{"rendered":"<p>Powoli ko\u0144czymy kolejny rok akademicki. 1 czerwca spotkali\u015bmy si\u0119 na ostatnim czwartku ekologicznym w RDLP w Olsztynie, a 10 czerwca Waldek Chrzanowski poprowadzi\u0142 nas ostatni raz przed wakacjami po lasach Le\u015bnictwa Stary Dw\u00f3r. A by\u0142o pi\u0119knie, bo przyroda przybiera ju\u017c szat\u0119 letni\u0105, zielono, mn\u00f3stwo kwiat\u00f3w, \u015bpiew ptak\u00f3w, uroczy\u015bcie, bo najwytrwalsi piechurzy zostali nagrodzeni upominkami, weso\u0142o, [&hellip;]<\/p>\n","protected":false},"author":2,"featured_media":0,"comment_status":"open","ping_status":"open","sticky":false,"template":"","format":"standard","meta":{"footnotes":""},"categories":[1,9,17,2],"tags":[],"class_list":["post-3683","post","type-post","status-publish","format-standard","hentry","category-bez-kategorii","category-ciekawostki","category-edukacja-w-terenie","category-rajdy"],"_links":{"self":[{"href":"https:\/\/www.milosnicylasu.olsztyn.pl\/index.php?rest_route=\/wp\/v2\/posts\/3683","targetHints":{"allow":["GET"]}}],"collection":[{"href":"https:\/\/www.milosnicylasu.olsztyn.pl\/index.php?rest_route=\/wp\/v2\/posts"}],"about":[{"href":"https:\/\/www.milosnicylasu.olsztyn.pl\/index.php?rest_route=\/wp\/v2\/types\/post"}],"author":[{"embeddable":true,"href":"https:\/\/www.milosnicylasu.olsztyn.pl\/index.php?rest_route=\/wp\/v2\/users\/2"}],"replies":[{"embeddable":true,"href":"https:\/\/www.milosnicylasu.olsztyn.pl\/index.php?rest_route=%2Fwp%2Fv2%2Fcomments&post=3683"}],"version-history":[{"count":6,"href":"https:\/\/www.milosnicylasu.olsztyn.pl\/index.php?rest_route=\/wp\/v2\/posts\/3683\/revisions"}],"predecessor-version":[{"id":3715,"href":"https:\/\/www.milosnicylasu.olsztyn.pl\/index.php?rest_route=\/wp\/v2\/posts\/3683\/revisions\/3715"}],"wp:attachment":[{"href":"https:\/\/www.milosnicylasu.olsztyn.pl\/index.php?rest_route=%2Fwp%2Fv2%2Fmedia&parent=3683"}],"wp:term":[{"taxonomy":"category","embeddable":true,"href":"https:\/\/www.milosnicylasu.olsztyn.pl\/index.php?rest_route=%2Fwp%2Fv2%2Fcategories&post=3683"},{"taxonomy":"post_tag","embeddable":true,"href":"https:\/\/www.milosnicylasu.olsztyn.pl\/index.php?rest_route=%2Fwp%2Fv2%2Ftags&post=3683"}],"curies":[{"name":"wp","href":"https:\/\/api.w.org\/{rel}","templated":true}]}}