{"id":3718,"date":"2017-07-15T06:33:56","date_gmt":"2017-07-15T04:33:56","guid":{"rendered":"http:\/\/www.milosnicylasu.olsztyn.pl\/?p=3718"},"modified":"2017-07-17T06:33:15","modified_gmt":"2017-07-17T04:33:15","slug":"podziekowanie-dla-lesnikow","status":"publish","type":"post","link":"https:\/\/www.milosnicylasu.olsztyn.pl\/?p=3718","title":{"rendered":"Podzi\u0119kowanie dla le\u015bnik\u00f3w"},"content":{"rendered":"<p>11 lipca cz\u0142onkowie zarz\u0105du Ko\u0142a Mi\u0142o\u015bnik\u00f3w Lasu i Militari\u00f3w LOK przy ATW w Olsztynie spotkali si\u0119 z le\u015bnikami z Nadle\u015bnictwa Jagie\u0142ek aby podzi\u0119kowa\u0107 za dotychczasow\u0105 pomoc w realizacji plan\u00f3w pracy Ko\u0142a. <a href=\"http:\/\/www.milosnicylasu.olsztyn.pl\/wp-content\/uploads\/2017\/07\/DSCN2337-www.jpg\" data-rel=\"lightbox-image-0\" data-magnific_type=\"image\" data-rl_title=\"\" data-rl_caption=\"\" title=\"\"><img loading=\"lazy\" decoding=\"async\" class=\"size-medium wp-image-3719 alignleft\" src=\"http:\/\/www.milosnicylasu.olsztyn.pl\/wp-content\/uploads\/2017\/07\/DSCN2337-www-300x225.jpg\" alt=\"\" width=\"300\" height=\"225\" srcset=\"https:\/\/www.milosnicylasu.olsztyn.pl\/wp-content\/uploads\/2017\/07\/DSCN2337-www-300x225.jpg 300w, https:\/\/www.milosnicylasu.olsztyn.pl\/wp-content\/uploads\/2017\/07\/DSCN2337-www-768x576.jpg 768w, https:\/\/www.milosnicylasu.olsztyn.pl\/wp-content\/uploads\/2017\/07\/DSCN2337-www.jpg 1024w, https:\/\/www.milosnicylasu.olsztyn.pl\/wp-content\/uploads\/2017\/07\/DSCN2337-www-400x300.jpg 400w\" sizes=\"auto, (max-width: 300px) 100vw, 300px\" \/><\/a><\/p>\n<p>Podczas narady w siedzibie Nadle\u015bnictwa, Prezes Ko\u0142a Anatol Leszczy\u0144ski, sekretarz Stefania Jarczyk i Krystyna Leszczy\u0144ska wr\u0119czyli Nadle\u015bniczemu Nadle\u015bnictwa Pani Bo\u017cenie Przes\u0142aw statuetk\u0119, a wszystkim zgromadzonym le\u015bnikom serdecznie podzi\u0119kowali za przekazywan\u0105 wiedz\u0119, go\u015bcinno\u015b\u0107 i wsparcie finansowe.\u00a0<a href=\"http:\/\/www.milosnicylasu.olsztyn.pl\/wp-content\/uploads\/2017\/07\/DSCN2341-www.jpg\" data-rel=\"lightbox-image-1\" data-magnific_type=\"image\" data-rl_title=\"\" data-rl_caption=\"\" title=\"\"><img loading=\"lazy\" decoding=\"async\" class=\"size-medium wp-image-3720 alignright\" src=\"http:\/\/www.milosnicylasu.olsztyn.pl\/wp-content\/uploads\/2017\/07\/DSCN2341-www-300x225.jpg\" alt=\"\" width=\"300\" height=\"225\" srcset=\"https:\/\/www.milosnicylasu.olsztyn.pl\/wp-content\/uploads\/2017\/07\/DSCN2341-www-300x225.jpg 300w, https:\/\/www.milosnicylasu.olsztyn.pl\/wp-content\/uploads\/2017\/07\/DSCN2341-www-768x576.jpg 768w, https:\/\/www.milosnicylasu.olsztyn.pl\/wp-content\/uploads\/2017\/07\/DSCN2341-www.jpg 1024w, https:\/\/www.milosnicylasu.olsztyn.pl\/wp-content\/uploads\/2017\/07\/DSCN2341-www-400x300.jpg 400w\" sizes=\"auto, (max-width: 300px) 100vw, 300px\" \/><\/a><\/p>\n<p><strong>Dzi\u0119kujemy! \u00a0<\/strong><\/p>\n<p>A dla przypomnienia par\u0119 danych dotycz\u0105cych Nadle\u015bnictwa Jagie\u0142ek<\/p>\n<p>Nadle\u015bnictwo Jagie\u0142ek po\u0142o\u017cone jest na terenie Wojew\u00f3dztwa Warmi\u0144sko -Mazurskiego w nast\u0119puj\u0105cych gminach: Gietrzwa\u0142d, Grunwald, Olsztynek, Ostr\u00f3da i Stawiguda. Siedziba Nadle\u015bnictwa Jagie\u0142ek znajduje si\u0119 w Olsztynku przy ul. Park 1. Powierzchnia og\u00f3lna Nadle\u015bnictwa Jagie\u0142ek wynosi 11 771,49 ha w tym le\u015bna 10 979,00 ha. Zasi\u0119g terytorialny to 218,48 km2. Nadle\u015bnictwo sk\u0142ada si\u0119 z jednego obr\u0119bu. \u015arednia lesisto\u015b\u0107 wynosz\u0105ca blisko 53 % znacznie przekracza lesisto\u015b\u0107 wojew\u00f3dztwa warmi\u0144sko-mazurskiego jak r\u00f3wnie\u017c kraju. W sk\u0142ad Nadle\u015bnictwa wchodzi 8 le\u015bnictw: Mitelki, Kieraj, Makruty, Wym\u00f3j, Macierzanka, Jagie\u0142ek, Potok, Warlity oraz Szk\u00f3\u0142ka Le\u015bna.<\/p>\n<p>&nbsp;<\/p>\n<p>&nbsp;<\/p>\n","protected":false},"excerpt":{"rendered":"<p>11 lipca cz\u0142onkowie zarz\u0105du Ko\u0142a Mi\u0142o\u015bnik\u00f3w Lasu i Militari\u00f3w LOK przy ATW w Olsztynie spotkali si\u0119 z le\u015bnikami z Nadle\u015bnictwa Jagie\u0142ek aby podzi\u0119kowa\u0107 za dotychczasow\u0105 pomoc w realizacji plan\u00f3w pracy Ko\u0142a. Podczas narady w siedzibie Nadle\u015bnictwa, Prezes Ko\u0142a Anatol Leszczy\u0144ski, sekretarz Stefania Jarczyk i Krystyna Leszczy\u0144ska wr\u0119czyli Nadle\u015bniczemu Nadle\u015bnictwa Pani Bo\u017cenie Przes\u0142aw statuetk\u0119, a wszystkim [&hellip;]<\/p>\n","protected":false},"author":2,"featured_media":0,"comment_status":"open","ping_status":"open","sticky":false,"template":"","format":"standard","meta":{"footnotes":""},"categories":[1,9,17,6],"tags":[],"class_list":["post-3718","post","type-post","status-publish","format-standard","hentry","category-bez-kategorii","category-ciekawostki","category-edukacja-w-terenie","category-odznaczenia"],"_links":{"self":[{"href":"https:\/\/www.milosnicylasu.olsztyn.pl\/index.php?rest_route=\/wp\/v2\/posts\/3718","targetHints":{"allow":["GET"]}}],"collection":[{"href":"https:\/\/www.milosnicylasu.olsztyn.pl\/index.php?rest_route=\/wp\/v2\/posts"}],"about":[{"href":"https:\/\/www.milosnicylasu.olsztyn.pl\/index.php?rest_route=\/wp\/v2\/types\/post"}],"author":[{"embeddable":true,"href":"https:\/\/www.milosnicylasu.olsztyn.pl\/index.php?rest_route=\/wp\/v2\/users\/2"}],"replies":[{"embeddable":true,"href":"https:\/\/www.milosnicylasu.olsztyn.pl\/index.php?rest_route=%2Fwp%2Fv2%2Fcomments&post=3718"}],"version-history":[{"count":4,"href":"https:\/\/www.milosnicylasu.olsztyn.pl\/index.php?rest_route=\/wp\/v2\/posts\/3718\/revisions"}],"predecessor-version":[{"id":3738,"href":"https:\/\/www.milosnicylasu.olsztyn.pl\/index.php?rest_route=\/wp\/v2\/posts\/3718\/revisions\/3738"}],"wp:attachment":[{"href":"https:\/\/www.milosnicylasu.olsztyn.pl\/index.php?rest_route=%2Fwp%2Fv2%2Fmedia&parent=3718"}],"wp:term":[{"taxonomy":"category","embeddable":true,"href":"https:\/\/www.milosnicylasu.olsztyn.pl\/index.php?rest_route=%2Fwp%2Fv2%2Fcategories&post=3718"},{"taxonomy":"post_tag","embeddable":true,"href":"https:\/\/www.milosnicylasu.olsztyn.pl\/index.php?rest_route=%2Fwp%2Fv2%2Ftags&post=3718"}],"curies":[{"name":"wp","href":"https:\/\/api.w.org\/{rel}","templated":true}]}}