{"id":3728,"date":"2017-07-15T08:08:50","date_gmt":"2017-07-15T06:08:50","guid":{"rendered":"http:\/\/www.milosnicylasu.olsztyn.pl\/?p=3728"},"modified":"2017-07-15T08:33:11","modified_gmt":"2017-07-15T06:33:11","slug":"wyprawa-na-podlasie-cz-ii-suprasl","status":"publish","type":"post","link":"https:\/\/www.milosnicylasu.olsztyn.pl\/?p=3728","title":{"rendered":"Wyprawa na Podlasie cz.II Supra\u015bl"},"content":{"rendered":"<div id=\"content\" class=\"mw-body\" role=\"main\">\n<div id=\"bodyContent\" class=\"mw-body-content\">\n<div id=\"mw-content-text\" class=\"mw-content-ltr\" dir=\"ltr\" lang=\"pl\">\n<div class=\"mw-parser-output\">\n<p>Na pocz\u0105tku naszej wyprawy zwiedzili\u015bmy miasto Supra\u015bl &#8211;\u00a0\u00a0siedzib\u0119 gminy miejsko &#8211; wiejskiej. Po\u0142o\u017cone jest nad rzek\u0105 Supra\u015bl. Wed\u0142ug danych z 1 stycznia 2013 miasto mia\u0142o 4673 mieszka\u0144c\u00f3w<span style=\"font-size: 10px;\">.\u00a0<\/span><\/p>\n<p>A z wa\u017cniejszych zabytk\u00f3w, kt\u00f3re widzieli\u015bmy w Supra\u015blu to:<\/p>\n<\/div>\n<\/div>\n<\/div>\n<\/div>\n<p><strong><a href=\"http:\/\/www.milosnicylasu.olsztyn.pl\/wp-content\/uploads\/2017\/07\/DSCN1829-www.jpg\" data-rel=\"lightbox-image-0\" data-magnific_type=\"image\" data-rl_title=\"\" data-rl_caption=\"\" title=\"\"><img loading=\"lazy\" decoding=\"async\" class=\"size-medium wp-image-3729 alignleft\" src=\"http:\/\/www.milosnicylasu.olsztyn.pl\/wp-content\/uploads\/2017\/07\/DSCN1829-www-300x225.jpg\" alt=\"\" width=\"300\" height=\"225\" srcset=\"https:\/\/www.milosnicylasu.olsztyn.pl\/wp-content\/uploads\/2017\/07\/DSCN1829-www-300x225.jpg 300w, https:\/\/www.milosnicylasu.olsztyn.pl\/wp-content\/uploads\/2017\/07\/DSCN1829-www-768x576.jpg 768w, https:\/\/www.milosnicylasu.olsztyn.pl\/wp-content\/uploads\/2017\/07\/DSCN1829-www.jpg 1024w, https:\/\/www.milosnicylasu.olsztyn.pl\/wp-content\/uploads\/2017\/07\/DSCN1829-www-400x300.jpg 400w\" sizes=\"auto, (max-width: 300px) 100vw, 300px\" \/><\/a>Pa\u0142ac Buchholtz\u00f3w<\/strong><\/p>\n<p>Obecnie mie\u015bci si\u0119 w nim liceum plastyczne. Budynek zachowa\u0142 jednak sw\u00f3j dawny charakter. Jest to secesyjna siedziba jednej z rodzin supraskich fabrykant\u00f3w, kt\u00f3ra powsta\u0142a w latach 1892 \u2013 1903. Zewn\u0119trzne \u015bciany pa\u0142acu s\u0105 przepi\u0119knie zdobione wypuk\u0142ymi kolumienkami i ciekawym wzornictwem, za\u015b ca\u0142o\u015b\u0107 \u015bciany frontowej dope\u0142nia portyk balkonowy wsparty 4 kolumnami z g\u0142owicami. Wn\u0119trze budynku to bogaty wystr\u00f3j secesyjny, zachowane polichromie, sztukateria i \u017celiwna klatka schodowa.<\/p>\n<p><strong><a href=\"http:\/\/www.milosnicylasu.olsztyn.pl\/wp-content\/uploads\/2017\/07\/DSCN1815-www.jpg\" data-rel=\"lightbox-image-1\" data-magnific_type=\"image\" data-rl_title=\"\" data-rl_caption=\"\" title=\"\"><img loading=\"lazy\" decoding=\"async\" class=\"size-medium wp-image-3734 alignright\" src=\"http:\/\/www.milosnicylasu.olsztyn.pl\/wp-content\/uploads\/2017\/07\/DSCN1815-www-300x225.jpg\" alt=\"\" width=\"300\" height=\"225\" srcset=\"https:\/\/www.milosnicylasu.olsztyn.pl\/wp-content\/uploads\/2017\/07\/DSCN1815-www-300x225.jpg 300w, https:\/\/www.milosnicylasu.olsztyn.pl\/wp-content\/uploads\/2017\/07\/DSCN1815-www-768x576.jpg 768w, https:\/\/www.milosnicylasu.olsztyn.pl\/wp-content\/uploads\/2017\/07\/DSCN1815-www.jpg 1024w, https:\/\/www.milosnicylasu.olsztyn.pl\/wp-content\/uploads\/2017\/07\/DSCN1815-www-400x300.jpg 400w\" sizes=\"auto, (max-width: 300px) 100vw, 300px\" \/><\/a>Ratusz Miejski<\/strong><\/p>\n<p>Na pocz\u0105tku \u017ce\u0144ska szko\u0142a prywatna zbudowana w 1906 roku., dzi\u0119ki ofiarno\u015bci baronowej J\u00f3zefiny Zachert. W okresie zaboru rosyjskiego prowadzono tu tajne lekcje j\u0119zyka polskiego i historii Polski. Obecnie budynek u\u017cytkowany jest przez Urz\u0105d Miasta.<\/p>\n<p><strong>Domy Tkaczy<\/strong><\/p>\n<p>Budowane w latach 30. XIX w. nadawa\u0142y miasteczku klimat przemys\u0142owy. By\u0142y to drewniane, parterowe budynki mieszkalne, w kt\u00f3rych suprascy cha\u0142upnicy zajmowali si\u0119 tkactwem. Domki by\u0142y bielone wapnem a dachy kryte gontem lub dach\u00f3wk\u0105 ceramiczn\u0105.<\/p>\n<h2><a href=\"http:\/\/www.milosnicylasu.olsztyn.pl\/wp-content\/uploads\/2017\/07\/DSCN1833-www.jpg\" data-rel=\"lightbox-image-2\" data-magnific_type=\"image\" data-rl_title=\"\" data-rl_caption=\"\" title=\"\"><img loading=\"lazy\" decoding=\"async\" class=\"size-medium wp-image-3730 alignleft\" src=\"http:\/\/www.milosnicylasu.olsztyn.pl\/wp-content\/uploads\/2017\/07\/DSCN1833-www-300x225.jpg\" alt=\"\" width=\"300\" height=\"225\" srcset=\"https:\/\/www.milosnicylasu.olsztyn.pl\/wp-content\/uploads\/2017\/07\/DSCN1833-www-300x225.jpg 300w, https:\/\/www.milosnicylasu.olsztyn.pl\/wp-content\/uploads\/2017\/07\/DSCN1833-www-768x576.jpg 768w, https:\/\/www.milosnicylasu.olsztyn.pl\/wp-content\/uploads\/2017\/07\/DSCN1833-www.jpg 1024w, https:\/\/www.milosnicylasu.olsztyn.pl\/wp-content\/uploads\/2017\/07\/DSCN1833-www-400x300.jpg 400w\" sizes=\"auto, (max-width: 300px) 100vw, 300px\" \/><\/a>Zesp\u00f3l klasztoru Bazylian\u00f3w Supraska Ikona<\/h2>\n<p>Na dziedzi\u0144cu za\u0142o\u017cenia klasztornego stoi niezwykle okaza\u0142a,\u00a0renesansowa, obronna cerkiew Zwiastowania NMP z lat 1503-11. Zniszczona podczas wojny w 1944 roku,\u00a0obecnie jest pi\u0119knie zrekonstruowana. Wn\u0119trze cerkwi robi niema\u0142e wra\u017cenie. Od pocz\u0105tku kultem otaczano tu Suprask\u0105 Ikon\u0119 Matki Bo\u017cej &#8211; kopi\u0119\u00a0Smole\u0144skiej Ikony Matki Bo\u017cej, wielce czczonej na Rusi. Niestety w\u00a01915 roku\u00a0mnisi z Supra\u015bla wraz z prawos\u0142awn\u0105 ludno\u015bci\u0105 uciekli przed Niemcami do Rosji i zabrali ikon\u0119, kt\u00f3ra do Supra\u015bla ju\u017c nie powr\u00f3ci\u0142a. Jej kopia z XIX wieku\u00a0mie\u015bci si\u0119 w tutejszej\u00a0cerkwi \u015aw. Jana Teologa i to przed ni\u0105 modl\u0105 si\u0119 teraz wierni i do niej pielgrzymuj\u0105.<\/p>\n<p>W sk\u0142ad zespo\u0142u klasztornego wchodz\u0105 r\u00f3wnie\u017c: Pa\u0142ac Archimandryt\u00f3w powsta\u0142y w latach 1635-55, wspomniana cerkiew Jana Teologa z 1888 roku, brama &#8211; dzwonnica zbudowana w roku 1752 oraz barokowe zabudowania klasztorne z XVII i XVIII wieku.<\/p>\n<p><a href=\"http:\/\/www.milosnicylasu.olsztyn.pl\/wp-content\/uploads\/2017\/07\/DSCN1891-www.jpg\" data-rel=\"lightbox-image-3\" data-magnific_type=\"image\" data-rl_title=\"\" data-rl_caption=\"\" title=\"\"><img loading=\"lazy\" decoding=\"async\" class=\"size-medium wp-image-3731 alignright\" src=\"http:\/\/www.milosnicylasu.olsztyn.pl\/wp-content\/uploads\/2017\/07\/DSCN1891-www-300x225.jpg\" alt=\"\" width=\"300\" height=\"225\" srcset=\"https:\/\/www.milosnicylasu.olsztyn.pl\/wp-content\/uploads\/2017\/07\/DSCN1891-www-300x225.jpg 300w, https:\/\/www.milosnicylasu.olsztyn.pl\/wp-content\/uploads\/2017\/07\/DSCN1891-www-768x576.jpg 768w, https:\/\/www.milosnicylasu.olsztyn.pl\/wp-content\/uploads\/2017\/07\/DSCN1891-www.jpg 1024w, https:\/\/www.milosnicylasu.olsztyn.pl\/wp-content\/uploads\/2017\/07\/DSCN1891-www-400x300.jpg 400w\" sizes=\"auto, (max-width: 300px) 100vw, 300px\" \/><\/a>Muzeum Ikon w Supra\u015blu jest usytuowane w budynku dawnego Pa\u0142acu Archimandryt\u00f3w (przeor\u00f3w zakonu Bazylian\u00f3w) na terenie klasztoru. Obiekt funkcjonuje od pa\u017adziernika 2006r. i ma w swojej kolekcji ok. 1200 XVIII i XIX \u2013 wiecznych ikon, przedmiot\u00f3w sakralnych i unikalnych fresk\u00f3w. Muzeum to jest inne ni\u017c wszystkie, ma niezwyk\u0142y charakter, atmosfer\u0119 i umo\u017cliwia bardzo interesuj\u0105ce formy zwiedzania. Jest to pierwsze w Polsce interaktywne muzeum prezentuj\u0105ce sztuk\u0119 sakraln\u0105 prawos\u0142awia. Wystawy s\u0105 opatrzone opraw\u0105 \u015bwietln\u0105, obrazow\u0105 i d\u017awi\u0119kow\u0105. Ponadto, zwiedzaj\u0105cy maj\u0105 mo\u017cliwo\u015b\u0107 zobaczy\u0107 mnicha pisz\u0105cego ikony w swojej celi. Wszystko to nadaje niezwyk\u0142y charakter ca\u0142o\u015bci i pozwala poczu\u0107 atmosfer\u0119 i zrozumie\u0107 rol\u0119 ikony w Prawos\u0142awiu. Obiekt zawiera 9 sal, kt\u00f3rych wn\u0119trza s\u0105 zorganizowane w stylu np. pustelniczej pieczary, cerkwi lub chaty wiejskiej z domowym o\u0142tarzykiem. Histori\u0119 klasztoru obrazuj\u0105 XVI \u2013 wieczne freski zachowane z ruin cerkwi p.w. Zwiastowania NMP w Supra\u015blu.<\/p>\n","protected":false},"excerpt":{"rendered":"<p>Na pocz\u0105tku naszej wyprawy zwiedzili\u015bmy miasto Supra\u015bl &#8211;\u00a0\u00a0siedzib\u0119 gminy miejsko &#8211; wiejskiej. Po\u0142o\u017cone jest nad rzek\u0105 Supra\u015bl. Wed\u0142ug danych z 1 stycznia 2013 miasto mia\u0142o 4673 mieszka\u0144c\u00f3w.\u00a0 A z wa\u017cniejszych zabytk\u00f3w, kt\u00f3re widzieli\u015bmy w Supra\u015blu to: Pa\u0142ac Buchholtz\u00f3w Obecnie mie\u015bci si\u0119 w nim liceum plastyczne. Budynek zachowa\u0142 jednak sw\u00f3j dawny charakter. Jest to secesyjna siedziba [&hellip;]<\/p>\n","protected":false},"author":2,"featured_media":0,"comment_status":"open","ping_status":"open","sticky":false,"template":"","format":"standard","meta":{"footnotes":""},"categories":[1,9,17,5],"tags":[],"class_list":["post-3728","post","type-post","status-publish","format-standard","hentry","category-bez-kategorii","category-ciekawostki","category-edukacja-w-terenie","category-wycieczki"],"_links":{"self":[{"href":"https:\/\/www.milosnicylasu.olsztyn.pl\/index.php?rest_route=\/wp\/v2\/posts\/3728","targetHints":{"allow":["GET"]}}],"collection":[{"href":"https:\/\/www.milosnicylasu.olsztyn.pl\/index.php?rest_route=\/wp\/v2\/posts"}],"about":[{"href":"https:\/\/www.milosnicylasu.olsztyn.pl\/index.php?rest_route=\/wp\/v2\/types\/post"}],"author":[{"embeddable":true,"href":"https:\/\/www.milosnicylasu.olsztyn.pl\/index.php?rest_route=\/wp\/v2\/users\/2"}],"replies":[{"embeddable":true,"href":"https:\/\/www.milosnicylasu.olsztyn.pl\/index.php?rest_route=%2Fwp%2Fv2%2Fcomments&post=3728"}],"version-history":[{"count":4,"href":"https:\/\/www.milosnicylasu.olsztyn.pl\/index.php?rest_route=\/wp\/v2\/posts\/3728\/revisions"}],"predecessor-version":[{"id":3736,"href":"https:\/\/www.milosnicylasu.olsztyn.pl\/index.php?rest_route=\/wp\/v2\/posts\/3728\/revisions\/3736"}],"wp:attachment":[{"href":"https:\/\/www.milosnicylasu.olsztyn.pl\/index.php?rest_route=%2Fwp%2Fv2%2Fmedia&parent=3728"}],"wp:term":[{"taxonomy":"category","embeddable":true,"href":"https:\/\/www.milosnicylasu.olsztyn.pl\/index.php?rest_route=%2Fwp%2Fv2%2Fcategories&post=3728"},{"taxonomy":"post_tag","embeddable":true,"href":"https:\/\/www.milosnicylasu.olsztyn.pl\/index.php?rest_route=%2Fwp%2Fv2%2Ftags&post=3728"}],"curies":[{"name":"wp","href":"https:\/\/api.w.org\/{rel}","templated":true}]}}