{"id":3768,"date":"2017-07-26T11:27:16","date_gmt":"2017-07-26T09:27:16","guid":{"rendered":"http:\/\/www.milosnicylasu.olsztyn.pl\/?p=3768"},"modified":"2017-07-26T13:17:36","modified_gmt":"2017-07-26T11:17:36","slug":"wyprawa-na-podlasie-iv-dubicze-cerkiewne","status":"publish","type":"post","link":"https:\/\/www.milosnicylasu.olsztyn.pl\/?p=3768","title":{"rendered":"Wyprawa na Podlasie cz. IV &#8211; Dubicze Cerkiewne"},"content":{"rendered":"<h1>Dubicze Cerkiewne \u00a0za\u0142o\u017cono oko\u0142o 1532 roku.<\/h1>\n<p>Po\u0142o\u017cone na skraju Puszczy Bia\u0142owieskiej to miejsce dla tych, kt\u00f3re szukaj\u0105 spokoju, kontaktu z natur\u0105 i prawdziwego klimatu wsi podlaskiej. Tu czas p\u0142ynie wolniej. W wi\u0119kszo\u015bci prawos\u0142awna ludno\u015b\u0107 pochodzenia polskiego, ukrai\u0144skiego lub bia\u0142oruskiego, kt\u00f3ra do dzi\u015b zachowa\u0142a odr\u0119bny j\u0119zyk i zwyczaje, jest pozytywnie nastawiona do przyjezdnych.<a href=\"http:\/\/www.milosnicylasu.olsztyn.pl\/wp-content\/uploads\/2017\/07\/DSCN1960-www.jpg\" data-rel=\"lightbox-image-0\" data-magnific_type=\"image\" data-rl_title=\"\" data-rl_caption=\"\" title=\"\"><img loading=\"lazy\" decoding=\"async\" class=\"size-medium wp-image-3769 alignright\" src=\"http:\/\/www.milosnicylasu.olsztyn.pl\/wp-content\/uploads\/2017\/07\/DSCN1960-www-300x225.jpg\" alt=\"\" width=\"300\" height=\"225\" srcset=\"https:\/\/www.milosnicylasu.olsztyn.pl\/wp-content\/uploads\/2017\/07\/DSCN1960-www-300x225.jpg 300w, https:\/\/www.milosnicylasu.olsztyn.pl\/wp-content\/uploads\/2017\/07\/DSCN1960-www-768x576.jpg 768w, https:\/\/www.milosnicylasu.olsztyn.pl\/wp-content\/uploads\/2017\/07\/DSCN1960-www.jpg 1024w, https:\/\/www.milosnicylasu.olsztyn.pl\/wp-content\/uploads\/2017\/07\/DSCN1960-www-400x300.jpg 400w\" sizes=\"auto, (max-width: 300px) 100vw, 300px\" \/><\/a><\/p>\n<p>My w Dubiczach Cerkiewnych szukali\u015bmy i znale\u017ali\u015bmy noclegi i posi\u0142ki.Spotkali\u015bmy, wspania\u0142ych \u017cyczliwych ludzi, zobaczyli\u015bmy zabytki.<\/p>\n<p>Cerkiew prawos\u0142awna pw. Opieki Przenaj\u015bwi\u0119tszej Marii Panny z 1948 roku, powsta\u0142a na miejscu XVII-wiecznej cerkwi unickiej, kt\u00f3ra sp\u0142on\u0119\u0142a w czasie II wojny \u015bwiatowej.<a href=\"http:\/\/www.milosnicylasu.olsztyn.pl\/wp-content\/uploads\/2017\/07\/DSCN1981-www.jpg\" data-rel=\"lightbox-image-1\" data-magnific_type=\"image\" data-rl_title=\"\" data-rl_caption=\"\" title=\"\"><img loading=\"lazy\" decoding=\"async\" class=\"size-medium wp-image-3775 alignright\" src=\"http:\/\/www.milosnicylasu.olsztyn.pl\/wp-content\/uploads\/2017\/07\/DSCN1981-www-300x225.jpg\" alt=\"\" width=\"300\" height=\"225\" srcset=\"https:\/\/www.milosnicylasu.olsztyn.pl\/wp-content\/uploads\/2017\/07\/DSCN1981-www-300x225.jpg 300w, https:\/\/www.milosnicylasu.olsztyn.pl\/wp-content\/uploads\/2017\/07\/DSCN1981-www-768x576.jpg 768w, https:\/\/www.milosnicylasu.olsztyn.pl\/wp-content\/uploads\/2017\/07\/DSCN1981-www.jpg 1024w, https:\/\/www.milosnicylasu.olsztyn.pl\/wp-content\/uploads\/2017\/07\/DSCN1981-www-400x300.jpg 400w\" sizes=\"auto, (max-width: 300px) 100vw, 300px\" \/><\/a><\/p>\n<p>&nbsp;<\/p>\n<p>&nbsp;<\/p>\n<p>&nbsp;<\/p>\n<p><a href=\"http:\/\/www.milosnicylasu.olsztyn.pl\/wp-content\/uploads\/2017\/07\/DSCN1985-www.jpg\" data-rel=\"lightbox-image-2\" data-magnific_type=\"image\" data-rl_title=\"\" data-rl_caption=\"\" title=\"\"><img loading=\"lazy\" decoding=\"async\" class=\"size-medium wp-image-3770 alignleft\" src=\"http:\/\/www.milosnicylasu.olsztyn.pl\/wp-content\/uploads\/2017\/07\/DSCN1985-www-225x300.jpg\" alt=\"\" width=\"225\" height=\"300\" srcset=\"https:\/\/www.milosnicylasu.olsztyn.pl\/wp-content\/uploads\/2017\/07\/DSCN1985-www-225x300.jpg 225w, https:\/\/www.milosnicylasu.olsztyn.pl\/wp-content\/uploads\/2017\/07\/DSCN1985-www.jpg 768w\" sizes=\"auto, (max-width: 225px) 100vw, 225px\" \/><\/a><\/p>\n<p>&nbsp;<\/p>\n<p>&nbsp;<\/p>\n<p>&nbsp;<\/p>\n<p>&nbsp;<\/p>\n<p>Cmentarz prawos\u0142awny z XIX wieku<span style=\"font-size: 10px;\"><u>.<\/u><\/span><\/p>\n<p>&nbsp;<\/p>\n<p>&nbsp;<\/p>\n<p>&nbsp;<\/p>\n<p><a href=\"http:\/\/www.milosnicylasu.olsztyn.pl\/wp-content\/uploads\/2017\/07\/DSCN1988-www.jpg\" data-rel=\"lightbox-image-3\" data-magnific_type=\"image\" data-rl_title=\"\" data-rl_caption=\"\" title=\"\"><img loading=\"lazy\" decoding=\"async\" class=\"size-medium wp-image-3771 alignright\" src=\"http:\/\/www.milosnicylasu.olsztyn.pl\/wp-content\/uploads\/2017\/07\/DSCN1988-www-300x225.jpg\" alt=\"\" width=\"300\" height=\"225\" srcset=\"https:\/\/www.milosnicylasu.olsztyn.pl\/wp-content\/uploads\/2017\/07\/DSCN1988-www-300x225.jpg 300w, https:\/\/www.milosnicylasu.olsztyn.pl\/wp-content\/uploads\/2017\/07\/DSCN1988-www-768x576.jpg 768w, https:\/\/www.milosnicylasu.olsztyn.pl\/wp-content\/uploads\/2017\/07\/DSCN1988-www.jpg 1024w, https:\/\/www.milosnicylasu.olsztyn.pl\/wp-content\/uploads\/2017\/07\/DSCN1988-www-400x300.jpg 400w\" sizes=\"auto, (max-width: 300px) 100vw, 300px\" \/><\/a><\/p>\n<p>&nbsp;<\/p>\n<p>&nbsp;<\/p>\n<p>&nbsp;<\/p>\n<p>W 1985 roku we wsi wzniesiono pomnik upami\u0119tniaj\u0105cy \u017co\u0142nierzy Armii Czerwonej. Na pomniku umieszczono nazwiska 27 \u017co\u0142nierzy poleg\u0142ych w latach 1941-1944.<\/p>\n<h1>\u00a0<a href=\"http:\/\/www.milosnicylasu.olsztyn.pl\/wp-content\/uploads\/2017\/07\/DSCN1959-www.jpg\" data-rel=\"lightbox-image-4\" data-magnific_type=\"image\" data-rl_title=\"\" data-rl_caption=\"\" title=\"\"><img loading=\"lazy\" decoding=\"async\" class=\"size-medium wp-image-3772 alignleft\" src=\"http:\/\/www.milosnicylasu.olsztyn.pl\/wp-content\/uploads\/2017\/07\/DSCN1959-www-300x225.jpg\" alt=\"\" width=\"300\" height=\"225\" srcset=\"https:\/\/www.milosnicylasu.olsztyn.pl\/wp-content\/uploads\/2017\/07\/DSCN1959-www-300x225.jpg 300w, https:\/\/www.milosnicylasu.olsztyn.pl\/wp-content\/uploads\/2017\/07\/DSCN1959-www-768x576.jpg 768w, https:\/\/www.milosnicylasu.olsztyn.pl\/wp-content\/uploads\/2017\/07\/DSCN1959-www.jpg 1024w, https:\/\/www.milosnicylasu.olsztyn.pl\/wp-content\/uploads\/2017\/07\/DSCN1959-www-400x300.jpg 400w\" sizes=\"auto, (max-width: 300px) 100vw, 300px\" \/><\/a><\/h1>\n<p>Zwiedzili\u015bmy r\u00f3wnie\u017c Izb\u0119 Kultury i Tradycji OSP, w kt\u00f3rej zgromadzono spu\u015bcizn\u0119 przodk\u00f3w tej ziemi &#8211; zachowane przedmioty u\u017cytku codziennego jak i \u015bwi\u0105tecznego, zapisane nuty i melodie, bogactwo fotografii i umiej\u0119tno\u015bci skrz\u0119tnie przekazanych z pokolenia na pokolenie.<\/p>\n<p>&nbsp;<\/p>\n","protected":false},"excerpt":{"rendered":"<p>Dubicze Cerkiewne \u00a0za\u0142o\u017cono oko\u0142o 1532 roku. Po\u0142o\u017cone na skraju Puszczy Bia\u0142owieskiej to miejsce dla tych, kt\u00f3re szukaj\u0105 spokoju, kontaktu z natur\u0105 i prawdziwego klimatu wsi podlaskiej. Tu czas p\u0142ynie wolniej. W wi\u0119kszo\u015bci prawos\u0142awna ludno\u015b\u0107 pochodzenia polskiego, ukrai\u0144skiego lub bia\u0142oruskiego, kt\u00f3ra do dzi\u015b zachowa\u0142a odr\u0119bny j\u0119zyk i zwyczaje, jest pozytywnie nastawiona do przyjezdnych. My w Dubiczach [&hellip;]<\/p>\n","protected":false},"author":2,"featured_media":0,"comment_status":"open","ping_status":"open","sticky":false,"template":"","format":"standard","meta":{"footnotes":""},"categories":[1,9,17,5],"tags":[],"class_list":["post-3768","post","type-post","status-publish","format-standard","hentry","category-bez-kategorii","category-ciekawostki","category-edukacja-w-terenie","category-wycieczki"],"_links":{"self":[{"href":"https:\/\/www.milosnicylasu.olsztyn.pl\/index.php?rest_route=\/wp\/v2\/posts\/3768","targetHints":{"allow":["GET"]}}],"collection":[{"href":"https:\/\/www.milosnicylasu.olsztyn.pl\/index.php?rest_route=\/wp\/v2\/posts"}],"about":[{"href":"https:\/\/www.milosnicylasu.olsztyn.pl\/index.php?rest_route=\/wp\/v2\/types\/post"}],"author":[{"embeddable":true,"href":"https:\/\/www.milosnicylasu.olsztyn.pl\/index.php?rest_route=\/wp\/v2\/users\/2"}],"replies":[{"embeddable":true,"href":"https:\/\/www.milosnicylasu.olsztyn.pl\/index.php?rest_route=%2Fwp%2Fv2%2Fcomments&post=3768"}],"version-history":[{"count":5,"href":"https:\/\/www.milosnicylasu.olsztyn.pl\/index.php?rest_route=\/wp\/v2\/posts\/3768\/revisions"}],"predecessor-version":[{"id":3778,"href":"https:\/\/www.milosnicylasu.olsztyn.pl\/index.php?rest_route=\/wp\/v2\/posts\/3768\/revisions\/3778"}],"wp:attachment":[{"href":"https:\/\/www.milosnicylasu.olsztyn.pl\/index.php?rest_route=%2Fwp%2Fv2%2Fmedia&parent=3768"}],"wp:term":[{"taxonomy":"category","embeddable":true,"href":"https:\/\/www.milosnicylasu.olsztyn.pl\/index.php?rest_route=%2Fwp%2Fv2%2Fcategories&post=3768"},{"taxonomy":"post_tag","embeddable":true,"href":"https:\/\/www.milosnicylasu.olsztyn.pl\/index.php?rest_route=%2Fwp%2Fv2%2Ftags&post=3768"}],"curies":[{"name":"wp","href":"https:\/\/api.w.org\/{rel}","templated":true}]}}