{"id":3781,"date":"2017-08-18T06:38:45","date_gmt":"2017-08-18T04:38:45","guid":{"rendered":"http:\/\/www.milosnicylasu.olsztyn.pl\/?p=3781"},"modified":"2017-08-18T06:39:09","modified_gmt":"2017-08-18T04:39:09","slug":"jaszczurka-zwinka","status":"publish","type":"post","link":"https:\/\/www.milosnicylasu.olsztyn.pl\/?p=3781","title":{"rendered":"Jaszczurka zwinka"},"content":{"rendered":"<p><a href=\"http:\/\/www.milosnicylasu.olsztyn.pl\/wp-content\/uploads\/2017\/08\/P8080043-www.jpg\" data-rel=\"lightbox-image-0\" data-magnific_type=\"image\" data-rl_title=\"\" data-rl_caption=\"\" title=\"\"><img loading=\"lazy\" decoding=\"async\" class=\"size-medium wp-image-3782 alignleft\" src=\"http:\/\/www.milosnicylasu.olsztyn.pl\/wp-content\/uploads\/2017\/08\/P8080043-www-300x225.jpg\" alt=\"\" width=\"300\" height=\"225\" srcset=\"https:\/\/www.milosnicylasu.olsztyn.pl\/wp-content\/uploads\/2017\/08\/P8080043-www-300x225.jpg 300w, https:\/\/www.milosnicylasu.olsztyn.pl\/wp-content\/uploads\/2017\/08\/P8080043-www-768x576.jpg 768w, https:\/\/www.milosnicylasu.olsztyn.pl\/wp-content\/uploads\/2017\/08\/P8080043-www.jpg 1024w, https:\/\/www.milosnicylasu.olsztyn.pl\/wp-content\/uploads\/2017\/08\/P8080043-www-400x300.jpg 400w\" sizes=\"auto, (max-width: 300px) 100vw, 300px\" \/><\/a><\/p>\n<p>Jaszczurki zwinki mieszkaj\u0105 na naszej dzia\u0142ce \u00a0od zawsze. S\u0105 bardzo po\u017cyteczne. Pomagaj\u0105 nam zwalcza\u0107 niepo\u017c\u0105danych innych lokator\u00f3w. \u00a0S\u0105 ciekawskie. Mieszkaj\u0105 pod tarasikiem i jak przyjedziemy to cz\u0119sto wychylaj\u0105 g\u0142\u00f3wki spod desek, \u017ceby zobaczy\u0107 co si\u0119 dzieje. \u00a0Oczywi\u015bcie w ca\u0142ej okaza\u0142o\u015bci mo\u017cna je zobaczy\u0107 jak wygrzewaj\u0105 si\u0119 na s\u0142o\u0144cu na ro\u015blinach, kt\u00f3re zdobi\u0105 dzia\u0142k\u0119, najcz\u0119\u015bciej na tujach, a tym razem na \u017curawce. A oto co znalaz\u0142am w internecie o jaszczurce.<\/p>\n<p><strong>Jaszczurka zwinka\u00a0<\/strong><em>Lacerta agilis <\/em><\/p>\n<p>Gatunek chroniony. Najcz\u0119\u015bciej spotykany gad w Polsce, osi\u0105gaj\u0105cy ok. 24 cm d\u0142ugo\u015bci. Wyst\u0119puje w miejscach suchych, nas\u0142onecznionych, poro\u015bni\u0119tych ro\u015blinno\u015bci\u0105 trawiast\u0105 lub ruderaln\u0105. \u017bywi si\u0119 owadami , paj\u0105kami i wijami. Samce podczas god\u00f3w zmieniaj\u0105 kolor (boki i szyja staj\u0105 si\u0119 zielone). Samica jaszczurki sk\u0142ada do jamek w ziemi 5-15 jaj, z kt\u00f3rych po dw\u00f3ch miesi\u0105cach wyl\u0119gaj\u0105 si\u0119 m\u0142ode jaszczurki.Jaszczurki zwinki pojawiaj\u0105 si\u0119 na prze\u0142omie marca i kwietnia, a z ko\u0144cem wrze\u015bnia rozpoczynaj\u0105 sen w ziemnej kryj\u00f3wce.<\/p>\n<p><strong>W razie zagro\u017cenia jaszczurki zwinki potrafi\u0105 odrzuci\u0107 ogon, kt\u00f3ry im po pewnym czasie odrasta.<\/strong><\/p>\n","protected":false},"excerpt":{"rendered":"<p>Jaszczurki zwinki mieszkaj\u0105 na naszej dzia\u0142ce \u00a0od zawsze. S\u0105 bardzo po\u017cyteczne. Pomagaj\u0105 nam zwalcza\u0107 niepo\u017c\u0105danych innych lokator\u00f3w. \u00a0S\u0105 ciekawskie. Mieszkaj\u0105 pod tarasikiem i jak przyjedziemy to cz\u0119sto wychylaj\u0105 g\u0142\u00f3wki spod desek, \u017ceby zobaczy\u0107 co si\u0119 dzieje. \u00a0Oczywi\u015bcie w ca\u0142ej okaza\u0142o\u015bci mo\u017cna je zobaczy\u0107 jak wygrzewaj\u0105 si\u0119 na s\u0142o\u0144cu na ro\u015blinach, kt\u00f3re zdobi\u0105 dzia\u0142k\u0119, najcz\u0119\u015bciej na [&hellip;]<\/p>\n","protected":false},"author":2,"featured_media":0,"comment_status":"open","ping_status":"open","sticky":false,"template":"","format":"standard","meta":{"footnotes":""},"categories":[1,9],"tags":[],"class_list":["post-3781","post","type-post","status-publish","format-standard","hentry","category-bez-kategorii","category-ciekawostki"],"_links":{"self":[{"href":"https:\/\/www.milosnicylasu.olsztyn.pl\/index.php?rest_route=\/wp\/v2\/posts\/3781","targetHints":{"allow":["GET"]}}],"collection":[{"href":"https:\/\/www.milosnicylasu.olsztyn.pl\/index.php?rest_route=\/wp\/v2\/posts"}],"about":[{"href":"https:\/\/www.milosnicylasu.olsztyn.pl\/index.php?rest_route=\/wp\/v2\/types\/post"}],"author":[{"embeddable":true,"href":"https:\/\/www.milosnicylasu.olsztyn.pl\/index.php?rest_route=\/wp\/v2\/users\/2"}],"replies":[{"embeddable":true,"href":"https:\/\/www.milosnicylasu.olsztyn.pl\/index.php?rest_route=%2Fwp%2Fv2%2Fcomments&post=3781"}],"version-history":[{"count":2,"href":"https:\/\/www.milosnicylasu.olsztyn.pl\/index.php?rest_route=\/wp\/v2\/posts\/3781\/revisions"}],"predecessor-version":[{"id":3784,"href":"https:\/\/www.milosnicylasu.olsztyn.pl\/index.php?rest_route=\/wp\/v2\/posts\/3781\/revisions\/3784"}],"wp:attachment":[{"href":"https:\/\/www.milosnicylasu.olsztyn.pl\/index.php?rest_route=%2Fwp%2Fv2%2Fmedia&parent=3781"}],"wp:term":[{"taxonomy":"category","embeddable":true,"href":"https:\/\/www.milosnicylasu.olsztyn.pl\/index.php?rest_route=%2Fwp%2Fv2%2Fcategories&post=3781"},{"taxonomy":"post_tag","embeddable":true,"href":"https:\/\/www.milosnicylasu.olsztyn.pl\/index.php?rest_route=%2Fwp%2Fv2%2Ftags&post=3781"}],"curies":[{"name":"wp","href":"https:\/\/api.w.org\/{rel}","templated":true}]}}