{"id":3788,"date":"2017-10-02T09:10:14","date_gmt":"2017-10-02T07:10:14","guid":{"rendered":"http:\/\/www.milosnicylasu.olsztyn.pl\/?p=3788"},"modified":"2017-10-02T09:10:25","modified_gmt":"2017-10-02T07:10:25","slug":"dokad-odlatuja-zurawie","status":"publish","type":"post","link":"https:\/\/www.milosnicylasu.olsztyn.pl\/?p=3788","title":{"rendered":"Dok\u0105d odlatuj\u0105 \u017curawie"},"content":{"rendered":"<div id=\"ajax-wrap-body\">\n<form id=\"aspnetForm\" action=\".\/205535,Dokad-odlatuja-zurawie\" method=\"post\" name=\"aspnetForm\">\n<div id=\"ajax-wrap-page\">\n<div class=\"container ArticleMaster\">\n<div class=\"row\">\n<div class=\"col-md-8 twothirds art-body Section00\">\n<div id=\"article-205535\" class=\" this-article \" data-gfkcontentid=\"jedynka_7\" data-article-title=\"Dok\u0105d odlatuj\u0105 \u017curawie? \" data-article-url=\"\/7\/179\/Artykul\/205535,Dokad-odlatuja-zurawie\" data-article-id=\"205535\">\n<div class=\"art-body\">\n<article>\n<div class=\"wrap-article\">\n<div class=\"content\">\n<div class=\"soundplayer\"><a href=\"http:\/\/www.milosnicylasu.olsztyn.pl\/wp-content\/uploads\/2017\/10\/DSCN2955-www.jpg\" data-rel=\"lightbox-image-0\" data-magnific_type=\"image\" data-rl_title=\"\" data-rl_caption=\"\" title=\"\"><img loading=\"lazy\" decoding=\"async\" class=\"size-medium wp-image-3789 alignleft\" src=\"http:\/\/www.milosnicylasu.olsztyn.pl\/wp-content\/uploads\/2017\/10\/DSCN2955-www-300x225.jpg\" alt=\"\" width=\"300\" height=\"225\" srcset=\"https:\/\/www.milosnicylasu.olsztyn.pl\/wp-content\/uploads\/2017\/10\/DSCN2955-www-300x225.jpg 300w, https:\/\/www.milosnicylasu.olsztyn.pl\/wp-content\/uploads\/2017\/10\/DSCN2955-www-768x576.jpg 768w, https:\/\/www.milosnicylasu.olsztyn.pl\/wp-content\/uploads\/2017\/10\/DSCN2955-www.jpg 1024w, https:\/\/www.milosnicylasu.olsztyn.pl\/wp-content\/uploads\/2017\/10\/DSCN2955-www-400x300.jpg 400w\" sizes=\"auto, (max-width: 300px) 100vw, 300px\" \/><\/a>Cz\u0119\u015b\u0107\u00a0\u017curawi opu\u015bci\u0142a Polsk\u0119\u00a0w ubieg\u0142ym roku znacznie p\u00f3\u017aniej ni\u017c zwykle, bo na pocz\u0105tku listopada. W tym roku odlecia\u0142y ju\u017c we wrze\u015bniu. Czy\u017cby to zapowied\u017a, \u017ce zima&#8230;..przyjdzie szybciej. Tak\u0105 sytuacj\u0119 zwiastuje podobno urodzaj grzyb\u00f3w w lasach i wyj\u0105tkowo wczesne rykowisko. Zima ma by\u0107 d\u0142uga i mro\u017ana. Zobaczymy&#8230;&#8230;.<\/div>\n<div class=\"soundplayer\">A dok\u0105d lec\u0105 bociany?\u00a0 Lec\u0105\u00a0g\u0142\u00f3wnie\u00a0na zach\u00f3d Europy.\u00a0Najwi\u0119ksza cz\u0119\u015b\u0107 zatrzymuje si\u0119 w po\u0142udniowej Francji i w Hiszpanii. Ale sporo naszych \u017curawi mo\u017cna spotka\u0107 na W\u0119grzech i\u00a0na p\u00f3\u0142wyspie Apeni\u0144skim. A wi\u0119c w zasadzie przesuwaj\u0105 si\u0119 one szerokim frontem na po\u0142udnie Europy.<a href=\"http:\/\/www.milosnicylasu.olsztyn.pl\/wp-content\/uploads\/2017\/10\/DSCN2965-www.jpg\" data-rel=\"lightbox-image-1\" data-magnific_type=\"image\" data-rl_title=\"\" data-rl_caption=\"\" title=\"\"><img loading=\"lazy\" decoding=\"async\" class=\"size-medium wp-image-3790 alignright\" src=\"http:\/\/www.milosnicylasu.olsztyn.pl\/wp-content\/uploads\/2017\/10\/DSCN2965-www-300x225.jpg\" alt=\"\" width=\"300\" height=\"225\" srcset=\"https:\/\/www.milosnicylasu.olsztyn.pl\/wp-content\/uploads\/2017\/10\/DSCN2965-www-300x225.jpg 300w, https:\/\/www.milosnicylasu.olsztyn.pl\/wp-content\/uploads\/2017\/10\/DSCN2965-www-768x576.jpg 768w, https:\/\/www.milosnicylasu.olsztyn.pl\/wp-content\/uploads\/2017\/10\/DSCN2965-www.jpg 1024w, https:\/\/www.milosnicylasu.olsztyn.pl\/wp-content\/uploads\/2017\/10\/DSCN2965-www-400x300.jpg 400w\" sizes=\"auto, (max-width: 300px) 100vw, 300px\" \/><\/a><\/div>\n<div class=\"soundplayer\"><\/div>\n<p>To pi\u0119kny ptak, du\u017co wi\u0119kszy od bociana.\u00a0Rozpi\u0119to\u015b\u0107 jego skrzyde\u0142 wynosi\u00a0od ponad dw\u00f3ch\u00a0metr\u00f3w do 2,3 m. Na tle innych ptak\u00f3w \u017curawie wyr\u00f3\u017cniaj\u0105 si\u0119 wierno\u015bci\u0105. Jest jednak cz\u0119sto tak, \u017ce zmieniaj\u0105 partner\u00f3w w ci\u0105gu\u00a0 \u017cycia.\u00a0Zw\u0142aszcza je\u015bli\u00a0z sezon\u00f3w l\u0119gowych nie uda im si\u0119 wyprowadzi\u0107 potomstwa.<\/p>\n<\/div>\n<\/div>\n<\/article>\n<\/div>\n<\/div>\n<\/div>\n<\/div>\n<\/div>\n<\/div>\n<\/form>\n<\/div>\n","protected":false},"excerpt":{"rendered":"<p>Cz\u0119\u015b\u0107\u00a0\u017curawi opu\u015bci\u0142a Polsk\u0119\u00a0w ubieg\u0142ym roku znacznie p\u00f3\u017aniej ni\u017c zwykle, bo na pocz\u0105tku listopada. W tym roku odlecia\u0142y ju\u017c we wrze\u015bniu. Czy\u017cby to zapowied\u017a, \u017ce zima&#8230;..przyjdzie szybciej. Tak\u0105 sytuacj\u0119 zwiastuje podobno urodzaj grzyb\u00f3w w lasach i wyj\u0105tkowo wczesne rykowisko. Zima ma by\u0107 d\u0142uga i mro\u017ana. Zobaczymy&#8230;&#8230;. A dok\u0105d lec\u0105 bociany?\u00a0 Lec\u0105\u00a0g\u0142\u00f3wnie\u00a0na zach\u00f3d Europy.\u00a0Najwi\u0119ksza cz\u0119\u015b\u0107 zatrzymuje si\u0119 [&hellip;]<\/p>\n","protected":false},"author":2,"featured_media":0,"comment_status":"open","ping_status":"open","sticky":false,"template":"","format":"standard","meta":{"footnotes":""},"categories":[1,9],"tags":[],"class_list":["post-3788","post","type-post","status-publish","format-standard","hentry","category-bez-kategorii","category-ciekawostki"],"_links":{"self":[{"href":"https:\/\/www.milosnicylasu.olsztyn.pl\/index.php?rest_route=\/wp\/v2\/posts\/3788","targetHints":{"allow":["GET"]}}],"collection":[{"href":"https:\/\/www.milosnicylasu.olsztyn.pl\/index.php?rest_route=\/wp\/v2\/posts"}],"about":[{"href":"https:\/\/www.milosnicylasu.olsztyn.pl\/index.php?rest_route=\/wp\/v2\/types\/post"}],"author":[{"embeddable":true,"href":"https:\/\/www.milosnicylasu.olsztyn.pl\/index.php?rest_route=\/wp\/v2\/users\/2"}],"replies":[{"embeddable":true,"href":"https:\/\/www.milosnicylasu.olsztyn.pl\/index.php?rest_route=%2Fwp%2Fv2%2Fcomments&post=3788"}],"version-history":[{"count":1,"href":"https:\/\/www.milosnicylasu.olsztyn.pl\/index.php?rest_route=\/wp\/v2\/posts\/3788\/revisions"}],"predecessor-version":[{"id":3791,"href":"https:\/\/www.milosnicylasu.olsztyn.pl\/index.php?rest_route=\/wp\/v2\/posts\/3788\/revisions\/3791"}],"wp:attachment":[{"href":"https:\/\/www.milosnicylasu.olsztyn.pl\/index.php?rest_route=%2Fwp%2Fv2%2Fmedia&parent=3788"}],"wp:term":[{"taxonomy":"category","embeddable":true,"href":"https:\/\/www.milosnicylasu.olsztyn.pl\/index.php?rest_route=%2Fwp%2Fv2%2Fcategories&post=3788"},{"taxonomy":"post_tag","embeddable":true,"href":"https:\/\/www.milosnicylasu.olsztyn.pl\/index.php?rest_route=%2Fwp%2Fv2%2Ftags&post=3788"}],"curies":[{"name":"wp","href":"https:\/\/api.w.org\/{rel}","templated":true}]}}