{"id":3792,"date":"2017-10-09T07:36:18","date_gmt":"2017-10-09T05:36:18","guid":{"rendered":"http:\/\/www.milosnicylasu.olsztyn.pl\/?p=3792"},"modified":"2017-10-09T07:49:11","modified_gmt":"2017-10-09T05:49:11","slug":"pazdziernikowe-spotkanie-kola","status":"publish","type":"post","link":"https:\/\/www.milosnicylasu.olsztyn.pl\/?p=3792","title":{"rendered":"Pa\u017adziernikowe spotkanie Ko\u0142a"},"content":{"rendered":"<p><a href=\"http:\/\/www.milosnicylasu.olsztyn.pl\/wp-content\/uploads\/2017\/10\/DSCN3070-www.jpg\" data-rel=\"lightbox-image-0\" data-magnific_type=\"image\" data-rl_title=\"\" data-rl_caption=\"\" title=\"\"><img loading=\"lazy\" decoding=\"async\" class=\"size-medium wp-image-3793 alignleft\" src=\"http:\/\/www.milosnicylasu.olsztyn.pl\/wp-content\/uploads\/2017\/10\/DSCN3070-www-300x225.jpg\" alt=\"\" width=\"300\" height=\"225\" srcset=\"https:\/\/www.milosnicylasu.olsztyn.pl\/wp-content\/uploads\/2017\/10\/DSCN3070-www-300x225.jpg 300w, https:\/\/www.milosnicylasu.olsztyn.pl\/wp-content\/uploads\/2017\/10\/DSCN3070-www-768x576.jpg 768w, https:\/\/www.milosnicylasu.olsztyn.pl\/wp-content\/uploads\/2017\/10\/DSCN3070-www.jpg 1024w, https:\/\/www.milosnicylasu.olsztyn.pl\/wp-content\/uploads\/2017\/10\/DSCN3070-www-400x300.jpg 400w\" sizes=\"auto, (max-width: 300px) 100vw, 300px\" \/><\/a><\/p>\n<p>5 Pa\u017adziernika 2017 r., w RDLP w Olsztynie, liczna grupa cz\u0142onk\u00f3w Ko\u0142a Mi\u0142o\u015bnik\u00f3w Lasu i Militari\u00f3w LOK przy ATW w Olsztynie spotkali si\u0119 na pierwszym po wakacjach czwartku ekologicznym. Troch\u0119 zat\u0119sknili\u015bmy za sob\u0105, za wyk\u0142adami, za rajdami, wycieczkami.<\/p>\n<p>Podczas zebrania wys\u0142uchali\u015bmy ciekawego wyk\u0142adu pana Andrzeja Sobani na temat przemian religijnych i politycznych spowodowanych dzia\u0142alno\u015bci\u0105 Lutra.<\/p>\n<p>Wypowiedzi i\u00a0dzia\u0142alno\u015b\u0107 Lutra da\u0142y pocz\u0105tek reformacji \u2014 ruchowi religijnemu uznawanemu przez niekt\u00f3rych za \u201enajwa\u017cniejsz\u0105 rewolucj\u0119 w\u00a0historii ludzko\u015bci\u201d. Tym samym Luter przyczyni\u0142 si\u0119 do zmiany krajobrazu religijnego Europy i\u00a0do wydarze\u0144, kt\u00f3re w\u00a0tej cz\u0119\u015bci \u015bwiata zamkn\u0119\u0142y okres \u015bredniowiecza.<\/p>\n<p>Reformacja, zainicjowana przez ludzi takich jak Luter, Kalwin i\u00a0Zwingli, przyczyni\u0142a si\u0119 do ukszta\u0142towania nowego podej\u015bcia do religii nazwanego protestantyzmem.<\/p>\n<p>Protestantyzm obj\u0105\u0142 swym wp\u0142ywem Skandynawi\u0119, Szwajcari\u0119, Angli\u0119 i\u00a0Holandi\u0119. Dzisiaj wyznaj\u0105 go setki milion\u00f3w wiernych.<\/p>\n<p>To tylko niekt\u00f3re w\u0105tki z ciekawego wyk\u0142adu. My\u015bl\u0119, \u017ce wyk\u0142ad zach\u0119ci\u0142 do tego aby si\u0119gn\u0105\u0107 do internetu, albo odwiedzi\u0107 bibliotek\u0119 i dowiedzie\u0107 si\u0119 wi\u0119cej i pozna\u0107 szerzej temat reformacji.<\/p>\n<p><a href=\"http:\/\/www.milosnicylasu.olsztyn.pl\/wp-content\/uploads\/2017\/10\/DSCN3078-www.jpg\" data-rel=\"lightbox-image-1\" data-magnific_type=\"image\" data-rl_title=\"\" data-rl_caption=\"\" title=\"\"><img loading=\"lazy\" decoding=\"async\" class=\"size-medium wp-image-3794 alignleft\" src=\"http:\/\/www.milosnicylasu.olsztyn.pl\/wp-content\/uploads\/2017\/10\/DSCN3078-www-300x225.jpg\" alt=\"\" width=\"300\" height=\"225\" srcset=\"https:\/\/www.milosnicylasu.olsztyn.pl\/wp-content\/uploads\/2017\/10\/DSCN3078-www-300x225.jpg 300w, https:\/\/www.milosnicylasu.olsztyn.pl\/wp-content\/uploads\/2017\/10\/DSCN3078-www-768x576.jpg 768w, https:\/\/www.milosnicylasu.olsztyn.pl\/wp-content\/uploads\/2017\/10\/DSCN3078-www.jpg 1024w, https:\/\/www.milosnicylasu.olsztyn.pl\/wp-content\/uploads\/2017\/10\/DSCN3078-www-400x300.jpg 400w\" sizes=\"auto, (max-width: 300px) 100vw, 300px\" \/><\/a><\/p>\n<p>&nbsp;<\/p>\n<p>Jak zwykle, w podzi\u0119kowaniu za wyk\u0142ad, Pan Andrzej otrzyma\u0142 pami\u0105tk\u0119 &#8211; jesienn\u0105 akwarelk\u0119 namalowan\u0105 przez Krystyn\u0119 Leszczy\u0144sk\u0105.<\/p>\n<p>&nbsp;<\/p>\n<p>&nbsp;<\/p>\n<p>W cz\u0119\u015bci organizacyjnej zebrania Prezes Ko\u0142a Anatol Leszczy\u0144ski om\u00f3wi\u0142 wykonanie planu pracy w czerwcu i opowiedzia\u0142 co zwiedzili\u015bmy na Podlasiu w lipcu, zaprosi\u0142 na wycieczk\u0119 w listopadzie &#8211; prawdopodobnie zwiedzimy bliskie ale nie za bardzo znane <strong>Barczewo&#8230;&#8230;&#8230;..,<\/strong> <a href=\"http:\/\/www.milosnicylasu.olsztyn.pl\/wp-content\/uploads\/2017\/10\/DSCN3106-www.jpg\" data-rel=\"lightbox-image-2\" data-magnific_type=\"image\" data-rl_title=\"\" data-rl_caption=\"\" title=\"\"><img loading=\"lazy\" decoding=\"async\" class=\"size-medium wp-image-3797 aligncenter\" src=\"http:\/\/www.milosnicylasu.olsztyn.pl\/wp-content\/uploads\/2017\/10\/DSCN3106-www-300x225.jpg\" alt=\"\" width=\"300\" height=\"225\" srcset=\"https:\/\/www.milosnicylasu.olsztyn.pl\/wp-content\/uploads\/2017\/10\/DSCN3106-www-300x225.jpg 300w, https:\/\/www.milosnicylasu.olsztyn.pl\/wp-content\/uploads\/2017\/10\/DSCN3106-www-768x576.jpg 768w, https:\/\/www.milosnicylasu.olsztyn.pl\/wp-content\/uploads\/2017\/10\/DSCN3106-www.jpg 1024w, https:\/\/www.milosnicylasu.olsztyn.pl\/wp-content\/uploads\/2017\/10\/DSCN3106-www-400x300.jpg 400w\" sizes=\"auto, (max-width: 300px) 100vw, 300px\" \/><\/a>poprosi\u0142 o propozycje do planu pracy na nast\u0119pny rok. Podzi\u0119kowa\u0142 Waldemarowi Chrzanowskiemu za prowadzenie letnich sobotnich rajd\u00f3w, pogratulowa\u0142 najbardziej wytrwa\u0142ym letnim rajdowcom..<\/p>\n<p><a href=\"http:\/\/www.milosnicylasu.olsztyn.pl\/wp-content\/uploads\/2017\/10\/DSCN3075-www.jpg\" data-rel=\"lightbox-image-3\" data-magnific_type=\"image\" data-rl_title=\"\" data-rl_caption=\"\" title=\"\"><img loading=\"lazy\" decoding=\"async\" class=\"size-medium wp-image-3795 alignright\" src=\"http:\/\/www.milosnicylasu.olsztyn.pl\/wp-content\/uploads\/2017\/10\/DSCN3075-www-300x225.jpg\" alt=\"\" width=\"300\" height=\"225\" srcset=\"https:\/\/www.milosnicylasu.olsztyn.pl\/wp-content\/uploads\/2017\/10\/DSCN3075-www-300x225.jpg 300w, https:\/\/www.milosnicylasu.olsztyn.pl\/wp-content\/uploads\/2017\/10\/DSCN3075-www-768x576.jpg 768w, https:\/\/www.milosnicylasu.olsztyn.pl\/wp-content\/uploads\/2017\/10\/DSCN3075-www.jpg 1024w, https:\/\/www.milosnicylasu.olsztyn.pl\/wp-content\/uploads\/2017\/10\/DSCN3075-www-400x300.jpg 400w\" sizes=\"auto, (max-width: 300px) 100vw, 300px\" \/><\/a><\/p>\n<p>&nbsp;<\/p>\n<p>Podzi\u0119kowa\u0142 te\u017c Basi Bruzgo i Rysi Wiejek za w\u0142\u0105czenie si\u0119 w organizacj\u0119 wycieczek &#8211; zebranie funduszy, rozliczenie, rozdanie p\u0142ytek ze zdj\u0119ciami z wypraw.<\/p>\n","protected":false},"excerpt":{"rendered":"<p>5 Pa\u017adziernika 2017 r., w RDLP w Olsztynie, liczna grupa cz\u0142onk\u00f3w Ko\u0142a Mi\u0142o\u015bnik\u00f3w Lasu i Militari\u00f3w LOK przy ATW w Olsztynie spotkali si\u0119 na pierwszym po wakacjach czwartku ekologicznym. Troch\u0119 zat\u0119sknili\u015bmy za sob\u0105, za wyk\u0142adami, za rajdami, wycieczkami. Podczas zebrania wys\u0142uchali\u015bmy ciekawego wyk\u0142adu pana Andrzeja Sobani na temat przemian religijnych i politycznych spowodowanych dzia\u0142alno\u015bci\u0105 Lutra. [&hellip;]<\/p>\n","protected":false},"author":2,"featured_media":0,"comment_status":"open","ping_status":"open","sticky":false,"template":"","format":"standard","meta":{"footnotes":""},"categories":[1,9,3],"tags":[],"class_list":["post-3792","post","type-post","status-publish","format-standard","hentry","category-bez-kategorii","category-ciekawostki","category-zebrania"],"_links":{"self":[{"href":"https:\/\/www.milosnicylasu.olsztyn.pl\/index.php?rest_route=\/wp\/v2\/posts\/3792","targetHints":{"allow":["GET"]}}],"collection":[{"href":"https:\/\/www.milosnicylasu.olsztyn.pl\/index.php?rest_route=\/wp\/v2\/posts"}],"about":[{"href":"https:\/\/www.milosnicylasu.olsztyn.pl\/index.php?rest_route=\/wp\/v2\/types\/post"}],"author":[{"embeddable":true,"href":"https:\/\/www.milosnicylasu.olsztyn.pl\/index.php?rest_route=\/wp\/v2\/users\/2"}],"replies":[{"embeddable":true,"href":"https:\/\/www.milosnicylasu.olsztyn.pl\/index.php?rest_route=%2Fwp%2Fv2%2Fcomments&post=3792"}],"version-history":[{"count":4,"href":"https:\/\/www.milosnicylasu.olsztyn.pl\/index.php?rest_route=\/wp\/v2\/posts\/3792\/revisions"}],"predecessor-version":[{"id":3800,"href":"https:\/\/www.milosnicylasu.olsztyn.pl\/index.php?rest_route=\/wp\/v2\/posts\/3792\/revisions\/3800"}],"wp:attachment":[{"href":"https:\/\/www.milosnicylasu.olsztyn.pl\/index.php?rest_route=%2Fwp%2Fv2%2Fmedia&parent=3792"}],"wp:term":[{"taxonomy":"category","embeddable":true,"href":"https:\/\/www.milosnicylasu.olsztyn.pl\/index.php?rest_route=%2Fwp%2Fv2%2Fcategories&post=3792"},{"taxonomy":"post_tag","embeddable":true,"href":"https:\/\/www.milosnicylasu.olsztyn.pl\/index.php?rest_route=%2Fwp%2Fv2%2Ftags&post=3792"}],"curies":[{"name":"wp","href":"https:\/\/api.w.org\/{rel}","templated":true}]}}