{"id":3808,"date":"2017-10-13T19:04:24","date_gmt":"2017-10-13T17:04:24","guid":{"rendered":"http:\/\/www.milosnicylasu.olsztyn.pl\/?p=3808"},"modified":"2017-10-13T19:04:24","modified_gmt":"2017-10-13T17:04:24","slug":"artystycznie","status":"publish","type":"post","link":"https:\/\/www.milosnicylasu.olsztyn.pl\/?p=3808","title":{"rendered":"Artystycznie"},"content":{"rendered":"<p>Cz\u0142onkowie Ko\u0142a Mi\u0142o\u015bnik\u00f3w Lasu i Militari\u00f3w LOK przy ATW w Olsztynie opr\u00f3cz tego, \u017ce kochaj\u0105 las i strzelaj\u0105\u00a0 maj\u0105 jeszcze inne pasje i zainteresowania. Niekt\u00f3rzy maluj\u0105.<\/p>\n<p>Znamy pi\u0119kne akwarele Basi Kowalewskiej. Byli\u015bmy na wielu\u00a0 wystawach, podziwiali\u015bmy jej prace, kt\u00f3re przekazywa\u0142a jako podzi\u0119kowanie za wyk\u0142ady naszych prelegent\u00f3w. <a href=\"http:\/\/www.milosnicylasu.olsztyn.pl\/wp-content\/uploads\/2017\/10\/DSCN3096-www.jpg\" data-rel=\"lightbox-image-0\" data-magnific_type=\"image\" data-rl_title=\"\" data-rl_caption=\"\" title=\"\"><img loading=\"lazy\" decoding=\"async\" class=\"size-medium wp-image-3809 alignleft\" src=\"http:\/\/www.milosnicylasu.olsztyn.pl\/wp-content\/uploads\/2017\/10\/DSCN3096-www-225x300.jpg\" alt=\"\" width=\"225\" height=\"300\" srcset=\"https:\/\/www.milosnicylasu.olsztyn.pl\/wp-content\/uploads\/2017\/10\/DSCN3096-www-225x300.jpg 225w, https:\/\/www.milosnicylasu.olsztyn.pl\/wp-content\/uploads\/2017\/10\/DSCN3096-www.jpg 768w\" sizes=\"auto, (max-width: 225px) 100vw, 225px\" \/><\/a><\/p>\n<p>Tym razem mogli\u015bmy zobaczy\u0107 obrazy Krystyny Leszczy\u0144skiej, kt\u00f3ra wystawia 2 prace w Skarbcu Kultury Europejskiej w Barczewie. Jest to wystawa zbiorowa grupy Paleta z Dywit, dzia\u0142aj\u0105cej w ramach Stowarzyszenia &#8222;Pojezierze&#8221;.<\/p>\n<p><a href=\"http:\/\/www.milosnicylasu.olsztyn.pl\/wp-content\/uploads\/2017\/10\/DSCN3131-www.jpg\" data-rel=\"lightbox-image-1\" data-magnific_type=\"image\" data-rl_title=\"\" data-rl_caption=\"\" title=\"\"><img loading=\"lazy\" decoding=\"async\" class=\"size-medium wp-image-3810 alignright\" src=\"http:\/\/www.milosnicylasu.olsztyn.pl\/wp-content\/uploads\/2017\/10\/DSCN3131-www-225x300.jpg\" alt=\"\" width=\"225\" height=\"300\" srcset=\"https:\/\/www.milosnicylasu.olsztyn.pl\/wp-content\/uploads\/2017\/10\/DSCN3131-www-225x300.jpg 225w, https:\/\/www.milosnicylasu.olsztyn.pl\/wp-content\/uploads\/2017\/10\/DSCN3131-www.jpg 768w\" sizes=\"auto, (max-width: 225px) 100vw, 225px\" \/><\/a><\/p>\n<p>&nbsp;<\/p>\n<p>&nbsp;<\/p>\n<p>&nbsp;<\/p>\n<p>A 13 pa\u017adziernika 2017 r., w pi\u0105tek, mogli\u015bmy zapozna\u0107 si\u0119 z tw\u00f3rczo\u015bci\u0105 Antoniego Jarczyka. kt\u00f3ry maluje, rze\u017abi, zajmuje si\u0119 metaloplastyk\u0105, ceramik\u0105, pisze ikony, rysuje.<\/p>\n<p>Wystawa trwa\u0107 b\u0119dzie do 20 grudnia br.w Bibliotece Uniwersyteckiej w Kortowie.<\/p>\n<p><a href=\"http:\/\/www.milosnicylasu.olsztyn.pl\/wp-content\/uploads\/2017\/10\/DSCN3134-wwww.jpg\" data-rel=\"lightbox-image-2\" data-magnific_type=\"image\" data-rl_title=\"\" data-rl_caption=\"\" title=\"\"><img loading=\"lazy\" decoding=\"async\" class=\"alignnone size-medium wp-image-3811\" src=\"http:\/\/www.milosnicylasu.olsztyn.pl\/wp-content\/uploads\/2017\/10\/DSCN3134-wwww-300x225.jpg\" alt=\"\" width=\"300\" height=\"225\" srcset=\"https:\/\/www.milosnicylasu.olsztyn.pl\/wp-content\/uploads\/2017\/10\/DSCN3134-wwww-300x225.jpg 300w, https:\/\/www.milosnicylasu.olsztyn.pl\/wp-content\/uploads\/2017\/10\/DSCN3134-wwww-768x576.jpg 768w, https:\/\/www.milosnicylasu.olsztyn.pl\/wp-content\/uploads\/2017\/10\/DSCN3134-wwww.jpg 1024w, https:\/\/www.milosnicylasu.olsztyn.pl\/wp-content\/uploads\/2017\/10\/DSCN3134-wwww-400x300.jpg 400w\" sizes=\"auto, (max-width: 300px) 100vw, 300px\" \/><\/a>Gor\u0105co zach\u0119camy do jej obejrzenia.<\/p>\n<p>&nbsp;<\/p>\n","protected":false},"excerpt":{"rendered":"<p>Cz\u0142onkowie Ko\u0142a Mi\u0142o\u015bnik\u00f3w Lasu i Militari\u00f3w LOK przy ATW w Olsztynie opr\u00f3cz tego, \u017ce kochaj\u0105 las i strzelaj\u0105\u00a0 maj\u0105 jeszcze inne pasje i zainteresowania. Niekt\u00f3rzy maluj\u0105. Znamy pi\u0119kne akwarele Basi Kowalewskiej. Byli\u015bmy na wielu\u00a0 wystawach, podziwiali\u015bmy jej prace, kt\u00f3re przekazywa\u0142a jako podzi\u0119kowanie za wyk\u0142ady naszych prelegent\u00f3w. Tym razem mogli\u015bmy zobaczy\u0107 obrazy Krystyny Leszczy\u0144skiej, kt\u00f3ra wystawia [&hellip;]<\/p>\n","protected":false},"author":2,"featured_media":0,"comment_status":"open","ping_status":"open","sticky":false,"template":"","format":"standard","meta":{"footnotes":""},"categories":[1,9,11,4],"tags":[],"class_list":["post-3808","post","type-post","status-publish","format-standard","hentry","category-bez-kategorii","category-ciekawostki","category-spotkania-artystyczne","category-wystawy"],"_links":{"self":[{"href":"https:\/\/www.milosnicylasu.olsztyn.pl\/index.php?rest_route=\/wp\/v2\/posts\/3808","targetHints":{"allow":["GET"]}}],"collection":[{"href":"https:\/\/www.milosnicylasu.olsztyn.pl\/index.php?rest_route=\/wp\/v2\/posts"}],"about":[{"href":"https:\/\/www.milosnicylasu.olsztyn.pl\/index.php?rest_route=\/wp\/v2\/types\/post"}],"author":[{"embeddable":true,"href":"https:\/\/www.milosnicylasu.olsztyn.pl\/index.php?rest_route=\/wp\/v2\/users\/2"}],"replies":[{"embeddable":true,"href":"https:\/\/www.milosnicylasu.olsztyn.pl\/index.php?rest_route=%2Fwp%2Fv2%2Fcomments&post=3808"}],"version-history":[{"count":1,"href":"https:\/\/www.milosnicylasu.olsztyn.pl\/index.php?rest_route=\/wp\/v2\/posts\/3808\/revisions"}],"predecessor-version":[{"id":3812,"href":"https:\/\/www.milosnicylasu.olsztyn.pl\/index.php?rest_route=\/wp\/v2\/posts\/3808\/revisions\/3812"}],"wp:attachment":[{"href":"https:\/\/www.milosnicylasu.olsztyn.pl\/index.php?rest_route=%2Fwp%2Fv2%2Fmedia&parent=3808"}],"wp:term":[{"taxonomy":"category","embeddable":true,"href":"https:\/\/www.milosnicylasu.olsztyn.pl\/index.php?rest_route=%2Fwp%2Fv2%2Fcategories&post=3808"},{"taxonomy":"post_tag","embeddable":true,"href":"https:\/\/www.milosnicylasu.olsztyn.pl\/index.php?rest_route=%2Fwp%2Fv2%2Ftags&post=3808"}],"curies":[{"name":"wp","href":"https:\/\/api.w.org\/{rel}","templated":true}]}}