{"id":3834,"date":"2017-11-18T07:09:28","date_gmt":"2017-11-18T06:09:28","guid":{"rendered":"http:\/\/www.milosnicylasu.olsztyn.pl\/?p=3834"},"modified":"2017-11-18T08:14:02","modified_gmt":"2017-11-18T07:14:02","slug":"konkurs-jakie-to-drzewo","status":"publish","type":"post","link":"https:\/\/www.milosnicylasu.olsztyn.pl\/?p=3834","title":{"rendered":"Konkurs &#8211; Jakie to drzewo?"},"content":{"rendered":"<p>Kolejny konkurs opracowany przez Adama Siemakowicza, cz\u0142onka naszego Ko\u0142a i pracownika RDLP w Olsztynie<\/p>\n<p><strong>Jakie to drzewo?<\/strong><\/p>\n<p><a href=\"http:\/\/www.milosnicylasu.olsztyn.pl\/wp-content\/uploads\/2017\/11\/IMG_20171028_162012294-www.jpg\" data-rel=\"lightbox-image-0\" data-magnific_type=\"image\" data-rl_title=\"\" data-rl_caption=\"\" title=\"\"><img loading=\"lazy\" decoding=\"async\" class=\"size-medium wp-image-3835 alignleft\" src=\"http:\/\/www.milosnicylasu.olsztyn.pl\/wp-content\/uploads\/2017\/11\/IMG_20171028_162012294-www-300x169.jpg\" alt=\"\" width=\"300\" height=\"169\" srcset=\"https:\/\/www.milosnicylasu.olsztyn.pl\/wp-content\/uploads\/2017\/11\/IMG_20171028_162012294-www-300x169.jpg 300w, https:\/\/www.milosnicylasu.olsztyn.pl\/wp-content\/uploads\/2017\/11\/IMG_20171028_162012294-www-768x432.jpg 768w, https:\/\/www.milosnicylasu.olsztyn.pl\/wp-content\/uploads\/2017\/11\/IMG_20171028_162012294-www.jpg 1024w, https:\/\/www.milosnicylasu.olsztyn.pl\/wp-content\/uploads\/2017\/11\/IMG_20171028_162012294-www-500x281.jpg 500w\" sizes=\"auto, (max-width: 300px) 100vw, 300px\" \/><\/a><\/p>\n<p>Nie ma os\u00f3b, kt\u00f3re nie lubi\u0105 rozwi\u0105zywa\u0107 zagadek i konkurs\u00f3w. Jednak pami\u0119\u0107 nale\u017cy systematycznie \u0107wiczy\u0107. W tej ods\u0142onie konkursu skupimy si\u0119 na drzewach. Tych bardziej i troch\u0119 mniej popularnych. Wystarczy umiej\u0119tno\u015b\u0107 analitycznego my\u015blenia lub surfowania po internecie by znale\u017a\u0107 prawid\u0142owe odpowiedzi. Wystarczy prawid\u0142owo rozwi\u0105za\u0107 krzy\u017c\u00f3wk\u0119 sk\u0142adaj\u0105c\u0105 si\u0119 z 13-stu pyta\u0144, kt\u00f3re zestawione pionowo utworz\u0105 potoczn\u0105 nazw\u0119 afryka\u0144skiego drzewa zaprezentowanego na zdj\u0119ciu. Poza nazw\u0105 odczytan\u0105 z krzy\u017c\u00f3wki podaj prawid\u0142ow\u0105 polsk\u0105 lub \u0142aci\u0144sk\u0105 nazw\u0119 gatunku oraz nazwy 13 drzew z krzy\u017c\u00f3wki.\u00a0 W przypadku wi\u0119kszej liczby prawid\u0142owych odpowiedzi, o kolejno\u015bci nagradzanych os\u00f3b b\u0119dzie decydowa\u0142 termin nadsy\u0142anych prawid\u0142owych odpowiedzi. Odpowiedzi wysy\u0142ajcie na adres poczty elektronicznej krystyna@kappa.pl &#8211; w tytule wpisuj\u0105c <strong>Konkurs przyrody.<\/strong><\/p>\n<p>Konkurs b\u0119dzie trwa\u0142 do 15.12.2017 roku.<\/p>\n<p>Do wygrania ciekawe ksi\u0105\u017cki.<\/p>\n<p><a href=\"http:\/\/www.milosnicylasu.olsztyn.pl\/wp-content\/uploads\/2017\/11\/DSCN4160-www.jpg\" data-rel=\"lightbox-image-1\" data-magnific_type=\"image\" data-rl_title=\"\" data-rl_caption=\"\" title=\"\"><img loading=\"lazy\" decoding=\"async\" class=\"alignnone size-medium wp-image-3836\" src=\"http:\/\/www.milosnicylasu.olsztyn.pl\/wp-content\/uploads\/2017\/11\/DSCN4160-www-300x225.jpg\" alt=\"\" width=\"300\" height=\"225\" srcset=\"https:\/\/www.milosnicylasu.olsztyn.pl\/wp-content\/uploads\/2017\/11\/DSCN4160-www-300x225.jpg 300w, https:\/\/www.milosnicylasu.olsztyn.pl\/wp-content\/uploads\/2017\/11\/DSCN4160-www-768x576.jpg 768w, https:\/\/www.milosnicylasu.olsztyn.pl\/wp-content\/uploads\/2017\/11\/DSCN4160-www.jpg 1024w, https:\/\/www.milosnicylasu.olsztyn.pl\/wp-content\/uploads\/2017\/11\/DSCN4160-www-400x300.jpg 400w\" sizes=\"auto, (max-width: 300px) 100vw, 300px\" \/><\/a><\/p>\n<ol>\n<li>Mo\u017ce by\u0107 czarna, bia\u0142a lub osika.<\/li>\n<li>Wierzba szara potocznie.<\/li>\n<li>Z niej pochodzi osko\u0142a.<\/li>\n<li>\u015aliwa kocierpka \u2013 inna nazwa.<\/li>\n<li>Taxus baccata.<\/li>\n<li>Popularne drzewko na \u015bwi\u0119ta.<\/li>\n<li>Krzew lub ma\u0142e drzewo z jadalnymi owocami (Cornus).<\/li>\n<li>Popularne drzewo z rodziny brzozowatych, podrodziny leszczynowych.<\/li>\n<li>Drzewo egzotyczne \u2013 mo\u017ce by\u0107 karyjska lub pospolita. Znane z przys\u0142owia.<\/li>\n<li>Pospolity, zwyczajny lub m\u0105czny.<\/li>\n<li>Inaczej Tuja.<\/li>\n<li>Drzewo z rodziny mydle\u0144cowatych (w Kanadzie wykorzystuje si\u0119 do produkcji soku, syropu lub cukru).<\/li>\n<li>Drobnolistna lub szerokolistna. Popularne w Polsce drzewo, bardzo cz\u0119sto wyst\u0119puje przy drogach.<\/li>\n<\/ol>\n<p>&nbsp;<\/p>\n<p>&nbsp;<\/p>\n","protected":false},"excerpt":{"rendered":"<p>Kolejny konkurs opracowany przez Adama Siemakowicza, cz\u0142onka naszego Ko\u0142a i pracownika RDLP w Olsztynie Jakie to drzewo? Nie ma os\u00f3b, kt\u00f3re nie lubi\u0105 rozwi\u0105zywa\u0107 zagadek i konkurs\u00f3w. Jednak pami\u0119\u0107 nale\u017cy systematycznie \u0107wiczy\u0107. W tej ods\u0142onie konkursu skupimy si\u0119 na drzewach. Tych bardziej i troch\u0119 mniej popularnych. Wystarczy umiej\u0119tno\u015b\u0107 analitycznego my\u015blenia lub surfowania po internecie by [&hellip;]<\/p>\n","protected":false},"author":2,"featured_media":0,"comment_status":"open","ping_status":"open","sticky":false,"template":"","format":"standard","meta":{"footnotes":""},"categories":[1,9,15],"tags":[],"class_list":["post-3834","post","type-post","status-publish","format-standard","hentry","category-bez-kategorii","category-ciekawostki","category-komkurs"],"_links":{"self":[{"href":"https:\/\/www.milosnicylasu.olsztyn.pl\/index.php?rest_route=\/wp\/v2\/posts\/3834","targetHints":{"allow":["GET"]}}],"collection":[{"href":"https:\/\/www.milosnicylasu.olsztyn.pl\/index.php?rest_route=\/wp\/v2\/posts"}],"about":[{"href":"https:\/\/www.milosnicylasu.olsztyn.pl\/index.php?rest_route=\/wp\/v2\/types\/post"}],"author":[{"embeddable":true,"href":"https:\/\/www.milosnicylasu.olsztyn.pl\/index.php?rest_route=\/wp\/v2\/users\/2"}],"replies":[{"embeddable":true,"href":"https:\/\/www.milosnicylasu.olsztyn.pl\/index.php?rest_route=%2Fwp%2Fv2%2Fcomments&post=3834"}],"version-history":[{"count":4,"href":"https:\/\/www.milosnicylasu.olsztyn.pl\/index.php?rest_route=\/wp\/v2\/posts\/3834\/revisions"}],"predecessor-version":[{"id":3840,"href":"https:\/\/www.milosnicylasu.olsztyn.pl\/index.php?rest_route=\/wp\/v2\/posts\/3834\/revisions\/3840"}],"wp:attachment":[{"href":"https:\/\/www.milosnicylasu.olsztyn.pl\/index.php?rest_route=%2Fwp%2Fv2%2Fmedia&parent=3834"}],"wp:term":[{"taxonomy":"category","embeddable":true,"href":"https:\/\/www.milosnicylasu.olsztyn.pl\/index.php?rest_route=%2Fwp%2Fv2%2Fcategories&post=3834"},{"taxonomy":"post_tag","embeddable":true,"href":"https:\/\/www.milosnicylasu.olsztyn.pl\/index.php?rest_route=%2Fwp%2Fv2%2Ftags&post=3834"}],"curies":[{"name":"wp","href":"https:\/\/api.w.org\/{rel}","templated":true}]}}