{"id":3868,"date":"2017-11-21T06:29:54","date_gmt":"2017-11-21T05:29:54","guid":{"rendered":"http:\/\/www.milosnicylasu.olsztyn.pl\/?p=3868"},"modified":"2017-11-21T06:54:42","modified_gmt":"2017-11-21T05:54:42","slug":"barczewo-cz-ii","status":"publish","type":"post","link":"https:\/\/www.milosnicylasu.olsztyn.pl\/?p=3868","title":{"rendered":"Barczewo &#8211; ma\u0142a Wenecja P\u00f3\u0142nocy cz.II"},"content":{"rendered":"<p><strong><a href=\"http:\/\/www.milosnicylasu.olsztyn.pl\/wp-content\/uploads\/2017\/11\/DSCN4201-www.jpg\" data-rel=\"lightbox-image-0\" data-magnific_type=\"image\" data-rl_title=\"\" data-rl_caption=\"\" title=\"\"><img loading=\"lazy\" decoding=\"async\" class=\"size-medium wp-image-3850 alignleft\" src=\"http:\/\/www.milosnicylasu.olsztyn.pl\/wp-content\/uploads\/2017\/11\/DSCN4201-www-300x225.jpg\" alt=\"\" width=\"300\" height=\"225\" srcset=\"https:\/\/www.milosnicylasu.olsztyn.pl\/wp-content\/uploads\/2017\/11\/DSCN4201-www-300x225.jpg 300w, https:\/\/www.milosnicylasu.olsztyn.pl\/wp-content\/uploads\/2017\/11\/DSCN4201-www-768x576.jpg 768w, https:\/\/www.milosnicylasu.olsztyn.pl\/wp-content\/uploads\/2017\/11\/DSCN4201-www.jpg 1024w, https:\/\/www.milosnicylasu.olsztyn.pl\/wp-content\/uploads\/2017\/11\/DSCN4201-www-400x300.jpg 400w\" sizes=\"auto, (max-width: 300px) 100vw, 300px\" \/><\/a>Ko\u015bci\u00f3\u0142 \u015bw. Andrzeja Aposto\u0142a<\/strong> zbudowano w 1326 roku, rozbudowano w latach 1380-1390. Ko\u015bci\u00f3\u0142 stanowi\u0142 jedno ze skrzyde\u0142 klasztoru franciszkan\u00f3w.<\/p>\n<p>W 1584 r. biskupem i w\u0142adc\u0105 ksi\u0119stwa warmi\u0144skiego zosta\u0142 Andrzej Batory, bratanek Stefana Batorego. Wtedy na zlecenie biskupa dobudowano kaplic\u0119 \u015bw. Antoniego, w kt\u00f3rej umieszczono nagrobek Andrzeja Batorego i jego brata Baltazara,<a href=\"http:\/\/www.milosnicylasu.olsztyn.pl\/wp-content\/uploads\/2017\/11\/DSCN4246-www.jpg\" data-rel=\"lightbox-image-1\" data-magnific_type=\"image\" data-rl_title=\"\" data-rl_caption=\"\" title=\"\"><img loading=\"lazy\" decoding=\"async\" class=\"size-medium wp-image-3851 alignright\" src=\"http:\/\/www.milosnicylasu.olsztyn.pl\/wp-content\/uploads\/2017\/11\/DSCN4246-www-225x300.jpg\" alt=\"\" width=\"225\" height=\"300\" srcset=\"https:\/\/www.milosnicylasu.olsztyn.pl\/wp-content\/uploads\/2017\/11\/DSCN4246-www-225x300.jpg 225w, https:\/\/www.milosnicylasu.olsztyn.pl\/wp-content\/uploads\/2017\/11\/DSCN4246-www-768x1024.jpg 768w\" sizes=\"auto, (max-width: 225px) 100vw, 225px\" \/><\/a><\/p>\n<p>Ko\u015bci\u00f3\u0142 na prze\u0142omie XVI i XVII w. by\u0142 przebudowany. W \u015brodku wn\u0119trze z XVII i XVIII w., w tym osiem barokowych o\u0142tarzy i rokokow\u0105 ambona.<strong> Ko\u015bci\u00f3\u0142 jest zabytkiem klasy &#8222;0&#8221;. <\/strong><\/p>\n<p>Od 1983 ko\u015bci\u00f3\u0142 nale\u017cy do bernardyn\u00f3w.<\/p>\n<p><strong>Synagoga\u00a0<\/strong><\/p>\n<p>Bo\u017cnic\u0119 wzniesiono w stylu klasycystycznym w 1894 r. w miejscu istniej\u0105cego od 1847 r. domu modlitwy.<a href=\"http:\/\/www.milosnicylasu.olsztyn.pl\/wp-content\/uploads\/2017\/11\/DSCN4254-www.jpg\" data-rel=\"lightbox-image-2\" data-magnific_type=\"image\" data-rl_title=\"\" data-rl_caption=\"\" title=\"\"><img loading=\"lazy\" decoding=\"async\" class=\"size-medium wp-image-3852 alignleft\" src=\"http:\/\/www.milosnicylasu.olsztyn.pl\/wp-content\/uploads\/2017\/11\/DSCN4254-www-300x225.jpg\" alt=\"\" width=\"300\" height=\"225\" srcset=\"https:\/\/www.milosnicylasu.olsztyn.pl\/wp-content\/uploads\/2017\/11\/DSCN4254-www-300x225.jpg 300w, https:\/\/www.milosnicylasu.olsztyn.pl\/wp-content\/uploads\/2017\/11\/DSCN4254-www-768x576.jpg 768w, https:\/\/www.milosnicylasu.olsztyn.pl\/wp-content\/uploads\/2017\/11\/DSCN4254-www.jpg 1024w, https:\/\/www.milosnicylasu.olsztyn.pl\/wp-content\/uploads\/2017\/11\/DSCN4254-www-400x300.jpg 400w\" sizes=\"auto, (max-width: 300px) 100vw, 300px\" \/><\/a><br \/>\nW\u00a02000 r. w bo\u017cnicy otwarto Galeri\u0119 Sztuki \u201eSynagoga\u201d, kt\u00f3ra organizuje wystawy plastyczne, koncerty i spotkania z lud\u017ami kultury. Kameraln\u0105 galeri\u0119 charakteryzuje niepowtarzalna, przyjazna sztuce atmosfera.<br \/>\nCz\u0119\u015bciowo dwukondygnacyjny, murowany budynek wzniesiono na planie zbli\u017conym do kwadratu. Z zewn\u0105trz uwag\u0119 zwraca ozdobna fasada z du\u017cymi oknami i pilastrami. Wewn\u0105trz zachowa\u0142 si\u0119 babiniec z drewnian\u0105 balustrad\u0105 na pi\u0119trze, a tak\u017ce liczne przedmioty liturgiczne wraz z ksi\u0119gami.<a href=\"http:\/\/www.milosnicylasu.olsztyn.pl\/wp-content\/uploads\/2017\/11\/DSCN4272-www.jpg\" data-rel=\"lightbox-image-3\" data-magnific_type=\"image\" data-rl_title=\"\" data-rl_caption=\"\" title=\"\"><img loading=\"lazy\" decoding=\"async\" class=\"size-medium wp-image-3853 alignleft\" src=\"http:\/\/www.milosnicylasu.olsztyn.pl\/wp-content\/uploads\/2017\/11\/DSCN4272-www-225x300.jpg\" alt=\"\" width=\"225\" height=\"300\" srcset=\"https:\/\/www.milosnicylasu.olsztyn.pl\/wp-content\/uploads\/2017\/11\/DSCN4272-www-225x300.jpg 225w, https:\/\/www.milosnicylasu.olsztyn.pl\/wp-content\/uploads\/2017\/11\/DSCN4272-www.jpg 768w\" sizes=\"auto, (max-width: 225px) 100vw, 225px\" \/><\/a><\/p>\n<p>W otwartym przy Galerii Sztuki Synagoga w Barczewie<strong> lapidarium<\/strong> mo\u017cna obejrze\u0107 macewy czyli \u017cydowskie nagrobki.<\/p>\n<p>&nbsp;<\/p>\n<p>.Z miasteczkiem zwi\u0105zany by\u0142 te\u017c<strong> Feliks Nowowiejski<\/strong> (ur. 7 lutego 1877 w Barczewie na Warmii, zm. 18 stycznia 1946 w Poznaniu. By\u0142 polskim kompozytorem, dyrygentem, pedagogiem i organist\u0105. Pocz\u0105tkowo ucz\u0119szcza\u0142 do szko\u0142y muzycznej w \u015awi\u0119tej Lipce, p\u00f3\u017aniej przebywa\u0142 w Olsztynie i podj\u0105\u0142 tam prac\u0119 w pruskiej orkiestrze. Nowowiejski kojarzy si\u0119 te\u017c z \u201eRot\u0105\u201d Marii Konopnickiej. To w\u0142a\u015bnie ch\u00f3r pod batut\u0105 Feliksa Nowowiejskiego za\u015bpiewa\u0142 po raz pierwszy te s\u0142owa. Zgromadzony t\u0142um przyj\u0105\u0142 t\u0119 now\u0105 pie\u015b\u0144 ze \u0142zami w oczach.<\/p>\n<p><a href=\"http:\/\/www.milosnicylasu.olsztyn.pl\/wp-content\/uploads\/2017\/11\/DSCN4223-www.jpg\" data-rel=\"lightbox-image-4\" data-magnific_type=\"image\" data-rl_title=\"\" data-rl_caption=\"\" title=\"\"><img loading=\"lazy\" decoding=\"async\" class=\"size-medium wp-image-3854 alignright\" src=\"http:\/\/www.milosnicylasu.olsztyn.pl\/wp-content\/uploads\/2017\/11\/DSCN4223-www-300x225.jpg\" alt=\"\" width=\"300\" height=\"225\" srcset=\"https:\/\/www.milosnicylasu.olsztyn.pl\/wp-content\/uploads\/2017\/11\/DSCN4223-www-300x225.jpg 300w, https:\/\/www.milosnicylasu.olsztyn.pl\/wp-content\/uploads\/2017\/11\/DSCN4223-www-768x576.jpg 768w, https:\/\/www.milosnicylasu.olsztyn.pl\/wp-content\/uploads\/2017\/11\/DSCN4223-www.jpg 1024w, https:\/\/www.milosnicylasu.olsztyn.pl\/wp-content\/uploads\/2017\/11\/DSCN4223-www-400x300.jpg 400w\" sizes=\"auto, (max-width: 300px) 100vw, 300px\" \/><\/a><\/p>\n<p>&nbsp;<\/p>\n<p>W Barczewie znajduje si\u0119 przepi\u0119kne, bo zlokalizowane w uroczej kamienicy, Muzeum Nowowiejskiego.<\/p>\n<p><a href=\"http:\/\/www.milosnicylasu.olsztyn.pl\/wp-content\/uploads\/2017\/11\/DSCN4191-www.jpg\" data-rel=\"lightbox-image-5\" data-magnific_type=\"image\" data-rl_title=\"\" data-rl_caption=\"\" title=\"\"><img loading=\"lazy\" decoding=\"async\" class=\"size-medium wp-image-3855 alignleft\" src=\"http:\/\/www.milosnicylasu.olsztyn.pl\/wp-content\/uploads\/2017\/11\/DSCN4191-www-300x225.jpg\" alt=\"\" width=\"300\" height=\"225\" srcset=\"https:\/\/www.milosnicylasu.olsztyn.pl\/wp-content\/uploads\/2017\/11\/DSCN4191-www-300x225.jpg 300w, https:\/\/www.milosnicylasu.olsztyn.pl\/wp-content\/uploads\/2017\/11\/DSCN4191-www-768x576.jpg 768w, https:\/\/www.milosnicylasu.olsztyn.pl\/wp-content\/uploads\/2017\/11\/DSCN4191-www.jpg 1024w, https:\/\/www.milosnicylasu.olsztyn.pl\/wp-content\/uploads\/2017\/11\/DSCN4191-www-400x300.jpg 400w\" sizes=\"auto, (max-width: 300px) 100vw, 300px\" \/><\/a><\/p>\n<p>&nbsp;<\/p>\n<p>&nbsp;<\/p>\n<p>Pan Wojciech Zenderowski opowiedzia\u0142 nam te\u017c\u00a0 o wi\u0119zieniu w Barczewie. Nie zwiedzali\u015bmy tych obiekt\u00f3w i nikt z nas nie chcia\u0142by bli\u017cej si\u0119 z nimi zapozna\u0107, ale pos\u0142ucha\u0107 historyjek i popatrze\u0107 z daleka &#8211; czemu nie?<\/p>\n<p>Wi\u0119zienie, znajduje si\u0119 na terenie by\u0142ych ogrod\u00f3w klasztornych zakonu franciszkan\u00f3w. W 1810 roku w\u0142adze pruskie po sekularyzacji maj\u0105tku zakonu, powo\u0142a\u0142y tu dom karny. W styczniu 1945 roku zak\u0142ad przej\u0119\u0142y wojska radzieckie, a 9 marca roku nast\u0119pnego w\u0142adze polskie. W barczewskim zak\u0142adzie karnym 12 listopada 1986 roku zmar\u0142 zbrodniarz wojenny Erich Koch. Wi\u0119zienie to w latach 80-tych XX wieku by\u0142o wi\u0119zieniem politycznym, w kt\u00f3rym przetrzymywano dzia\u0142aczy antykomunistycznych m.in. Leszka Moczulskiego, W\u0142adys\u0142awa Frasyniuka, Adama Michnika.<\/p>\n<p>Barczewo zwiedzali\u015bmy ponad 3 godziny, a mogliby\u015bmy jeszcze d\u0142u\u017cej. My\u015bl\u0119,\u017ce jeszcze tam wr\u00f3cimy i&#8230;.. gdyby pan Wojciech znalaz\u0142 dla nas czas by\u0142oby wspaniale. Dzi\u0119kujemy serdecznie za ju\u017c i do zobaczenia. Dzi\u0119kujemy te\u017c za pami\u0105tki otrzymane z Urz\u0119du Miasta, dzi\u0119kujemy naszym kolegom za zorganizowanie wyjazdu &#8211; Czesiowi\u00a0 Bu\u0144kowskiemu, Grzesiowi Kluczykowi i J\u00f3zkowi Ga\u017adzie<\/p>\n","protected":false},"excerpt":{"rendered":"<p>Ko\u015bci\u00f3\u0142 \u015bw. Andrzeja Aposto\u0142a zbudowano w 1326 roku, rozbudowano w latach 1380-1390. Ko\u015bci\u00f3\u0142 stanowi\u0142 jedno ze skrzyde\u0142 klasztoru franciszkan\u00f3w. W 1584 r. biskupem i w\u0142adc\u0105 ksi\u0119stwa warmi\u0144skiego zosta\u0142 Andrzej Batory, bratanek Stefana Batorego. Wtedy na zlecenie biskupa dobudowano kaplic\u0119 \u015bw. Antoniego, w kt\u00f3rej umieszczono nagrobek Andrzeja Batorego i jego brata Baltazara, Ko\u015bci\u00f3\u0142 na prze\u0142omie XVI [&hellip;]<\/p>\n","protected":false},"author":2,"featured_media":0,"comment_status":"open","ping_status":"open","sticky":false,"template":"","format":"standard","meta":{"footnotes":""},"categories":[1,9,17,5,4],"tags":[],"class_list":["post-3868","post","type-post","status-publish","format-standard","hentry","category-bez-kategorii","category-ciekawostki","category-edukacja-w-terenie","category-wycieczki","category-wystawy"],"_links":{"self":[{"href":"https:\/\/www.milosnicylasu.olsztyn.pl\/index.php?rest_route=\/wp\/v2\/posts\/3868","targetHints":{"allow":["GET"]}}],"collection":[{"href":"https:\/\/www.milosnicylasu.olsztyn.pl\/index.php?rest_route=\/wp\/v2\/posts"}],"about":[{"href":"https:\/\/www.milosnicylasu.olsztyn.pl\/index.php?rest_route=\/wp\/v2\/types\/post"}],"author":[{"embeddable":true,"href":"https:\/\/www.milosnicylasu.olsztyn.pl\/index.php?rest_route=\/wp\/v2\/users\/2"}],"replies":[{"embeddable":true,"href":"https:\/\/www.milosnicylasu.olsztyn.pl\/index.php?rest_route=%2Fwp%2Fv2%2Fcomments&post=3868"}],"version-history":[{"count":4,"href":"https:\/\/www.milosnicylasu.olsztyn.pl\/index.php?rest_route=\/wp\/v2\/posts\/3868\/revisions"}],"predecessor-version":[{"id":3874,"href":"https:\/\/www.milosnicylasu.olsztyn.pl\/index.php?rest_route=\/wp\/v2\/posts\/3868\/revisions\/3874"}],"wp:attachment":[{"href":"https:\/\/www.milosnicylasu.olsztyn.pl\/index.php?rest_route=%2Fwp%2Fv2%2Fmedia&parent=3868"}],"wp:term":[{"taxonomy":"category","embeddable":true,"href":"https:\/\/www.milosnicylasu.olsztyn.pl\/index.php?rest_route=%2Fwp%2Fv2%2Fcategories&post=3868"},{"taxonomy":"post_tag","embeddable":true,"href":"https:\/\/www.milosnicylasu.olsztyn.pl\/index.php?rest_route=%2Fwp%2Fv2%2Ftags&post=3868"}],"curies":[{"name":"wp","href":"https:\/\/api.w.org\/{rel}","templated":true}]}}