{"id":3883,"date":"2017-12-05T08:24:36","date_gmt":"2017-12-05T07:24:36","guid":{"rendered":"http:\/\/www.milosnicylasu.olsztyn.pl\/?p=3883"},"modified":"2017-12-05T08:24:36","modified_gmt":"2017-12-05T07:24:36","slug":"rajdy-rajdy-rajdy","status":"publish","type":"post","link":"https:\/\/www.milosnicylasu.olsztyn.pl\/?p=3883","title":{"rendered":"Rajdy, rajdy, rajdy&#8230;&#8230;&#8230;&#8230;&#8230;"},"content":{"rendered":"<p><a href=\"http:\/\/www.milosnicylasu.olsztyn.pl\/wp-content\/uploads\/2017\/12\/IMG_20171014_120909-www.jpg\" data-rel=\"lightbox-image-0\" data-magnific_type=\"image\" data-rl_title=\"\" data-rl_caption=\"\" title=\"\"><img loading=\"lazy\" decoding=\"async\" class=\"size-medium wp-image-3885 alignleft\" src=\"http:\/\/www.milosnicylasu.olsztyn.pl\/wp-content\/uploads\/2017\/12\/IMG_20171014_120909-www-225x300.jpg\" alt=\"\" width=\"225\" height=\"300\" srcset=\"https:\/\/www.milosnicylasu.olsztyn.pl\/wp-content\/uploads\/2017\/12\/IMG_20171014_120909-www-225x300.jpg 225w, https:\/\/www.milosnicylasu.olsztyn.pl\/wp-content\/uploads\/2017\/12\/IMG_20171014_120909-www.jpg 768w\" sizes=\"auto, (max-width: 225px) 100vw, 225px\" \/><\/a><\/p>\n<p>&nbsp;<\/p>\n<p>&nbsp;<\/p>\n<p>Mieli\u015bmy wakacje, przerw\u0119 wakacyjn\u0105 &#8211; nie wszyscy.<\/p>\n<p><a href=\"http:\/\/www.milosnicylasu.olsztyn.pl\/wp-content\/uploads\/2017\/12\/IMG_20171104_130727-www.jpg\" data-rel=\"lightbox-image-1\" data-magnific_type=\"image\" data-rl_title=\"\" data-rl_caption=\"\" title=\"\"><img loading=\"lazy\" decoding=\"async\" class=\"alignnone size-medium wp-image-3884\" src=\"http:\/\/www.milosnicylasu.olsztyn.pl\/wp-content\/uploads\/2017\/12\/IMG_20171104_130727-www-225x300.jpg\" alt=\"\" width=\"225\" height=\"300\" srcset=\"https:\/\/www.milosnicylasu.olsztyn.pl\/wp-content\/uploads\/2017\/12\/IMG_20171104_130727-www-225x300.jpg 225w, https:\/\/www.milosnicylasu.olsztyn.pl\/wp-content\/uploads\/2017\/12\/IMG_20171104_130727-www.jpg 768w\" sizes=\"auto, (max-width: 225px) 100vw, 225px\" \/><\/a><\/p>\n<p>Najwytrwalsi\u00a0 mi\u0142o\u015bnicy las\u00f3w w ka\u017cd\u0105 sobot\u0119 przemierzali\u00a0 le\u015bne \u015bcie\u017cki wok\u00f3\u0142 Olsztyna, mimo tego, \u017ce pogoda w tym roku nas nie rozpieszcza\u0142a.<\/p>\n<p>To wszystko dzi\u0119ki Waldkowi Chrzanowskiemu i Zosi Romanowskiej, kt\u00f3rzy rajdy zorganizowali i poprowadzili. Dzi\u0119kujemy<\/p>\n<p>Wakacje si\u0119 sko\u0144czy\u0142y, zmieni\u0142a si\u0119 sceneria i kolory, w\u0119drujemy i bez namawiania Pana Karasiewicza kochamy jesie\u0144.<\/p>\n<p><b style=\"color: #8f371e; font-family: Verdana; font-size: small; text-align: -webkit-center;\">Pokochaj jesie\u0144<\/b><\/p>\n<p><b style=\"color: #8f371e; font-family: Verdana; font-size: small; text-align: -webkit-center;\"><br \/>\nSpr\u00f3buj pokocha\u0107 jesie\u0144<br \/>\nz niesamowitymi urokami<br \/>\nSp\u00f3jrz ile pi\u0119kna niesie<br \/>\nobdarzaj\u0105c ci\u0119 nowymi dniami.<\/p>\n<p>Kolorowo jak wiosn\u0105<br \/>\nbarwne li\u015bcie ostatki zieleni<br \/>\nDadz\u0105 chwil\u0119 radosn\u0105<br \/>\ntw\u0105 szaro\u015b\u0107 \u017cycia mog\u0105 odmieni\u0107.<\/p>\n<p>Wiecz\u00f3r szybciej nastaje<br \/>\ns\u0142o\u0144ce te\u017c znika wcze\u015bniej ni\u017c latem<br \/>\nLecz nowe czy nie daje<br \/>\nchwile spokoju skorzystaj zatem.<br \/>\n<i>Tadeusz Karasiewicz<\/i><\/b><\/p>\n<p>&nbsp;<\/p>\n","protected":false},"excerpt":{"rendered":"<p>&nbsp; &nbsp; Mieli\u015bmy wakacje, przerw\u0119 wakacyjn\u0105 &#8211; nie wszyscy. Najwytrwalsi\u00a0 mi\u0142o\u015bnicy las\u00f3w w ka\u017cd\u0105 sobot\u0119 przemierzali\u00a0 le\u015bne \u015bcie\u017cki wok\u00f3\u0142 Olsztyna, mimo tego, \u017ce pogoda w tym roku nas nie rozpieszcza\u0142a. To wszystko dzi\u0119ki Waldkowi Chrzanowskiemu i Zosi Romanowskiej, kt\u00f3rzy rajdy zorganizowali i poprowadzili. Dzi\u0119kujemy Wakacje si\u0119 sko\u0144czy\u0142y, zmieni\u0142a si\u0119 sceneria i kolory, w\u0119drujemy i bez [&hellip;]<\/p>\n","protected":false},"author":2,"featured_media":0,"comment_status":"open","ping_status":"open","sticky":false,"template":"","format":"standard","meta":{"footnotes":""},"categories":[1,9,2,7],"tags":[],"class_list":["post-3883","post","type-post","status-publish","format-standard","hentry","category-bez-kategorii","category-ciekawostki","category-rajdy","category-wiersze"],"_links":{"self":[{"href":"https:\/\/www.milosnicylasu.olsztyn.pl\/index.php?rest_route=\/wp\/v2\/posts\/3883","targetHints":{"allow":["GET"]}}],"collection":[{"href":"https:\/\/www.milosnicylasu.olsztyn.pl\/index.php?rest_route=\/wp\/v2\/posts"}],"about":[{"href":"https:\/\/www.milosnicylasu.olsztyn.pl\/index.php?rest_route=\/wp\/v2\/types\/post"}],"author":[{"embeddable":true,"href":"https:\/\/www.milosnicylasu.olsztyn.pl\/index.php?rest_route=\/wp\/v2\/users\/2"}],"replies":[{"embeddable":true,"href":"https:\/\/www.milosnicylasu.olsztyn.pl\/index.php?rest_route=%2Fwp%2Fv2%2Fcomments&post=3883"}],"version-history":[{"count":1,"href":"https:\/\/www.milosnicylasu.olsztyn.pl\/index.php?rest_route=\/wp\/v2\/posts\/3883\/revisions"}],"predecessor-version":[{"id":3886,"href":"https:\/\/www.milosnicylasu.olsztyn.pl\/index.php?rest_route=\/wp\/v2\/posts\/3883\/revisions\/3886"}],"wp:attachment":[{"href":"https:\/\/www.milosnicylasu.olsztyn.pl\/index.php?rest_route=%2Fwp%2Fv2%2Fmedia&parent=3883"}],"wp:term":[{"taxonomy":"category","embeddable":true,"href":"https:\/\/www.milosnicylasu.olsztyn.pl\/index.php?rest_route=%2Fwp%2Fv2%2Fcategories&post=3883"},{"taxonomy":"post_tag","embeddable":true,"href":"https:\/\/www.milosnicylasu.olsztyn.pl\/index.php?rest_route=%2Fwp%2Fv2%2Ftags&post=3883"}],"curies":[{"name":"wp","href":"https:\/\/api.w.org\/{rel}","templated":true}]}}