{"id":3887,"date":"2017-12-05T18:30:02","date_gmt":"2017-12-05T17:30:02","guid":{"rendered":"http:\/\/www.milosnicylasu.olsztyn.pl\/?p=3887"},"modified":"2017-12-05T18:30:02","modified_gmt":"2017-12-05T17:30:02","slug":"lesnicy-zasluzeni-dzialacze-lok","status":"publish","type":"post","link":"https:\/\/www.milosnicylasu.olsztyn.pl\/?p=3887","title":{"rendered":"Le\u015bnicy -zas\u0142u\u017ceni dzia\u0142acze LOK"},"content":{"rendered":"<p><a href=\"http:\/\/www.milosnicylasu.olsztyn.pl\/wp-content\/uploads\/2017\/12\/IMG_20171205_100254482_HDR-www.jpg\" data-rel=\"lightbox-image-0\" data-magnific_type=\"image\" data-rl_title=\"\" data-rl_caption=\"\" title=\"\"><img loading=\"lazy\" decoding=\"async\" class=\"size-medium wp-image-3888 alignleft\" src=\"http:\/\/www.milosnicylasu.olsztyn.pl\/wp-content\/uploads\/2017\/12\/IMG_20171205_100254482_HDR-www-300x169.jpg\" alt=\"\" width=\"300\" height=\"169\" srcset=\"https:\/\/www.milosnicylasu.olsztyn.pl\/wp-content\/uploads\/2017\/12\/IMG_20171205_100254482_HDR-www-300x169.jpg 300w, https:\/\/www.milosnicylasu.olsztyn.pl\/wp-content\/uploads\/2017\/12\/IMG_20171205_100254482_HDR-www-768x432.jpg 768w, https:\/\/www.milosnicylasu.olsztyn.pl\/wp-content\/uploads\/2017\/12\/IMG_20171205_100254482_HDR-www.jpg 1024w, https:\/\/www.milosnicylasu.olsztyn.pl\/wp-content\/uploads\/2017\/12\/IMG_20171205_100254482_HDR-www-500x281.jpg 500w\" sizes=\"auto, (max-width: 300px) 100vw, 300px\" \/><\/a>Zarz\u0105d Wojew\u00f3dzki Ligi Obrony Kraju w Olsztynie, doceniaj\u0105c zaanga\u017cowanie le\u015bnik\u00f3w w \u00a0realizacj\u0119 planu pracy Ko\u0142a Mi\u0142o\u015bnik\u00f3w Lasu i Militari\u00f3w LOK przy ATW w Olsztynie, \u00a0przyzna\u0142 odznaczenia \u201eZas\u0142u\u017cony Dzia\u0142acz LOK\u201d.<\/p>\n<p><a href=\"http:\/\/www.milosnicylasu.olsztyn.pl\/wp-content\/uploads\/2017\/12\/IMG_20171205_100313316-www.jpg\" data-rel=\"lightbox-image-1\" data-magnific_type=\"image\" data-rl_title=\"\" data-rl_caption=\"\" title=\"\"><img loading=\"lazy\" decoding=\"async\" class=\"size-medium wp-image-3889 alignright\" src=\"http:\/\/www.milosnicylasu.olsztyn.pl\/wp-content\/uploads\/2017\/12\/IMG_20171205_100313316-www-300x169.jpg\" alt=\"\" width=\"300\" height=\"169\" srcset=\"https:\/\/www.milosnicylasu.olsztyn.pl\/wp-content\/uploads\/2017\/12\/IMG_20171205_100313316-www-300x169.jpg 300w, https:\/\/www.milosnicylasu.olsztyn.pl\/wp-content\/uploads\/2017\/12\/IMG_20171205_100313316-www-768x432.jpg 768w, https:\/\/www.milosnicylasu.olsztyn.pl\/wp-content\/uploads\/2017\/12\/IMG_20171205_100313316-www.jpg 1024w, https:\/\/www.milosnicylasu.olsztyn.pl\/wp-content\/uploads\/2017\/12\/IMG_20171205_100313316-www-500x281.jpg 500w\" sizes=\"auto, (max-width: 300px) 100vw, 300px\" \/><\/a>5 grudnia 2017 roku w Regionalnej Dyrekcji Las\u00f3w Pa\u0144stwowych w Olsztynie odby\u0142o si\u0119 uroczyste spotkanie, w czasie kt\u00f3rego prezes Anatol Leszczy\u0144ski wr\u0119czy\u0142 \u00a0odznaki wsp\u00f3\u0142pracuj\u0105cym z \u00a0Ko\u0142em le\u015bnikom \u2013 pracownikom RDLP w Olsztynie i nadzorowanych przez ni\u0105 nadle\u015bnictw.<\/p>\n<p>Z-ca Dyrektora RDLP w Olsztynie Pan Mariusz Orzechowski pogratulowa\u0142 odznaczonym. My przy\u0142\u0105czamy si\u0119 do gratulacji i jeszcze raz dzi\u0119kujemy za prac\u0119 na rzecz Ko\u0142a.<\/p>\n<p>&nbsp;<\/p>\n","protected":false},"excerpt":{"rendered":"<p>Zarz\u0105d Wojew\u00f3dzki Ligi Obrony Kraju w Olsztynie, doceniaj\u0105c zaanga\u017cowanie le\u015bnik\u00f3w w \u00a0realizacj\u0119 planu pracy Ko\u0142a Mi\u0142o\u015bnik\u00f3w Lasu i Militari\u00f3w LOK przy ATW w Olsztynie, \u00a0przyzna\u0142 odznaczenia \u201eZas\u0142u\u017cony Dzia\u0142acz LOK\u201d. 5 grudnia 2017 roku w Regionalnej Dyrekcji Las\u00f3w Pa\u0144stwowych w Olsztynie odby\u0142o si\u0119 uroczyste spotkanie, w czasie kt\u00f3rego prezes Anatol Leszczy\u0144ski wr\u0119czy\u0142 \u00a0odznaki wsp\u00f3\u0142pracuj\u0105cym z \u00a0Ko\u0142em [&hellip;]<\/p>\n","protected":false},"author":2,"featured_media":0,"comment_status":"open","ping_status":"open","sticky":false,"template":"","format":"standard","meta":{"footnotes":""},"categories":[1,9,6],"tags":[],"class_list":["post-3887","post","type-post","status-publish","format-standard","hentry","category-bez-kategorii","category-ciekawostki","category-odznaczenia"],"_links":{"self":[{"href":"https:\/\/www.milosnicylasu.olsztyn.pl\/index.php?rest_route=\/wp\/v2\/posts\/3887","targetHints":{"allow":["GET"]}}],"collection":[{"href":"https:\/\/www.milosnicylasu.olsztyn.pl\/index.php?rest_route=\/wp\/v2\/posts"}],"about":[{"href":"https:\/\/www.milosnicylasu.olsztyn.pl\/index.php?rest_route=\/wp\/v2\/types\/post"}],"author":[{"embeddable":true,"href":"https:\/\/www.milosnicylasu.olsztyn.pl\/index.php?rest_route=\/wp\/v2\/users\/2"}],"replies":[{"embeddable":true,"href":"https:\/\/www.milosnicylasu.olsztyn.pl\/index.php?rest_route=%2Fwp%2Fv2%2Fcomments&post=3887"}],"version-history":[{"count":1,"href":"https:\/\/www.milosnicylasu.olsztyn.pl\/index.php?rest_route=\/wp\/v2\/posts\/3887\/revisions"}],"predecessor-version":[{"id":3890,"href":"https:\/\/www.milosnicylasu.olsztyn.pl\/index.php?rest_route=\/wp\/v2\/posts\/3887\/revisions\/3890"}],"wp:attachment":[{"href":"https:\/\/www.milosnicylasu.olsztyn.pl\/index.php?rest_route=%2Fwp%2Fv2%2Fmedia&parent=3887"}],"wp:term":[{"taxonomy":"category","embeddable":true,"href":"https:\/\/www.milosnicylasu.olsztyn.pl\/index.php?rest_route=%2Fwp%2Fv2%2Fcategories&post=3887"},{"taxonomy":"post_tag","embeddable":true,"href":"https:\/\/www.milosnicylasu.olsztyn.pl\/index.php?rest_route=%2Fwp%2Fv2%2Ftags&post=3887"}],"curies":[{"name":"wp","href":"https:\/\/api.w.org\/{rel}","templated":true}]}}