{"id":3900,"date":"2017-12-11T09:18:39","date_gmt":"2017-12-11T08:18:39","guid":{"rendered":"http:\/\/www.milosnicylasu.olsztyn.pl\/?p=3900"},"modified":"2017-12-11T16:56:05","modified_gmt":"2017-12-11T15:56:05","slug":"dobre-z-lasu","status":"publish","type":"post","link":"https:\/\/www.milosnicylasu.olsztyn.pl\/?p=3900","title":{"rendered":"Dobre z lasu"},"content":{"rendered":"<p><a href=\"http:\/\/www.milosnicylasu.olsztyn.pl\/wp-content\/uploads\/2017\/12\/DSCN4328-www.jpg\" data-rel=\"lightbox-image-0\" data-magnific_type=\"image\" data-rl_title=\"\" data-rl_caption=\"\" title=\"\"><img loading=\"lazy\" decoding=\"async\" class=\"size-medium wp-image-3901 alignleft\" src=\"http:\/\/www.milosnicylasu.olsztyn.pl\/wp-content\/uploads\/2017\/12\/DSCN4328-www-300x225.jpg\" alt=\"\" width=\"300\" height=\"225\" srcset=\"https:\/\/www.milosnicylasu.olsztyn.pl\/wp-content\/uploads\/2017\/12\/DSCN4328-www-300x225.jpg 300w, https:\/\/www.milosnicylasu.olsztyn.pl\/wp-content\/uploads\/2017\/12\/DSCN4328-www-768x576.jpg 768w, https:\/\/www.milosnicylasu.olsztyn.pl\/wp-content\/uploads\/2017\/12\/DSCN4328-www.jpg 1024w, https:\/\/www.milosnicylasu.olsztyn.pl\/wp-content\/uploads\/2017\/12\/DSCN4328-www-400x300.jpg 400w\" sizes=\"auto, (max-width: 300px) 100vw, 300px\" \/><\/a>7 listopada 2017 roku, na zebraniu w ramach czwartk\u00f3w ekologicznych, go\u015bcili\u015bmy specjalist\u0119 ds \u0142owiectwa i polowa\u0144 w RDLP w Olsztynie Pana Patryka Kaczy\u0144skiego.<a href=\"http:\/\/www.milosnicylasu.olsztyn.pl\/wp-content\/uploads\/2017\/12\/DSCN4329-www.jpg\" data-rel=\"lightbox-image-1\" data-magnific_type=\"image\" data-rl_title=\"\" data-rl_caption=\"\" title=\"\"><img loading=\"lazy\" decoding=\"async\" class=\"size-medium wp-image-3905 alignright\" src=\"http:\/\/www.milosnicylasu.olsztyn.pl\/wp-content\/uploads\/2017\/12\/DSCN4329-www-300x225.jpg\" alt=\"\" width=\"300\" height=\"225\" srcset=\"https:\/\/www.milosnicylasu.olsztyn.pl\/wp-content\/uploads\/2017\/12\/DSCN4329-www-300x225.jpg 300w, https:\/\/www.milosnicylasu.olsztyn.pl\/wp-content\/uploads\/2017\/12\/DSCN4329-www-768x576.jpg 768w, https:\/\/www.milosnicylasu.olsztyn.pl\/wp-content\/uploads\/2017\/12\/DSCN4329-www.jpg 1024w, https:\/\/www.milosnicylasu.olsztyn.pl\/wp-content\/uploads\/2017\/12\/DSCN4329-www-400x300.jpg 400w\" sizes=\"auto, (max-width: 300px) 100vw, 300px\" \/><\/a><\/p>\n<p>W czasie wyk\u0142adu przekonywa\u0142 nas o wspania\u0142ych w\u0142a\u015bciwo\u015bciach dziczyzny &#8211; mi\u0119sa pochodz\u0105cego od zwierz\u0105t \u017cyj\u0105cych na wolno\u015bci, kt\u00f3re korzystaj\u0105 z naturalnego pokarmu, mog\u0105 swobodnie si\u0119 porusza\u0107. Dzi\u0119ki temu dziczyzna posiada wyj\u0105tkowy smak i zapach, a jej w\u0142a\u015bciwo\u015bci wyr\u00f3\u017cniaj\u0105 si\u0119 w\u015br\u00f3d innych rodzaj\u00f3w mi\u0119sa. Zawieraj\u0105 wi\u0119cej minera\u0142\u00f3w \/\u017celaza,fosforu, magnezu i wapnia\/, wi\u0119cej witaminy B 2, mniej kalorii i t\u0142uszczu.<\/p>\n<p>I co r\u00f3wnie\u017c jest bardzo wa\u017cne mi\u0119so dzikich zwierz\u0105t nie zawiera antybiotyk\u00f3w ani sztucznych chemicznych dodatk\u00f3w.<a href=\"http:\/\/www.milosnicylasu.olsztyn.pl\/wp-content\/uploads\/2017\/12\/DSCN4332-www.jpg\" data-rel=\"lightbox-image-2\" data-magnific_type=\"image\" data-rl_title=\"\" data-rl_caption=\"\" title=\"\"><img loading=\"lazy\" decoding=\"async\" class=\"size-medium wp-image-3902 alignright\" src=\"http:\/\/www.milosnicylasu.olsztyn.pl\/wp-content\/uploads\/2017\/12\/DSCN4332-www-300x225.jpg\" alt=\"\" width=\"300\" height=\"225\" srcset=\"https:\/\/www.milosnicylasu.olsztyn.pl\/wp-content\/uploads\/2017\/12\/DSCN4332-www-300x225.jpg 300w, https:\/\/www.milosnicylasu.olsztyn.pl\/wp-content\/uploads\/2017\/12\/DSCN4332-www-768x576.jpg 768w, https:\/\/www.milosnicylasu.olsztyn.pl\/wp-content\/uploads\/2017\/12\/DSCN4332-www.jpg 1024w, https:\/\/www.milosnicylasu.olsztyn.pl\/wp-content\/uploads\/2017\/12\/DSCN4332-www-400x300.jpg 400w\" sizes=\"auto, (max-width: 300px) 100vw, 300px\" \/><\/a><\/p>\n<p>&nbsp;<\/p>\n<p>Po wyk\u0142adzie prezes ko\u0142a Anatol Leszczy\u0144ski wr\u0119czy\u0142 medale i inne pami\u0105tki\u00a0 cz\u0142onkom Ko\u0142a zas\u0142u\u017conym w\u00a0 realizacj\u0119 planu pracy.<a href=\"http:\/\/www.milosnicylasu.olsztyn.pl\/wp-content\/uploads\/2017\/12\/DSCN4333-www.jpg\" data-rel=\"lightbox-image-3\" data-magnific_type=\"image\" data-rl_title=\"\" data-rl_caption=\"\" title=\"\"><img loading=\"lazy\" decoding=\"async\" class=\"alignnone size-medium wp-image-3904\" src=\"http:\/\/www.milosnicylasu.olsztyn.pl\/wp-content\/uploads\/2017\/12\/DSCN4333-www-300x225.jpg\" alt=\"\" width=\"300\" height=\"225\" srcset=\"https:\/\/www.milosnicylasu.olsztyn.pl\/wp-content\/uploads\/2017\/12\/DSCN4333-www-300x225.jpg 300w, https:\/\/www.milosnicylasu.olsztyn.pl\/wp-content\/uploads\/2017\/12\/DSCN4333-www-768x576.jpg 768w, https:\/\/www.milosnicylasu.olsztyn.pl\/wp-content\/uploads\/2017\/12\/DSCN4333-www.jpg 1024w, https:\/\/www.milosnicylasu.olsztyn.pl\/wp-content\/uploads\/2017\/12\/DSCN4333-www-400x300.jpg 400w\" sizes=\"auto, (max-width: 300px) 100vw, 300px\" \/><\/a><\/p>\n<p><a href=\"http:\/\/www.milosnicylasu.olsztyn.pl\/wp-content\/uploads\/2017\/12\/DSCN4335-www.jpg\" data-rel=\"lightbox-image-4\" data-magnific_type=\"image\" data-rl_title=\"\" data-rl_caption=\"\" title=\"\"><img loading=\"lazy\" decoding=\"async\" class=\"alignnone size-medium wp-image-3907\" src=\"http:\/\/www.milosnicylasu.olsztyn.pl\/wp-content\/uploads\/2017\/12\/DSCN4335-www-300x225.jpg\" alt=\"\" width=\"300\" height=\"225\" srcset=\"https:\/\/www.milosnicylasu.olsztyn.pl\/wp-content\/uploads\/2017\/12\/DSCN4335-www-300x225.jpg 300w, https:\/\/www.milosnicylasu.olsztyn.pl\/wp-content\/uploads\/2017\/12\/DSCN4335-www-768x576.jpg 768w, https:\/\/www.milosnicylasu.olsztyn.pl\/wp-content\/uploads\/2017\/12\/DSCN4335-www.jpg 1024w, https:\/\/www.milosnicylasu.olsztyn.pl\/wp-content\/uploads\/2017\/12\/DSCN4335-www-400x300.jpg 400w\" sizes=\"auto, (max-width: 300px) 100vw, 300px\" \/><\/a><\/p>\n<p>Przedyskutowali\u015bmy r\u00f3wnie\u017c propozycje zarz\u0105du Ko\u0142a dotycz\u0105ce planu pracy w 2018 roku. Mo\u017ce by\u0107 ciekawie. Aby nam pogoda i zdrowie dopisa\u0142o.<\/p>\n","protected":false},"excerpt":{"rendered":"<p>7 listopada 2017 roku, na zebraniu w ramach czwartk\u00f3w ekologicznych, go\u015bcili\u015bmy specjalist\u0119 ds \u0142owiectwa i polowa\u0144 w RDLP w Olsztynie Pana Patryka Kaczy\u0144skiego. W czasie wyk\u0142adu przekonywa\u0142 nas o wspania\u0142ych w\u0142a\u015bciwo\u015bciach dziczyzny &#8211; mi\u0119sa pochodz\u0105cego od zwierz\u0105t \u017cyj\u0105cych na wolno\u015bci, kt\u00f3re korzystaj\u0105 z naturalnego pokarmu, mog\u0105 swobodnie si\u0119 porusza\u0107. Dzi\u0119ki temu dziczyzna posiada wyj\u0105tkowy smak [&hellip;]<\/p>\n","protected":false},"author":2,"featured_media":0,"comment_status":"open","ping_status":"open","sticky":false,"template":"","format":"standard","meta":{"footnotes":""},"categories":[1,9,6,3],"tags":[],"class_list":["post-3900","post","type-post","status-publish","format-standard","hentry","category-bez-kategorii","category-ciekawostki","category-odznaczenia","category-zebrania"],"_links":{"self":[{"href":"https:\/\/www.milosnicylasu.olsztyn.pl\/index.php?rest_route=\/wp\/v2\/posts\/3900","targetHints":{"allow":["GET"]}}],"collection":[{"href":"https:\/\/www.milosnicylasu.olsztyn.pl\/index.php?rest_route=\/wp\/v2\/posts"}],"about":[{"href":"https:\/\/www.milosnicylasu.olsztyn.pl\/index.php?rest_route=\/wp\/v2\/types\/post"}],"author":[{"embeddable":true,"href":"https:\/\/www.milosnicylasu.olsztyn.pl\/index.php?rest_route=\/wp\/v2\/users\/2"}],"replies":[{"embeddable":true,"href":"https:\/\/www.milosnicylasu.olsztyn.pl\/index.php?rest_route=%2Fwp%2Fv2%2Fcomments&post=3900"}],"version-history":[{"count":4,"href":"https:\/\/www.milosnicylasu.olsztyn.pl\/index.php?rest_route=\/wp\/v2\/posts\/3900\/revisions"}],"predecessor-version":[{"id":3918,"href":"https:\/\/www.milosnicylasu.olsztyn.pl\/index.php?rest_route=\/wp\/v2\/posts\/3900\/revisions\/3918"}],"wp:attachment":[{"href":"https:\/\/www.milosnicylasu.olsztyn.pl\/index.php?rest_route=%2Fwp%2Fv2%2Fmedia&parent=3900"}],"wp:term":[{"taxonomy":"category","embeddable":true,"href":"https:\/\/www.milosnicylasu.olsztyn.pl\/index.php?rest_route=%2Fwp%2Fv2%2Fcategories&post=3900"},{"taxonomy":"post_tag","embeddable":true,"href":"https:\/\/www.milosnicylasu.olsztyn.pl\/index.php?rest_route=%2Fwp%2Fv2%2Ftags&post=3900"}],"curies":[{"name":"wp","href":"https:\/\/api.w.org\/{rel}","templated":true}]}}