{"id":3909,"date":"2017-12-11T09:56:38","date_gmt":"2017-12-11T08:56:38","guid":{"rendered":"http:\/\/www.milosnicylasu.olsztyn.pl\/?p=3909"},"modified":"2017-12-11T09:56:38","modified_gmt":"2017-12-11T08:56:38","slug":"mikolajkowo","status":"publish","type":"post","link":"https:\/\/www.milosnicylasu.olsztyn.pl\/?p=3909","title":{"rendered":"Miko\u0142ajkowo&#8230;&#8230;"},"content":{"rendered":"<p>Bo\u017ce Narodzenie nale\u017cy do najpi\u0119kniejszych i najbardziej urokliwych \u015bwi\u0105t w ca\u0142ym roku kalendarzowym. Bez wzgl\u0119du na wyznanie, narodowo\u015b\u0107 i miejsce \u015bwi\u0119ta urzekaj\u0105 niezwyk\u0142\u0105 atmosfer\u0105. Koj\u0105co oddzia\u0142uj\u0105 na nas zar\u00f3wno o\u015bwietlona lampkami choinka jak i dobiegaj\u0105ce zewsz\u0105d kol\u0119dy. Magii tego okresu ulegaj\u0105 wszyscy.<\/p>\n<p>Rado\u015b\u0107, spok\u00f3j, odpr\u0119\u017cenie, odpowiedni nastr\u00f3j, \u017cyczliwo\u015b\u0107 w relacjach mi\u0119dzy lud\u017ami \u2013 s\u0142owem: sielanka.<\/p>\n<p>W Kole Mi\u0142o\u015bnik\u00f3w Lasu i Militari\u00f3w LOK przy ATW w Olsztynie\u00a0 okres przed\u015bwi\u0105teczny obfitowa\u0142 w r\u00f3\u017cne sympatyczne wydarzenia. Najpierw prezes Ko\u0142a Anatol Leszczy\u0144ski, podczas zebrania, pocz\u0119stowa\u0142 nas cukierkami od \u015bw. Miko\u0142aja.<\/p>\n<p><a href=\"http:\/\/www.milosnicylasu.olsztyn.pl\/wp-content\/uploads\/2017\/12\/DSCN4321-www.jpg\" data-rel=\"lightbox-image-0\" data-magnific_type=\"image\" data-rl_title=\"\" data-rl_caption=\"\" title=\"\"><img loading=\"lazy\" decoding=\"async\" class=\"size-medium wp-image-3910 alignleft\" src=\"http:\/\/www.milosnicylasu.olsztyn.pl\/wp-content\/uploads\/2017\/12\/DSCN4321-www-300x225.jpg\" alt=\"\" width=\"300\" height=\"225\" srcset=\"https:\/\/www.milosnicylasu.olsztyn.pl\/wp-content\/uploads\/2017\/12\/DSCN4321-www-300x225.jpg 300w, https:\/\/www.milosnicylasu.olsztyn.pl\/wp-content\/uploads\/2017\/12\/DSCN4321-www-768x576.jpg 768w, https:\/\/www.milosnicylasu.olsztyn.pl\/wp-content\/uploads\/2017\/12\/DSCN4321-www.jpg 1024w, https:\/\/www.milosnicylasu.olsztyn.pl\/wp-content\/uploads\/2017\/12\/DSCN4321-www-400x300.jpg 400w\" sizes=\"auto, (max-width: 300px) 100vw, 300px\" \/><\/a>R\u00f3wnie\u017c 7 grudnia w RDLP w Olsztynie mogli\u015bmy ogl\u0105da\u0107 ma\u0142e &#8222;cude\u0144ka&#8221; na wystawie. kt\u00f3re zorganizowa\u0142y Jasia Kluczek, Bo\u017cenka B\u0142aszczuk, Wiesia Filipek i Krysia Leszczy\u0144ska . By\u0142o kolorowo, \u015bwi\u0105tecznie, miko\u0142ajkowo.<\/p>\n<p><a href=\"http:\/\/www.milosnicylasu.olsztyn.pl\/wp-content\/uploads\/2017\/12\/DSCN4389-www.jpg\" data-rel=\"lightbox-image-1\" data-magnific_type=\"image\" data-rl_title=\"\" data-rl_caption=\"\" title=\"\"><img loading=\"lazy\" decoding=\"async\" class=\"size-medium wp-image-3911 alignright\" src=\"http:\/\/www.milosnicylasu.olsztyn.pl\/wp-content\/uploads\/2017\/12\/DSCN4389-www-300x225.jpg\" alt=\"\" width=\"300\" height=\"225\" srcset=\"https:\/\/www.milosnicylasu.olsztyn.pl\/wp-content\/uploads\/2017\/12\/DSCN4389-www-300x225.jpg 300w, https:\/\/www.milosnicylasu.olsztyn.pl\/wp-content\/uploads\/2017\/12\/DSCN4389-www-768x576.jpg 768w, https:\/\/www.milosnicylasu.olsztyn.pl\/wp-content\/uploads\/2017\/12\/DSCN4389-www.jpg 1024w, https:\/\/www.milosnicylasu.olsztyn.pl\/wp-content\/uploads\/2017\/12\/DSCN4389-www-400x300.jpg 400w\" sizes=\"auto, (max-width: 300px) 100vw, 300px\" \/><\/a><\/p>\n<p>&nbsp;<\/p>\n<p>&nbsp;<\/p>\n<p>&nbsp;<\/p>\n<p>9 grudnia uczestniczyli\u015bmy w Miko\u0142ajkowym marszu senior\u00f3w, a w sobot\u0119 <strong>16 grudnia<\/strong> zapraszamy na rodzinne ubieranie choinki w lesie<a href=\"http:\/\/www.milosnicylasu.olsztyn.pl\/wp-content\/uploads\/2017\/12\/DSCN4392-www.jpg\" data-rel=\"lightbox-image-2\" data-magnific_type=\"image\" data-rl_title=\"\" data-rl_caption=\"\" title=\"\">.<img loading=\"lazy\" decoding=\"async\" class=\"size-medium wp-image-3912 alignleft\" src=\"http:\/\/www.milosnicylasu.olsztyn.pl\/wp-content\/uploads\/2017\/12\/DSCN4392-www-300x225.jpg\" alt=\"\" width=\"300\" height=\"225\" srcset=\"https:\/\/www.milosnicylasu.olsztyn.pl\/wp-content\/uploads\/2017\/12\/DSCN4392-www-300x225.jpg 300w, https:\/\/www.milosnicylasu.olsztyn.pl\/wp-content\/uploads\/2017\/12\/DSCN4392-www-768x576.jpg 768w, https:\/\/www.milosnicylasu.olsztyn.pl\/wp-content\/uploads\/2017\/12\/DSCN4392-www.jpg 1024w, https:\/\/www.milosnicylasu.olsztyn.pl\/wp-content\/uploads\/2017\/12\/DSCN4392-www-400x300.jpg 400w\" sizes=\"auto, (max-width: 300px) 100vw, 300px\" \/><\/a><\/p>\n<p>Wszystkich cz\u0142onk\u00f3w i sympatyk\u00f3w Ko\u0142a, cz\u0142onk\u00f3w rodzin, szczeg\u00f3lnie tych najm\u0142odszych zapraszamy.<\/p>\n<p><strong>Zbi\u00f3rka godz.10.00, przy CEIK-u w Olsztynie.<\/strong><\/p>\n<p>Prosimy o przygotowanie &#8222;ozd\u00f3b&#8221; na choink\u0119 &#8211; marchewek, jab\u0142uszek. innych warzyw i owoc\u00f3w, orzech\u00f3w. B\u0119dzie to nasza \u015bwi\u0105teczna niespodzianka dla le\u015bnych zwierz\u0105tek .<\/p>\n","protected":false},"excerpt":{"rendered":"<p>Bo\u017ce Narodzenie nale\u017cy do najpi\u0119kniejszych i najbardziej urokliwych \u015bwi\u0105t w ca\u0142ym roku kalendarzowym. Bez wzgl\u0119du na wyznanie, narodowo\u015b\u0107 i miejsce \u015bwi\u0119ta urzekaj\u0105 niezwyk\u0142\u0105 atmosfer\u0105. Koj\u0105co oddzia\u0142uj\u0105 na nas zar\u00f3wno o\u015bwietlona lampkami choinka jak i dobiegaj\u0105ce zewsz\u0105d kol\u0119dy. Magii tego okresu ulegaj\u0105 wszyscy. Rado\u015b\u0107, spok\u00f3j, odpr\u0119\u017cenie, odpowiedni nastr\u00f3j, \u017cyczliwo\u015b\u0107 w relacjach mi\u0119dzy lud\u017ami \u2013 s\u0142owem: sielanka. [&hellip;]<\/p>\n","protected":false},"author":2,"featured_media":0,"comment_status":"open","ping_status":"open","sticky":false,"template":"","format":"standard","meta":{"footnotes":""},"categories":[1,9,2,11],"tags":[],"class_list":["post-3909","post","type-post","status-publish","format-standard","hentry","category-bez-kategorii","category-ciekawostki","category-rajdy","category-spotkania-artystyczne"],"_links":{"self":[{"href":"https:\/\/www.milosnicylasu.olsztyn.pl\/index.php?rest_route=\/wp\/v2\/posts\/3909","targetHints":{"allow":["GET"]}}],"collection":[{"href":"https:\/\/www.milosnicylasu.olsztyn.pl\/index.php?rest_route=\/wp\/v2\/posts"}],"about":[{"href":"https:\/\/www.milosnicylasu.olsztyn.pl\/index.php?rest_route=\/wp\/v2\/types\/post"}],"author":[{"embeddable":true,"href":"https:\/\/www.milosnicylasu.olsztyn.pl\/index.php?rest_route=\/wp\/v2\/users\/2"}],"replies":[{"embeddable":true,"href":"https:\/\/www.milosnicylasu.olsztyn.pl\/index.php?rest_route=%2Fwp%2Fv2%2Fcomments&post=3909"}],"version-history":[{"count":1,"href":"https:\/\/www.milosnicylasu.olsztyn.pl\/index.php?rest_route=\/wp\/v2\/posts\/3909\/revisions"}],"predecessor-version":[{"id":3913,"href":"https:\/\/www.milosnicylasu.olsztyn.pl\/index.php?rest_route=\/wp\/v2\/posts\/3909\/revisions\/3913"}],"wp:attachment":[{"href":"https:\/\/www.milosnicylasu.olsztyn.pl\/index.php?rest_route=%2Fwp%2Fv2%2Fmedia&parent=3909"}],"wp:term":[{"taxonomy":"category","embeddable":true,"href":"https:\/\/www.milosnicylasu.olsztyn.pl\/index.php?rest_route=%2Fwp%2Fv2%2Fcategories&post=3909"},{"taxonomy":"post_tag","embeddable":true,"href":"https:\/\/www.milosnicylasu.olsztyn.pl\/index.php?rest_route=%2Fwp%2Fv2%2Ftags&post=3909"}],"curies":[{"name":"wp","href":"https:\/\/api.w.org\/{rel}","templated":true}]}}