{"id":3919,"date":"2017-12-12T18:23:32","date_gmt":"2017-12-12T17:23:32","guid":{"rendered":"http:\/\/www.milosnicylasu.olsztyn.pl\/?p=3919"},"modified":"2017-12-12T18:53:49","modified_gmt":"2017-12-12T17:53:49","slug":"zyczenia-2","status":"publish","type":"post","link":"https:\/\/www.milosnicylasu.olsztyn.pl\/?p=3919","title":{"rendered":"\u015awi\u0105teczne \u017cyczenia"},"content":{"rendered":"<div id=\"wrapper\" class=\"hfeed\">\n<div id=\"main\">\n<div id=\"container\">\n<div id=\"content\" role=\"main\">\n<div id=\"post-66670\" class=\"post-66670 post type-post status-publish format-standard has-post-thumbnail hentry category-aktualnosci category-historia category-wiersze tag-artysci tag-boze-narodzenie tag-malarstwo tag-poezja tag-wiersze-2\">\n<div class=\"entry-content\">\n<div id=\"page\">\n<section id=\"body\">\n<div class=\"container\">\n<div class=\"row\">\n<div class=\"col col-xs-12 col-sm-12 col-md-8\">\n<div class=\"row\">\n<div id=\"miejsce3\" class=\"two-thirds col col-xs-12 col-sm-12 col-md-12 col-b\">\n<div class=\"tpl_std_module tpl_dgp_article\">\n<div id=\"scroll-progress-2\">\n<div class=\"articlepage\">\n<article>\n<div id=\"dziennik_intext\" class=\"articleBody\">\n<p><strong><a href=\"http:\/\/www.milosnicylasu.olsztyn.pl\/wp-content\/uploads\/2017\/12\/DSCN4304-www.jpg\" data-rel=\"lightbox-image-0\" data-magnific_type=\"image\" data-rl_title=\"\" data-rl_caption=\"\" title=\"\"><img loading=\"lazy\" decoding=\"async\" class=\"size-medium wp-image-3926 aligncenter\" src=\"http:\/\/www.milosnicylasu.olsztyn.pl\/wp-content\/uploads\/2017\/12\/DSCN4304-www-225x300.jpg\" alt=\"\" width=\"225\" height=\"300\" srcset=\"https:\/\/www.milosnicylasu.olsztyn.pl\/wp-content\/uploads\/2017\/12\/DSCN4304-www-225x300.jpg 225w, https:\/\/www.milosnicylasu.olsztyn.pl\/wp-content\/uploads\/2017\/12\/DSCN4304-www.jpg 768w\" sizes=\"auto, (max-width: 225px) 100vw, 225px\" \/><\/a>Z okazji \u015awi\u0105t Bo\u017cego Narodzenia wszystkim cz\u0142onkom i sympatykom Ko\u0142a \u017cyczymy :<\/strong><\/p>\n<p><strong>aby wyj\u0105tkowy czas Bo\u017cego Narodzenia by\u0142 dla Was okresem spokoju, rado\u015bci i pozytywnego my\u015blenia. Niech blisko\u015b\u0107 wyj\u0105tkowych os\u00f3b, z kt\u00f3rymi je sp\u0119dzicie, dostarczy Wam si\u0142y na podj\u0119cie wyzwa\u0144 nowego roku i mierzenie si\u0119 ze wszystkim, z czym przyjdzie Wam si\u0119 mierzy\u0107. Niech niezwyk\u0142e chwile na d\u0142ugo zostan\u0105 w Waszej pami\u0119ci i b\u0119d\u0105 \u017ar\u00f3d\u0142em niepokonanej woli czynienia \u017cycia pi\u0119kniejszym ka\u017cdego dnia.<\/strong><\/p>\n<p>&nbsp;<\/p>\n<\/div>\n<\/article>\n<\/div>\n<\/div>\n<\/div>\n<\/div>\n<\/div>\n<\/div>\n<\/div>\n<\/div>\n<\/section>\n<\/div>\n<h3><em>\u00a0i \u017cyczenia ks.\u00a0JanA TwardowskiEGO<\/em><\/h3>\n<p><strong>Wiersz staro\u015bwiecki<\/strong><\/p>\n<div id=\"attachment_67082\" class=\"wp-caption alignright\">\n<p><a href=\"http:\/\/hej-kto-polak.pl\/wp\/?attachment_id=67082\" rel=\"attachment wp-att-67082\"><img loading=\"lazy\" decoding=\"async\" class=\"size-full wp-image-67082 \" title=\"Barbara Boniecka-Dziadzio Madonna\" src=\"http:\/\/hej-kto-polak.pl\/wp\/wp-content\/uploads\/2012\/12\/Barbara-Boniecka-Dziadzio-Madonna4.jpg\" alt=\"\" width=\"210\" height=\"280\" \/><\/a><\/p>\n<p class=\"wp-caption-text\">Barbara Boniecka-Dziadzio Madonna<\/p>\n<\/div>\n<p>Pom\u00f3dlmy si\u0119 w\u00a0noc betlejemsk\u0105,<br \/>\nW Noc Szcz\u0119\u015bliwego Rozwi\u0105zania<br \/>\nBy wszystko nam si\u0119 rozpl\u0105ta\u0142o,<br \/>\nW\u0119z\u0142y, konflikty, powik\u0142ania.<\/p>\n<p>Oby si\u0119 wszystkie trudne sprawy<br \/>\nPorozkr\u0119ca\u0142y jak supe\u0142ki<br \/>\nW\u0142asne ambicje i\u00a0urazy<br \/>\nZacz\u0119\u0142y \u015bmieszy\u0107 jak kukie\u0142ki<\/p>\n<p>I\u00a0oby w\u00a0nas z\u0142o\u015bliwe j\u0119dze<br \/>\nPozamienia\u0142y jak owieczki<br \/>\nA w\u00a0oczach m\u0105dre \u0142zy stan\u0119\u0142y<br \/>\nJak na\u00a0choince barwnej \u015bwieczki<\/p>\n<p>By\u00a0anio\u0142 podar\u0142 ka\u017cdy dramat<\/p>\n<p>A\u017c do\u00a0rozdzia\u0142u ostatniego<br \/>\nK\u0142ad\u0105c na\u00a0serce pogmatwane<br \/>\nJak na\u00a0osio\u0142ka \u2013 kompres \u015bniegu<br \/>\nAby si\u0119 wszystko upro\u015bci\u0142o,<br \/>\nBy\u0142o zwyczajne, proste sobie,<br \/>\nBy szpak pstrokaty, zagrypiony<br \/>\nFika\u0142 kozio\u0142ki nam na\u00a0grobie.<\/p>\n<p>Aby w\u0105tpi\u0105cy si\u0119 rozp\u0142aka\u0142<br \/>\nNa cud czekaj\u0105c w\u00a0swej kolejce,<br \/>\nA Matka Boska cichych, ufnych,<br \/>\nJak ciep\u0142y pled wzi\u0119\u0142a na\u00a0r\u0119ce.<\/p>\n<p>&nbsp;<\/p>\n<\/div>\n<\/div>\n<\/div>\n<\/div>\n<\/div>\n<\/div>\n","protected":false},"excerpt":{"rendered":"<p>Z okazji \u015awi\u0105t Bo\u017cego Narodzenia wszystkim cz\u0142onkom i sympatykom Ko\u0142a \u017cyczymy : aby wyj\u0105tkowy czas Bo\u017cego Narodzenia by\u0142 dla Was okresem spokoju, rado\u015bci i pozytywnego my\u015blenia. Niech blisko\u015b\u0107 wyj\u0105tkowych os\u00f3b, z kt\u00f3rymi je sp\u0119dzicie, dostarczy Wam si\u0142y na podj\u0119cie wyzwa\u0144 nowego roku i mierzenie si\u0119 ze wszystkim, z czym przyjdzie Wam si\u0119 mierzy\u0107. Niech niezwyk\u0142e [&hellip;]<\/p>\n","protected":false},"author":2,"featured_media":0,"comment_status":"open","ping_status":"open","sticky":false,"template":"","format":"standard","meta":{"footnotes":""},"categories":[1,9,7],"tags":[],"class_list":["post-3919","post","type-post","status-publish","format-standard","hentry","category-bez-kategorii","category-ciekawostki","category-wiersze"],"_links":{"self":[{"href":"https:\/\/www.milosnicylasu.olsztyn.pl\/index.php?rest_route=\/wp\/v2\/posts\/3919","targetHints":{"allow":["GET"]}}],"collection":[{"href":"https:\/\/www.milosnicylasu.olsztyn.pl\/index.php?rest_route=\/wp\/v2\/posts"}],"about":[{"href":"https:\/\/www.milosnicylasu.olsztyn.pl\/index.php?rest_route=\/wp\/v2\/types\/post"}],"author":[{"embeddable":true,"href":"https:\/\/www.milosnicylasu.olsztyn.pl\/index.php?rest_route=\/wp\/v2\/users\/2"}],"replies":[{"embeddable":true,"href":"https:\/\/www.milosnicylasu.olsztyn.pl\/index.php?rest_route=%2Fwp%2Fv2%2Fcomments&post=3919"}],"version-history":[{"count":6,"href":"https:\/\/www.milosnicylasu.olsztyn.pl\/index.php?rest_route=\/wp\/v2\/posts\/3919\/revisions"}],"predecessor-version":[{"id":3928,"href":"https:\/\/www.milosnicylasu.olsztyn.pl\/index.php?rest_route=\/wp\/v2\/posts\/3919\/revisions\/3928"}],"wp:attachment":[{"href":"https:\/\/www.milosnicylasu.olsztyn.pl\/index.php?rest_route=%2Fwp%2Fv2%2Fmedia&parent=3919"}],"wp:term":[{"taxonomy":"category","embeddable":true,"href":"https:\/\/www.milosnicylasu.olsztyn.pl\/index.php?rest_route=%2Fwp%2Fv2%2Fcategories&post=3919"},{"taxonomy":"post_tag","embeddable":true,"href":"https:\/\/www.milosnicylasu.olsztyn.pl\/index.php?rest_route=%2Fwp%2Fv2%2Ftags&post=3919"}],"curies":[{"name":"wp","href":"https:\/\/api.w.org\/{rel}","templated":true}]}}