{"id":3938,"date":"2017-12-18T11:04:10","date_gmt":"2017-12-18T10:04:10","guid":{"rendered":"http:\/\/www.milosnicylasu.olsztyn.pl\/?p=3938"},"modified":"2017-12-26T21:02:31","modified_gmt":"2017-12-26T20:02:31","slug":"ubieranie-choinki","status":"publish","type":"post","link":"https:\/\/www.milosnicylasu.olsztyn.pl\/?p=3938","title":{"rendered":"Upominki dla le\u015bnych zwierz\u0105tek"},"content":{"rendered":"<div class=\"zpr_screening\">\n<div class=\"wrapper artykul\">\n<div class=\"main_columns \">\n<div class=\"main_container_left\">\n<div class=\"article_content printarticle\">\n<div class=\"article_head rw_intext\">\n<p><a href=\"http:\/\/www.milosnicylasu.olsztyn.pl\/wp-content\/uploads\/2017\/12\/DSCN4428-www.jpg\" data-rel=\"lightbox-image-0\" data-magnific_type=\"image\" data-rl_title=\"\" data-rl_caption=\"\" title=\"\"><img loading=\"lazy\" decoding=\"async\" class=\"size-medium wp-image-3939 alignleft\" src=\"http:\/\/www.milosnicylasu.olsztyn.pl\/wp-content\/uploads\/2017\/12\/DSCN4428-www-300x225.jpg\" alt=\"\" width=\"300\" height=\"225\" srcset=\"https:\/\/www.milosnicylasu.olsztyn.pl\/wp-content\/uploads\/2017\/12\/DSCN4428-www-300x225.jpg 300w, https:\/\/www.milosnicylasu.olsztyn.pl\/wp-content\/uploads\/2017\/12\/DSCN4428-www-768x576.jpg 768w, https:\/\/www.milosnicylasu.olsztyn.pl\/wp-content\/uploads\/2017\/12\/DSCN4428-www.jpg 1024w, https:\/\/www.milosnicylasu.olsztyn.pl\/wp-content\/uploads\/2017\/12\/DSCN4428-www-400x300.jpg 400w\" sizes=\"auto, (max-width: 300px) 100vw, 300px\" \/><\/a>Ubieranie choinki to jedna z najpi\u0119kniejszych tradycji \u015bwi\u0105tecznych. Trudno wyobrazi\u0107 sobie Bo\u017ce Narodzenie bez choinki \u015bwi\u0105tecznej.<a href=\"http:\/\/www.milosnicylasu.olsztyn.pl\/wp-content\/uploads\/2017\/12\/DSCN4422-www.jpg\" data-rel=\"lightbox-image-1\" data-magnific_type=\"image\" data-rl_title=\"\" data-rl_caption=\"\" title=\"\"><img loading=\"lazy\" decoding=\"async\" class=\"size-medium wp-image-3940 alignright\" src=\"http:\/\/www.milosnicylasu.olsztyn.pl\/wp-content\/uploads\/2017\/12\/DSCN4422-www-300x225.jpg\" alt=\"\" width=\"300\" height=\"225\" srcset=\"https:\/\/www.milosnicylasu.olsztyn.pl\/wp-content\/uploads\/2017\/12\/DSCN4422-www-300x225.jpg 300w, https:\/\/www.milosnicylasu.olsztyn.pl\/wp-content\/uploads\/2017\/12\/DSCN4422-www-768x576.jpg 768w, https:\/\/www.milosnicylasu.olsztyn.pl\/wp-content\/uploads\/2017\/12\/DSCN4422-www.jpg 1024w, https:\/\/www.milosnicylasu.olsztyn.pl\/wp-content\/uploads\/2017\/12\/DSCN4422-www-400x300.jpg 400w\" sizes=\"auto, (max-width: 300px) 100vw, 300px\" \/><\/a><\/p>\n<p>W Polsce jest to jedna z najnowszych tradycji wigilijnych, bo pojawi\u0142a si\u0119 u nas dopiero na prze\u0142omie XVIII i XIX wieku, a przyw\u0119drowa\u0142a z Niemiec.<\/p>\n<p>Pocz\u0105tkowo <strong>ubieranie choinki<\/strong> przyj\u0119\u0142o si\u0119 tylko w miastach. Na wsi d\u0142ugo dominowa\u0142a ludowa ozdoba, tak zwana \u201epod\u0142a\u017aniczka\u201d. By\u0142a to uci\u0119ta ga\u0142\u0105\u017a\u00a0 sosny, \u015bwierku lub jod\u0142y wieszana pod sufitem. Na niej r\u00f3wnie\u017c wieszano dekoracje, kt\u00f3re potem przeniesiono w\u0142a\u015bnie na choink\u0119.<a href=\"http:\/\/www.milosnicylasu.olsztyn.pl\/wp-content\/uploads\/2017\/12\/DSCN4416-www.jpg\" data-rel=\"lightbox-image-2\" data-magnific_type=\"image\" data-rl_title=\"\" data-rl_caption=\"\" title=\"\"><img loading=\"lazy\" decoding=\"async\" class=\"size-medium wp-image-3945 alignleft\" src=\"http:\/\/www.milosnicylasu.olsztyn.pl\/wp-content\/uploads\/2017\/12\/DSCN4416-www-300x225.jpg\" alt=\"\" width=\"300\" height=\"225\" srcset=\"https:\/\/www.milosnicylasu.olsztyn.pl\/wp-content\/uploads\/2017\/12\/DSCN4416-www-300x225.jpg 300w, https:\/\/www.milosnicylasu.olsztyn.pl\/wp-content\/uploads\/2017\/12\/DSCN4416-www-768x576.jpg 768w, https:\/\/www.milosnicylasu.olsztyn.pl\/wp-content\/uploads\/2017\/12\/DSCN4416-www.jpg 1024w, https:\/\/www.milosnicylasu.olsztyn.pl\/wp-content\/uploads\/2017\/12\/DSCN4416-www-400x300.jpg 400w\" sizes=\"auto, (max-width: 300px) 100vw, 300px\" \/><\/a><\/p>\n<p>&nbsp;<\/p>\n<p>Tradycyjnie ubiera si\u0119 sosn\u0119 lub jod\u0142\u0119. Wed\u0142ug ludowych wierze\u0144 drzewo, zw\u0142aszcza iglaste, jest uwa\u017cane za symbol \u017cycia, odradzania si\u0119, trwania i p\u0142odno\u015bci. Wed\u0142ug wierze\u0144 ko\u015bcielnych ziele\u0144 choinki \u015bwi\u0105tecznej symbolizuje nadziej\u0119.<\/p>\n<\/div>\n<p>&nbsp;<\/p>\n<div class=\"article_head rw_intext\">\n<p><strong><a href=\"http:\/\/www.milosnicylasu.olsztyn.pl\/wp-content\/uploads\/2017\/12\/DSCN4412-www.jpg\" data-rel=\"lightbox-image-3\" data-magnific_type=\"image\" data-rl_title=\"\" data-rl_caption=\"\" title=\"\"><img loading=\"lazy\" decoding=\"async\" class=\"size-medium wp-image-3941 alignleft\" src=\"http:\/\/www.milosnicylasu.olsztyn.pl\/wp-content\/uploads\/2017\/12\/DSCN4412-www-300x225.jpg\" alt=\"\" width=\"300\" height=\"225\" srcset=\"https:\/\/www.milosnicylasu.olsztyn.pl\/wp-content\/uploads\/2017\/12\/DSCN4412-www-300x225.jpg 300w, https:\/\/www.milosnicylasu.olsztyn.pl\/wp-content\/uploads\/2017\/12\/DSCN4412-www-768x576.jpg 768w, https:\/\/www.milosnicylasu.olsztyn.pl\/wp-content\/uploads\/2017\/12\/DSCN4412-www.jpg 1024w, https:\/\/www.milosnicylasu.olsztyn.pl\/wp-content\/uploads\/2017\/12\/DSCN4412-www-400x300.jpg 400w\" sizes=\"auto, (max-width: 300px) 100vw, 300px\" \/><\/a>W Kole Mi\u0142o\u015bnik\u00f3w Lasu i Militari\u00f3w LOK przy ATW w Olsztynie<\/strong> mamy te\u017c swoj\u0105 tradycj\u0119 zwi\u0105zan\u0105 z ubieraniem choinki. Ka\u017cdego roku, przed \u015bwi\u0119tami Bo\u017cego Narodzenia ubieramy\u00a0 choinki&#8230;&#8230; w lesie.\u00a0 Wieszamy na nich upominki dla le\u015bnych zwierz\u0105tek &#8211; jab\u0142uszka, marchewki, kawa\u0142ki s\u0142oninki, li\u015bcie kapusty, \u0142a\u0144cuchy \u015bwie\u017cych i suszonych owoc\u00f3w &#8230;&#8230;&#8230;.<a href=\"http:\/\/www.milosnicylasu.olsztyn.pl\/wp-content\/uploads\/2017\/12\/DSCN0411-www.jpg\" data-rel=\"lightbox-image-4\" data-magnific_type=\"image\" data-rl_title=\"\" data-rl_caption=\"\" title=\"\"><img loading=\"lazy\" decoding=\"async\" class=\"size-medium wp-image-3942 alignright\" src=\"http:\/\/www.milosnicylasu.olsztyn.pl\/wp-content\/uploads\/2017\/12\/DSCN0411-www-300x225.jpg\" alt=\"\" width=\"300\" height=\"225\" srcset=\"https:\/\/www.milosnicylasu.olsztyn.pl\/wp-content\/uploads\/2017\/12\/DSCN0411-www-300x225.jpg 300w, https:\/\/www.milosnicylasu.olsztyn.pl\/wp-content\/uploads\/2017\/12\/DSCN0411-www-768x576.jpg 768w, https:\/\/www.milosnicylasu.olsztyn.pl\/wp-content\/uploads\/2017\/12\/DSCN0411-www.jpg 1024w, https:\/\/www.milosnicylasu.olsztyn.pl\/wp-content\/uploads\/2017\/12\/DSCN0411-www-400x300.jpg 400w\" sizes=\"auto, (max-width: 300px) 100vw, 300px\" \/><\/a><\/p>\n<p>Podczas nast\u0119pnych rajd\u00f3w odwiedzamy &#8222;nasze choinki&#8221; i widzimy jak ubywa prezent\u00f3w.<\/p>\n<p>&nbsp;<\/p>\n<p>&nbsp;<\/p>\n<p>&nbsp;<\/p>\n<p><a href=\"http:\/\/www.milosnicylasu.olsztyn.pl\/wp-content\/uploads\/2017\/12\/DSCN0414-www.jpg\" data-rel=\"lightbox-image-5\" data-magnific_type=\"image\" data-rl_title=\"\" data-rl_caption=\"\" title=\"\"><img loading=\"lazy\" decoding=\"async\" class=\"size-medium wp-image-3943 alignleft\" src=\"http:\/\/www.milosnicylasu.olsztyn.pl\/wp-content\/uploads\/2017\/12\/DSCN0414-www-300x225.jpg\" alt=\"\" width=\"300\" height=\"225\" srcset=\"https:\/\/www.milosnicylasu.olsztyn.pl\/wp-content\/uploads\/2017\/12\/DSCN0414-www-300x225.jpg 300w, https:\/\/www.milosnicylasu.olsztyn.pl\/wp-content\/uploads\/2017\/12\/DSCN0414-www-768x576.jpg 768w, https:\/\/www.milosnicylasu.olsztyn.pl\/wp-content\/uploads\/2017\/12\/DSCN0414-www.jpg 1024w, https:\/\/www.milosnicylasu.olsztyn.pl\/wp-content\/uploads\/2017\/12\/DSCN0414-www-400x300.jpg 400w\" sizes=\"auto, (max-width: 300px) 100vw, 300px\" \/><\/a><\/p>\n<p>&nbsp;<\/p>\n<p>&nbsp;<\/p>\n<p>W tym roku &#8222;prezent\u00f3w by\u0142o tak du\u017co, \u017ce przystroili\u015bmy te\u017c inne drzewka, a cz\u0119\u015b\u0107 pozostawili\u015bmy na pie\u0144kach.<a href=\"http:\/\/www.milosnicylasu.olsztyn.pl\/wp-content\/uploads\/2017\/12\/DSCN4420-www.jpg\" data-rel=\"lightbox-image-6\" data-magnific_type=\"image\" data-rl_title=\"\" data-rl_caption=\"\" title=\"\"><img loading=\"lazy\" decoding=\"async\" class=\"size-medium wp-image-3944 alignright\" src=\"http:\/\/www.milosnicylasu.olsztyn.pl\/wp-content\/uploads\/2017\/12\/DSCN4420-www-300x225.jpg\" alt=\"\" width=\"300\" height=\"225\" srcset=\"https:\/\/www.milosnicylasu.olsztyn.pl\/wp-content\/uploads\/2017\/12\/DSCN4420-www-300x225.jpg 300w, https:\/\/www.milosnicylasu.olsztyn.pl\/wp-content\/uploads\/2017\/12\/DSCN4420-www-768x576.jpg 768w, https:\/\/www.milosnicylasu.olsztyn.pl\/wp-content\/uploads\/2017\/12\/DSCN4420-www.jpg 1024w, https:\/\/www.milosnicylasu.olsztyn.pl\/wp-content\/uploads\/2017\/12\/DSCN4420-www-400x300.jpg 400w\" sizes=\"auto, (max-width: 300px) 100vw, 300px\" \/><\/a><\/p>\n<p>&nbsp;<\/p>\n<p>&nbsp;<\/p>\n<p>A p\u00f3\u017aniej&#8230;..uczestniczyli\u015bmy w konkursie o lesie, kt\u00f3ry przygotowa\u0142 Anatol Leszczy\u0144ski, \u015bpiewali\u015bmy kol\u0119dy, sk\u0142adali\u015bmy \u017cyczenia, no i zrobili\u015bmy wsp\u00f3lne zdj\u0119cie.<\/p>\n<\/div>\n<p>Tego dnia, 16 grudnia 2017 roku, podczas sobotniego rajdu, zwiedzili\u015bmy odnowion\u0105 strzelnic\u0119 LOK. Pan J\u00f3zef Klucz z dum\u0105 oprowadzi\u0142 nas po obiekcie. Strzelali\u015bmy tam wiele razy, obchodzili\u015bmy kolejne rocznice naszego Ko\u0142a. Cieszymy si\u0119, \u017ce b\u0119dziemy mogli korzysta\u0107 z nowoczesnej strzelnicy.Tego typu strzelnica w Polsce jest tylko jeszcze\u00a0 \u00a0 \u00a0 w Krakowie. Gratulujemy organizacji LOK w Olsztynie!<\/p>\n<\/div>\n<\/div>\n<\/div>\n<\/div>\n<\/div>\n","protected":false},"excerpt":{"rendered":"<p>Ubieranie choinki to jedna z najpi\u0119kniejszych tradycji \u015bwi\u0105tecznych. Trudno wyobrazi\u0107 sobie Bo\u017ce Narodzenie bez choinki \u015bwi\u0105tecznej. W Polsce jest to jedna z najnowszych tradycji wigilijnych, bo pojawi\u0142a si\u0119 u nas dopiero na prze\u0142omie XVIII i XIX wieku, a przyw\u0119drowa\u0142a z Niemiec. Pocz\u0105tkowo ubieranie choinki przyj\u0119\u0142o si\u0119 tylko w miastach. Na wsi d\u0142ugo dominowa\u0142a ludowa ozdoba, [&hellip;]<\/p>\n","protected":false},"author":2,"featured_media":0,"comment_status":"open","ping_status":"open","sticky":false,"template":"","format":"standard","meta":{"footnotes":""},"categories":[1,9,17,15,8],"tags":[],"class_list":["post-3938","post","type-post","status-publish","format-standard","hentry","category-bez-kategorii","category-ciekawostki","category-edukacja-w-terenie","category-komkurs","category-zawody-strzeleckie"],"_links":{"self":[{"href":"https:\/\/www.milosnicylasu.olsztyn.pl\/index.php?rest_route=\/wp\/v2\/posts\/3938","targetHints":{"allow":["GET"]}}],"collection":[{"href":"https:\/\/www.milosnicylasu.olsztyn.pl\/index.php?rest_route=\/wp\/v2\/posts"}],"about":[{"href":"https:\/\/www.milosnicylasu.olsztyn.pl\/index.php?rest_route=\/wp\/v2\/types\/post"}],"author":[{"embeddable":true,"href":"https:\/\/www.milosnicylasu.olsztyn.pl\/index.php?rest_route=\/wp\/v2\/users\/2"}],"replies":[{"embeddable":true,"href":"https:\/\/www.milosnicylasu.olsztyn.pl\/index.php?rest_route=%2Fwp%2Fv2%2Fcomments&post=3938"}],"version-history":[{"count":3,"href":"https:\/\/www.milosnicylasu.olsztyn.pl\/index.php?rest_route=\/wp\/v2\/posts\/3938\/revisions"}],"predecessor-version":[{"id":3949,"href":"https:\/\/www.milosnicylasu.olsztyn.pl\/index.php?rest_route=\/wp\/v2\/posts\/3938\/revisions\/3949"}],"wp:attachment":[{"href":"https:\/\/www.milosnicylasu.olsztyn.pl\/index.php?rest_route=%2Fwp%2Fv2%2Fmedia&parent=3938"}],"wp:term":[{"taxonomy":"category","embeddable":true,"href":"https:\/\/www.milosnicylasu.olsztyn.pl\/index.php?rest_route=%2Fwp%2Fv2%2Fcategories&post=3938"},{"taxonomy":"post_tag","embeddable":true,"href":"https:\/\/www.milosnicylasu.olsztyn.pl\/index.php?rest_route=%2Fwp%2Fv2%2Ftags&post=3938"}],"curies":[{"name":"wp","href":"https:\/\/api.w.org\/{rel}","templated":true}]}}