{"id":394,"date":"2013-05-19T06:03:28","date_gmt":"2013-05-19T04:03:28","guid":{"rendered":"http:\/\/www.milosnicylasu.olsztyn.pl\/?p=394"},"modified":"2013-05-19T06:07:38","modified_gmt":"2013-05-19T04:07:38","slug":"sobota-w-lesnej-bazie-lotniczej-w-dajtkach","status":"publish","type":"post","link":"https:\/\/www.milosnicylasu.olsztyn.pl\/?p=394","title":{"rendered":"Sobota w Le\u015bnej Bazie Lotniczej w Dajtkach"},"content":{"rendered":"<p><a href=\"http:\/\/www.milosnicylasu.olsztyn.pl\/wp-content\/uploads\/2013\/05\/P5180847-www.jpg\" data-rel=\"lightbox-image-0\" data-magnific_type=\"image\" data-rl_title=\"\" data-rl_caption=\"\" title=\"\"><img loading=\"lazy\" decoding=\"async\" class=\"alignleft size-medium wp-image-395\" alt=\"P5180847-www\" src=\"http:\/\/www.milosnicylasu.olsztyn.pl\/wp-content\/uploads\/2013\/05\/P5180847-www-300x168.jpg\" width=\"300\" height=\"168\" srcset=\"https:\/\/www.milosnicylasu.olsztyn.pl\/wp-content\/uploads\/2013\/05\/P5180847-www-300x168.jpg 300w, https:\/\/www.milosnicylasu.olsztyn.pl\/wp-content\/uploads\/2013\/05\/P5180847-www-500x281.jpg 500w, https:\/\/www.milosnicylasu.olsztyn.pl\/wp-content\/uploads\/2013\/05\/P5180847-www.jpg 1024w\" sizes=\"auto, (max-width: 300px) 100vw, 300px\" \/><\/a><strong>18 maja br.<\/strong> \u2013 nietypowa sobota, kt\u00f3ra sp\u0119dzili\u015bmy nie w lesie \u00a0&#8211; \u00a0na rajdzie, ale na lotnisku. Odwiedzili\u015bmy \u00a0Le\u015bn\u0105 Baz\u0119 Lotnicz\u0105 w Dajtkach, na kt\u00f3rej mogli\u015bmy zobaczy\u0107 samoloty patrolowo-ga\u015bnicze oraz wys\u0142ucha\u0107 wielu ciekawych rzeczy na temat infrastruktury przeciwpo\u017carowej. \u00a0By\u0142o to uzupe\u0142nienie wyk\u0142ad\u00f3w, kt\u00f3re zorganizowa\u0142 Pan Arkadiusz Mrozowski z \u00a0RDLP w Olsztynie w ubieg\u0142ym roku\u00a0 w sali wyk\u0142adowej RDLP w Olsztynie. \u00a0<a href=\"http:\/\/www.milosnicylasu.olsztyn.pl\/wp-content\/uploads\/2013\/05\/P5180853-www.jpg\" data-rel=\"lightbox-image-1\" data-magnific_type=\"image\" data-rl_title=\"\" data-rl_caption=\"\" title=\"\"><img loading=\"lazy\" decoding=\"async\" class=\"size-medium wp-image-396 alignright\" alt=\"P5180853-www\" src=\"http:\/\/www.milosnicylasu.olsztyn.pl\/wp-content\/uploads\/2013\/05\/P5180853-www-300x168.jpg\" width=\"300\" height=\"168\" srcset=\"https:\/\/www.milosnicylasu.olsztyn.pl\/wp-content\/uploads\/2013\/05\/P5180853-www-300x168.jpg 300w, https:\/\/www.milosnicylasu.olsztyn.pl\/wp-content\/uploads\/2013\/05\/P5180853-www-500x281.jpg 500w, https:\/\/www.milosnicylasu.olsztyn.pl\/wp-content\/uploads\/2013\/05\/P5180853-www.jpg 1024w\" sizes=\"auto, (max-width: 300px) 100vw, 300px\" \/><\/a><\/p>\n<p>Sze\u015b\u0107set siedemdziesi\u0105t tysi\u0119cy hektar\u00f3w las\u00f3w &#8211; tyle powierzchni do ochrony przed po\u017carami ma Regionalna Dyrekcja Las\u00f3w Pa\u0144stwowych w Olsztynie. Le\u015bnikom pomagaj\u0105 dwa samoloty stacjonuj\u0105ce w Le\u015bnej Bazie Lotniczej\u00a0\u00a0 w olszty\u0144skich \u00a0Dajtkach. Jednym z nich jest samolot patrolowy Wilga, kt\u00f3rego zadaniem jest lokalizowanie zagro\u017ce\u0144 dla las\u00f3w, informowanie nadle\u015bnictw\u00a0 i stra\u017cy po\u017carnej. Gdy po\u017car zostanie zlokalizowany, wtedy z bazy wylatuje samolot ga\u015bniczy Dromader, kt\u00f3ry mo\u017ce zrzuci\u0107 nawet dwa i p\u00f3\u0142 tysi\u0105ca litr\u00f3w wody. Samolotem du\u017co \u0142atwiej i du\u017co szybciej mo\u017cna si\u0119 przemieszcza\u0107 a to w przypadku po\u017car\u00f3w rzecz nadrz\u0119dna. Zalet\u0105 Dromadera jest tak\u017ce to, \u017ce mo\u017ce on wyl\u0105dowa\u0107 na lotnisku przygodnym, czyli nawet na \u0142\u0105ce.<\/p>\n<p><strong>Najsmutniejsze to jest to, \u017ce wi\u0119kszo\u015b\u0107 po\u017car\u00f3w w lasach mo\u017cna by\u0142oby unikn\u0105\u0107, \u00a0w dziewi\u0119\u0107dziesi\u0119ciu czterech procentach \u00a0przypadk\u00f3w winny jest cz\u0142owiek<\/strong>.<\/p>\n<p><a href=\"http:\/\/www.milosnicylasu.olsztyn.pl\/wp-content\/uploads\/2013\/05\/P5180829-www.jpg\" data-rel=\"lightbox-image-2\" data-magnific_type=\"image\" data-rl_title=\"\" data-rl_caption=\"\" title=\"\"><img loading=\"lazy\" decoding=\"async\" class=\"alignleft size-medium wp-image-398\" alt=\"P5180829-www\" src=\"http:\/\/www.milosnicylasu.olsztyn.pl\/wp-content\/uploads\/2013\/05\/P5180829-www-300x168.jpg\" width=\"300\" height=\"168\" srcset=\"https:\/\/www.milosnicylasu.olsztyn.pl\/wp-content\/uploads\/2013\/05\/P5180829-www-300x168.jpg 300w, https:\/\/www.milosnicylasu.olsztyn.pl\/wp-content\/uploads\/2013\/05\/P5180829-www-500x281.jpg 500w, https:\/\/www.milosnicylasu.olsztyn.pl\/wp-content\/uploads\/2013\/05\/P5180829-www.jpg 1024w\" sizes=\"auto, (max-width: 300px) 100vw, 300px\" \/><\/a>Te i jeszcze wiele innych wiadomo\u015bci przekazali nam piloci obs\u0142uguj\u0105cy Wilgi i Dromadery. Mogli\u015bmy r\u00f3wnie\u017c usi\u0105\u015b\u0107 za sterami samolotu, co by\u0142o wielk\u0105 frajd\u0105 nie tylko dla dzieci.<\/p>\n","protected":false},"excerpt":{"rendered":"<p>18 maja br. \u2013 nietypowa sobota, kt\u00f3ra sp\u0119dzili\u015bmy nie w lesie \u00a0&#8211; \u00a0na rajdzie, ale na lotnisku. Odwiedzili\u015bmy \u00a0Le\u015bn\u0105 Baz\u0119 Lotnicz\u0105 w Dajtkach, na kt\u00f3rej mogli\u015bmy zobaczy\u0107 samoloty patrolowo-ga\u015bnicze oraz wys\u0142ucha\u0107 wielu ciekawych rzeczy na temat infrastruktury przeciwpo\u017carowej. \u00a0By\u0142o to uzupe\u0142nienie wyk\u0142ad\u00f3w, kt\u00f3re zorganizowa\u0142 Pan Arkadiusz Mrozowski z \u00a0RDLP w Olsztynie w ubieg\u0142ym roku\u00a0 w [&hellip;]<\/p>\n","protected":false},"author":1,"featured_media":0,"comment_status":"open","ping_status":"open","sticky":false,"template":"","format":"standard","meta":{"footnotes":""},"categories":[1,2,5],"tags":[],"class_list":["post-394","post","type-post","status-publish","format-standard","hentry","category-bez-kategorii","category-rajdy","category-wycieczki"],"_links":{"self":[{"href":"https:\/\/www.milosnicylasu.olsztyn.pl\/index.php?rest_route=\/wp\/v2\/posts\/394","targetHints":{"allow":["GET"]}}],"collection":[{"href":"https:\/\/www.milosnicylasu.olsztyn.pl\/index.php?rest_route=\/wp\/v2\/posts"}],"about":[{"href":"https:\/\/www.milosnicylasu.olsztyn.pl\/index.php?rest_route=\/wp\/v2\/types\/post"}],"author":[{"embeddable":true,"href":"https:\/\/www.milosnicylasu.olsztyn.pl\/index.php?rest_route=\/wp\/v2\/users\/1"}],"replies":[{"embeddable":true,"href":"https:\/\/www.milosnicylasu.olsztyn.pl\/index.php?rest_route=%2Fwp%2Fv2%2Fcomments&post=394"}],"version-history":[{"count":6,"href":"https:\/\/www.milosnicylasu.olsztyn.pl\/index.php?rest_route=\/wp\/v2\/posts\/394\/revisions"}],"predecessor-version":[{"id":404,"href":"https:\/\/www.milosnicylasu.olsztyn.pl\/index.php?rest_route=\/wp\/v2\/posts\/394\/revisions\/404"}],"wp:attachment":[{"href":"https:\/\/www.milosnicylasu.olsztyn.pl\/index.php?rest_route=%2Fwp%2Fv2%2Fmedia&parent=394"}],"wp:term":[{"taxonomy":"category","embeddable":true,"href":"https:\/\/www.milosnicylasu.olsztyn.pl\/index.php?rest_route=%2Fwp%2Fv2%2Fcategories&post=394"},{"taxonomy":"post_tag","embeddable":true,"href":"https:\/\/www.milosnicylasu.olsztyn.pl\/index.php?rest_route=%2Fwp%2Fv2%2Ftags&post=394"}],"curies":[{"name":"wp","href":"https:\/\/api.w.org\/{rel}","templated":true}]}}