{"id":3956,"date":"2018-01-23T09:19:06","date_gmt":"2018-01-23T08:19:06","guid":{"rendered":"http:\/\/www.milosnicylasu.olsztyn.pl\/?p=3956"},"modified":"2018-01-23T09:19:27","modified_gmt":"2018-01-23T08:19:27","slug":"planowe-zawody-strzeleckie-kola-w-dniu-22-stycznia-2018-r","status":"publish","type":"post","link":"https:\/\/www.milosnicylasu.olsztyn.pl\/?p=3956","title":{"rendered":"Planowe Zawody Strzeleckie Ko\u0142a w dniu 22 stycznia 2018 r."},"content":{"rendered":"<p>&nbsp;<\/p>\n<p><strong>\u00a0\u00a0<\/strong><strong>\u00a0 \u00a0\u00a0<a href=\"http:\/\/www.milosnicylasu.olsztyn.pl\/wp-content\/uploads\/2018\/01\/DSCN4669-www.jpg\" data-rel=\"lightbox-image-0\" data-magnific_type=\"image\" data-rl_title=\"\" data-rl_caption=\"\" title=\"\"><img loading=\"lazy\" decoding=\"async\" class=\"size-medium wp-image-3957 alignleft\" src=\"http:\/\/www.milosnicylasu.olsztyn.pl\/wp-content\/uploads\/2018\/01\/DSCN4669-www-300x225.jpg\" alt=\"\" width=\"300\" height=\"225\" srcset=\"https:\/\/www.milosnicylasu.olsztyn.pl\/wp-content\/uploads\/2018\/01\/DSCN4669-www-300x225.jpg 300w, https:\/\/www.milosnicylasu.olsztyn.pl\/wp-content\/uploads\/2018\/01\/DSCN4669-www-768x576.jpg 768w, https:\/\/www.milosnicylasu.olsztyn.pl\/wp-content\/uploads\/2018\/01\/DSCN4669-www.jpg 1024w, https:\/\/www.milosnicylasu.olsztyn.pl\/wp-content\/uploads\/2018\/01\/DSCN4669-www-400x300.jpg 400w\" sizes=\"auto, (max-width: 300px) 100vw, 300px\" \/><\/a><\/strong><\/p>\n<p>W miniony poniedzia\u0142ek odby\u0142y si\u0119 zawody strzeleckie cz\u0142onk\u00f3w Naszego Ko\u0142a. Z okazji Dnia Babci i Dziadka w zawodach wzi\u0119\u0142y udzia\u0142 wnucz\u0119ta, strzelaj\u0105c razem\u00a0 \u00a0z ukochanymi\u00a0 babciami i dziadkami,\u00a0 pod czujnym okiem pracownika Zarz\u0105du Powiatowego LOK\u00a0 J\u00f3zefa Klucza.<\/p>\n<p><strong>Wnucz\u0119ta okazali si\u0119 dobrymi strzelcami, a najlepsze wyniki osi\u0105gn\u0119li:<\/strong><\/p>\n<p><strong>W konkurencji \u2013\u00a0 juniorki:<\/strong><\/p>\n<p>I\u00a0\u00a0 miejsce\u00a0\u00a0\u00a0\u00a0 Ma\u0142gorzata\u00a0 Go\u0142\u0119biewska<\/p>\n<p>II\u00a0 miejsce\u00a0\u00a0\u00a0\u00a0 Magdalena\u00a0\u00a0 Grykin<\/p>\n<p>III miejsce\u00a0\u00a0\u00a0 Natalia\u00a0\u00a0 Grykin<\/p>\n<p><strong>\u00a0\u00a0\u00a0\u00a0\u00a0\u00a0\u00a0\u00a0\u00a0 \u00a0\u00a0\u00a0\u00a0\u00a0\u00a0\u00a0\u00a0\u00a0\u00a0\u00a0\u00a0\u00a0\u00a0\u00a0\u00a0\u00a0\u00a0\u00a0W konkurencji\u00a0 &#8211; juniorzy:<\/strong><\/p>\n<p>I\u00a0\u00a0\u00a0 miejsce\u00a0\u00a0 Piotr\u00a0 Tabor<\/p>\n<p>II\u00a0 miejsce\u00a0\u00a0 Pawe\u0142\u00a0 J\u0119drzejewski<\/p>\n<p>III miejsce\u00a0 Kacper\u00a0 Rakowski<\/p>\n<p><strong>A w\u015br\u00f3d senior\u00f3w najlepszymi wynikami mog\u0105 pochwali\u0107 si\u0119:\u00a0<\/strong><\/p>\n<p><strong>W konkurencji\u00a0 pa\u0144<\/strong>:<\/p>\n<p>I\u00a0\u00a0\u00a0 miejsce\u00a0 Teresa\u00a0 Mielczarska<\/p>\n<p>II\u00a0\u00a0 miejsce\u00a0 Stefania\u00a0 Jarczyk<\/p>\n<p>III\u00a0 miejsce\u00a0 Teresa\u00a0 Go\u0142\u0119biewska<\/p>\n<p><strong>\u00a0\u00a0\u00a0\u00a0\u00a0\u00a0\u00a0\u00a0\u00a0\u00a0\u00a0\u00a0\u00a0\u00a0\u00a0\u00a0\u00a0\u00a0\u00a0\u00a0\u00a0\u00a0\u00a0\u00a0\u00a0\u00a0 W konkurencji\u00a0 pan\u00f3w<\/strong>:<\/p>\n<p>I\u00a0\u00a0\u00a0 miejsce\u00a0 Czes\u0142aw\u00a0 Rakowski<\/p>\n<p>II\u00a0\u00a0 miejsce\u00a0 Anatol\u00a0 Leszczy\u0144ski<\/p>\n<p>III\u00a0 miejsce\u00a0 J\u00f3zef\u00a0 Gazda<\/p>\n<p>Podczas zawod\u00f3w Zarz\u0105d Ko\u0142a .przygotowa\u0142 dla wszystkich\u00a0 s\u0142odki pocz\u0119stunek, oraz drobne upominki dla najm\u0142odszych uczestnik\u00f3w. Dla najlepszych strzelc\u00f3w, na lutowym zebraniu zostan\u0105 wr\u0119czone medale.<\/p>\n<p>Gratulujemy zwyci\u0119zcom,\u00a0 zapraszamy na treningi i kolejne zawody.\u00a0 Mamy nadziej\u0119, \u017ce w nast\u0119pnych zawodach we\u017amie udzia\u0142 jeszcze wi\u0119ksza liczba cz\u0142onk\u00f3w ko\u0142a i cz\u0142onk\u00f3w ich rodzin. Zdaniem os\u00f3b uczestnicz\u0105cych w poniedzia\u0142kowym strzelaniu, proponowane przez Zarz\u0105d Ko\u0142a wsp\u00f3lne sp\u0119dzenie wolnego czasu prowadzi do integracji rodziny, jest sensown\u0105 alternatyw\u0105\u00a0np. dla siedzenia przed komputerem.<\/p>\n<p>Zawody strzeleckie przeprowadzone zosta\u0142y przez koleg\u00f3w: Grzegorz Kluczek, J\u00f3zef\u00a0 Gazda, Ryszard\u00a0 Chudziakiewicz,\u00a0 Anatol Leszczy\u0144ski<\/p>\n<p>&nbsp;<\/p>\n","protected":false},"excerpt":{"rendered":"<p>&nbsp; \u00a0\u00a0\u00a0 \u00a0\u00a0 W miniony poniedzia\u0142ek odby\u0142y si\u0119 zawody strzeleckie cz\u0142onk\u00f3w Naszego Ko\u0142a. Z okazji Dnia Babci i Dziadka w zawodach wzi\u0119\u0142y udzia\u0142 wnucz\u0119ta, strzelaj\u0105c razem\u00a0 \u00a0z ukochanymi\u00a0 babciami i dziadkami,\u00a0 pod czujnym okiem pracownika Zarz\u0105du Powiatowego LOK\u00a0 J\u00f3zefa Klucza. Wnucz\u0119ta okazali si\u0119 dobrymi strzelcami, a najlepsze wyniki osi\u0105gn\u0119li: W konkurencji \u2013\u00a0 juniorki: I\u00a0\u00a0 miejsce\u00a0\u00a0\u00a0\u00a0 [&hellip;]<\/p>\n","protected":false},"author":2,"featured_media":0,"comment_status":"open","ping_status":"open","sticky":false,"template":"","format":"standard","meta":{"footnotes":""},"categories":[1,9,8],"tags":[],"class_list":["post-3956","post","type-post","status-publish","format-standard","hentry","category-bez-kategorii","category-ciekawostki","category-zawody-strzeleckie"],"_links":{"self":[{"href":"https:\/\/www.milosnicylasu.olsztyn.pl\/index.php?rest_route=\/wp\/v2\/posts\/3956","targetHints":{"allow":["GET"]}}],"collection":[{"href":"https:\/\/www.milosnicylasu.olsztyn.pl\/index.php?rest_route=\/wp\/v2\/posts"}],"about":[{"href":"https:\/\/www.milosnicylasu.olsztyn.pl\/index.php?rest_route=\/wp\/v2\/types\/post"}],"author":[{"embeddable":true,"href":"https:\/\/www.milosnicylasu.olsztyn.pl\/index.php?rest_route=\/wp\/v2\/users\/2"}],"replies":[{"embeddable":true,"href":"https:\/\/www.milosnicylasu.olsztyn.pl\/index.php?rest_route=%2Fwp%2Fv2%2Fcomments&post=3956"}],"version-history":[{"count":2,"href":"https:\/\/www.milosnicylasu.olsztyn.pl\/index.php?rest_route=\/wp\/v2\/posts\/3956\/revisions"}],"predecessor-version":[{"id":3959,"href":"https:\/\/www.milosnicylasu.olsztyn.pl\/index.php?rest_route=\/wp\/v2\/posts\/3956\/revisions\/3959"}],"wp:attachment":[{"href":"https:\/\/www.milosnicylasu.olsztyn.pl\/index.php?rest_route=%2Fwp%2Fv2%2Fmedia&parent=3956"}],"wp:term":[{"taxonomy":"category","embeddable":true,"href":"https:\/\/www.milosnicylasu.olsztyn.pl\/index.php?rest_route=%2Fwp%2Fv2%2Fcategories&post=3956"},{"taxonomy":"post_tag","embeddable":true,"href":"https:\/\/www.milosnicylasu.olsztyn.pl\/index.php?rest_route=%2Fwp%2Fv2%2Ftags&post=3956"}],"curies":[{"name":"wp","href":"https:\/\/api.w.org\/{rel}","templated":true}]}}