{"id":3962,"date":"2018-01-25T07:18:56","date_gmt":"2018-01-25T06:18:56","guid":{"rendered":"http:\/\/www.milosnicylasu.olsztyn.pl\/?p=3962"},"modified":"2018-01-25T07:18:56","modified_gmt":"2018-01-25T06:18:56","slug":"wyniki-konkursu-przyrodniczego","status":"publish","type":"post","link":"https:\/\/www.milosnicylasu.olsztyn.pl\/?p=3962","title":{"rendered":"Wyniki konkursu przyrodniczego"},"content":{"rendered":"<p><a href=\"http:\/\/www.milosnicylasu.olsztyn.pl\/wp-content\/uploads\/2017\/11\/IMG_20171028_162012294-www.jpg\" data-rel=\"lightbox-image-0\" data-magnific_type=\"image\" data-rl_title=\"\" data-rl_caption=\"\" title=\"\"><img loading=\"lazy\" decoding=\"async\" class=\"size-medium wp-image-3835 alignleft\" src=\"http:\/\/www.milosnicylasu.olsztyn.pl\/wp-content\/uploads\/2017\/11\/IMG_20171028_162012294-www-300x169.jpg\" alt=\"\" width=\"300\" height=\"169\" srcset=\"https:\/\/www.milosnicylasu.olsztyn.pl\/wp-content\/uploads\/2017\/11\/IMG_20171028_162012294-www-300x169.jpg 300w, https:\/\/www.milosnicylasu.olsztyn.pl\/wp-content\/uploads\/2017\/11\/IMG_20171028_162012294-www-768x432.jpg 768w, https:\/\/www.milosnicylasu.olsztyn.pl\/wp-content\/uploads\/2017\/11\/IMG_20171028_162012294-www.jpg 1024w, https:\/\/www.milosnicylasu.olsztyn.pl\/wp-content\/uploads\/2017\/11\/IMG_20171028_162012294-www-500x281.jpg 500w\" sizes=\"auto, (max-width: 300px) 100vw, 300px\" \/><\/a>Znamy ju\u017c wyniki konkursu przyrodniczego, og\u0142oszonego na naszej stronie internetowej. Nades\u0142anych zosta\u0142o 18 odpowiedzi, w tym 10 z prawid\u0142owo rozwi\u0105zan\u0105 krzy\u017c\u00f3wk\u0105 i podaniem w\u0142a\u015bciwego has\u0142a\u00a0 &#8211; nazwy afryka\u0144skiego drzewa zaprezentowanego na zdj\u0119ciu.<\/p>\n<p>to <strong>\u201e P\u0142omie\u0144 Afryki\u201d<\/strong><\/p>\n<p>&nbsp;<\/p>\n<p>Nagrody ksi\u0105\u017ckowe otrzyma\u0142y nast\u0119puj\u0105ce osoby, kt\u00f3rym zostan\u0105 wr\u0119czone w dniu 01.02.2018 r. podczas zebrania w RDLP ul. Ko\u015bciuszki . Osobom z poza Olsztyna zostan\u0105 przes\u0142ane poczt\u0105 na podany adres .<a href=\"http:\/\/www.milosnicylasu.olsztyn.pl\/wp-content\/uploads\/2018\/01\/DSCN4675-www.jpg\" data-rel=\"lightbox-image-1\" data-magnific_type=\"image\" data-rl_title=\"\" data-rl_caption=\"\" title=\"\"><img loading=\"lazy\" decoding=\"async\" class=\"size-medium wp-image-3963 alignleft\" src=\"http:\/\/www.milosnicylasu.olsztyn.pl\/wp-content\/uploads\/2018\/01\/DSCN4675-www-300x225.jpg\" alt=\"\" width=\"300\" height=\"225\" srcset=\"https:\/\/www.milosnicylasu.olsztyn.pl\/wp-content\/uploads\/2018\/01\/DSCN4675-www-300x225.jpg 300w, https:\/\/www.milosnicylasu.olsztyn.pl\/wp-content\/uploads\/2018\/01\/DSCN4675-www-768x576.jpg 768w, https:\/\/www.milosnicylasu.olsztyn.pl\/wp-content\/uploads\/2018\/01\/DSCN4675-www.jpg 1024w, https:\/\/www.milosnicylasu.olsztyn.pl\/wp-content\/uploads\/2018\/01\/DSCN4675-www-400x300.jpg 400w\" sizes=\"auto, (max-width: 300px) 100vw, 300px\" \/><\/a><\/p>\n<ol>\n<li>Kazimierz Mi\u0142owski<\/li>\n<li>Mariola Jarz\u0105bek<\/li>\n<li>Barbara Bruzgo<\/li>\n<li>Bogumi\u0142a Gadzia\u0142a<\/li>\n<li>Marzena Kicowska \u2013 Jaro\u0144<\/li>\n<li>Irena \u0141api\u0144ska<\/li>\n<li>Jan Sosnowski<\/li>\n<li>Ma\u0142gosia Pacyga<\/li>\n<li>Teresa Milczarska<\/li>\n<li>Ryszard Chudziakiewicz<\/li>\n<\/ol>\n<p>Autor konkursu i jednocze\u015bnie sponsor nagr\u00f3d,\u00a0 dzi\u0119kuje za udzia\u0142 w zabawie przyrodniczej i nades\u0142anie odpowiedzi. Konkurs nie by\u0142 \u0142atwy, tym bardziej gratulujemy zwyci\u0119zcom wiedzy.<\/p>\n<p>&nbsp;<\/p>\n<p>&nbsp;<\/p>\n","protected":false},"excerpt":{"rendered":"<p>Znamy ju\u017c wyniki konkursu przyrodniczego, og\u0142oszonego na naszej stronie internetowej. Nades\u0142anych zosta\u0142o 18 odpowiedzi, w tym 10 z prawid\u0142owo rozwi\u0105zan\u0105 krzy\u017c\u00f3wk\u0105 i podaniem w\u0142a\u015bciwego has\u0142a\u00a0 &#8211; nazwy afryka\u0144skiego drzewa zaprezentowanego na zdj\u0119ciu. to \u201e P\u0142omie\u0144 Afryki\u201d &nbsp; Nagrody ksi\u0105\u017ckowe otrzyma\u0142y nast\u0119puj\u0105ce osoby, kt\u00f3rym zostan\u0105 wr\u0119czone w dniu 01.02.2018 r. podczas zebrania w RDLP ul. Ko\u015bciuszki [&hellip;]<\/p>\n","protected":false},"author":2,"featured_media":0,"comment_status":"open","ping_status":"open","sticky":false,"template":"","format":"standard","meta":{"footnotes":""},"categories":[1,9,15],"tags":[],"class_list":["post-3962","post","type-post","status-publish","format-standard","hentry","category-bez-kategorii","category-ciekawostki","category-komkurs"],"_links":{"self":[{"href":"https:\/\/www.milosnicylasu.olsztyn.pl\/index.php?rest_route=\/wp\/v2\/posts\/3962","targetHints":{"allow":["GET"]}}],"collection":[{"href":"https:\/\/www.milosnicylasu.olsztyn.pl\/index.php?rest_route=\/wp\/v2\/posts"}],"about":[{"href":"https:\/\/www.milosnicylasu.olsztyn.pl\/index.php?rest_route=\/wp\/v2\/types\/post"}],"author":[{"embeddable":true,"href":"https:\/\/www.milosnicylasu.olsztyn.pl\/index.php?rest_route=\/wp\/v2\/users\/2"}],"replies":[{"embeddable":true,"href":"https:\/\/www.milosnicylasu.olsztyn.pl\/index.php?rest_route=%2Fwp%2Fv2%2Fcomments&post=3962"}],"version-history":[{"count":1,"href":"https:\/\/www.milosnicylasu.olsztyn.pl\/index.php?rest_route=\/wp\/v2\/posts\/3962\/revisions"}],"predecessor-version":[{"id":3964,"href":"https:\/\/www.milosnicylasu.olsztyn.pl\/index.php?rest_route=\/wp\/v2\/posts\/3962\/revisions\/3964"}],"wp:attachment":[{"href":"https:\/\/www.milosnicylasu.olsztyn.pl\/index.php?rest_route=%2Fwp%2Fv2%2Fmedia&parent=3962"}],"wp:term":[{"taxonomy":"category","embeddable":true,"href":"https:\/\/www.milosnicylasu.olsztyn.pl\/index.php?rest_route=%2Fwp%2Fv2%2Fcategories&post=3962"},{"taxonomy":"post_tag","embeddable":true,"href":"https:\/\/www.milosnicylasu.olsztyn.pl\/index.php?rest_route=%2Fwp%2Fv2%2Ftags&post=3962"}],"curies":[{"name":"wp","href":"https:\/\/api.w.org\/{rel}","templated":true}]}}