{"id":3965,"date":"2018-01-30T13:44:47","date_gmt":"2018-01-30T12:44:47","guid":{"rendered":"http:\/\/www.milosnicylasu.olsztyn.pl\/?p=3965"},"modified":"2018-01-30T13:46:22","modified_gmt":"2018-01-30T12:46:22","slug":"sobotnie-rajdy-2","status":"publish","type":"post","link":"https:\/\/www.milosnicylasu.olsztyn.pl\/?p=3965","title":{"rendered":"Sobotnie rajdy"},"content":{"rendered":"<p style=\"text-align: left;\"><a href=\"http:\/\/www.milosnicylasu.olsztyn.pl\/wp-content\/uploads\/2018\/01\/DSCN4720-www.jpg\" data-rel=\"lightbox-image-0\" data-magnific_type=\"image\" data-rl_title=\"\" data-rl_caption=\"\" title=\"\"><img loading=\"lazy\" decoding=\"async\" class=\"size-medium wp-image-3966 alignleft\" src=\"http:\/\/www.milosnicylasu.olsztyn.pl\/wp-content\/uploads\/2018\/01\/DSCN4720-www-300x225.jpg\" alt=\"\" width=\"300\" height=\"225\" srcset=\"https:\/\/www.milosnicylasu.olsztyn.pl\/wp-content\/uploads\/2018\/01\/DSCN4720-www-300x225.jpg 300w, https:\/\/www.milosnicylasu.olsztyn.pl\/wp-content\/uploads\/2018\/01\/DSCN4720-www-768x576.jpg 768w, https:\/\/www.milosnicylasu.olsztyn.pl\/wp-content\/uploads\/2018\/01\/DSCN4720-www.jpg 1024w, https:\/\/www.milosnicylasu.olsztyn.pl\/wp-content\/uploads\/2018\/01\/DSCN4720-www-400x300.jpg 400w\" sizes=\"auto, (max-width: 300px) 100vw, 300px\" \/><\/a>Jak w ka\u017cd\u0105 sobot\u0119, cz\u0142onkowie naszego Ko\u0142a uczestniczyli\u00a0<strong>27.01.2018 r<\/strong>\u00a0w spacerze z kijkami.<a href=\"http:\/\/www.milosnicylasu.olsztyn.pl\/wp-content\/uploads\/2018\/01\/DSCN472-www.jpg\" data-rel=\"lightbox-image-1\" data-magnific_type=\"image\" data-rl_title=\"\" data-rl_caption=\"\" title=\"\"><img loading=\"lazy\" decoding=\"async\" class=\"size-medium wp-image-3968 alignright\" src=\"http:\/\/www.milosnicylasu.olsztyn.pl\/wp-content\/uploads\/2018\/01\/DSCN472-www-300x225.jpg\" alt=\"\" width=\"300\" height=\"225\" srcset=\"https:\/\/www.milosnicylasu.olsztyn.pl\/wp-content\/uploads\/2018\/01\/DSCN472-www-300x225.jpg 300w, https:\/\/www.milosnicylasu.olsztyn.pl\/wp-content\/uploads\/2018\/01\/DSCN472-www-768x576.jpg 768w, https:\/\/www.milosnicylasu.olsztyn.pl\/wp-content\/uploads\/2018\/01\/DSCN472-www.jpg 1024w, https:\/\/www.milosnicylasu.olsztyn.pl\/wp-content\/uploads\/2018\/01\/DSCN472-www-400x300.jpg 400w\" sizes=\"auto, (max-width: 300px) 100vw, 300px\" \/><\/a><\/p>\n<p style=\"text-align: left;\">Pogoda dopisa\u0142a, przeszli\u015bmy\u00a0 ciekaw\u0105 now\u0105 tras\u0105 wzd\u0142u\u017c Rezerwatu Redykajny, gdzie mogli\u015bmy podziwia\u0107 pi\u0119kno naszych olszty\u0144skich las\u00f3w.<\/p>\n<p>\u00a0W\u00a0 le\u015bnej scenerii, na\u00a0 polanie,\u00a0 przeprowadzone zosta\u0142y \u201e<strong>Si\u0142owe\u00a0 zawody sportowe\u201d.<\/strong><\/p>\n<p>Najlepsze wyniki uzyskali:<\/p>\n<p><strong>W konkurenci pa\u0144<\/strong><\/p>\n<p>I miejsce\u00a0\u00a0\u00a0 Teresa\u00a0 Mielczarska,\u00a0 \u00a0 \u00a0 II \u00a0miejsce\u00a0 Danuta\u00a0 Burcz\u00a0 \u00a0 \u00a0 \u00a0 \u00a0 \u00a0 \u00a0 \u00a0 III miejsce\u00a0 Stefania\u00a0 Jarczyk<\/p>\n<p><strong>W konkurenci pan\u00f3w<\/strong><\/p>\n<p>I\u00a0\u00a0 miejsce\u00a0\u00a0\u00a0\u00a0 J\u00f3zef\u00a0 Gazda, II\u00a0 miejsce\u00a0 Bogdan\u00a0 Szut, III miejsce\u00a0 Wojciech\u00a0 Werner<\/p>\n<p>Na zako\u0144czenie zawod\u00f3w zosta\u0142y wr\u0119czone upominki.\u00a0 W imieniu Zarz\u0105du Ko\u0142a, podzi\u0119kowanie za udzia\u0142 w zawodach i gratulacje zwyci\u0119zcom z\u0142o\u017cy\u0142 Prezes\u00a0 Anatol\u00a0 Leszczy\u0144ski.<\/p>\n<p>W trakcie naszej w\u0119dr\u00f3wki przygn\u0119bi\u0142 nas widok drzew uszkodzonych przez korniki.<a href=\"http:\/\/www.milosnicylasu.olsztyn.pl\/wp-content\/uploads\/2018\/01\/DSCN4722-www.jpg\" data-rel=\"lightbox-image-2\" data-magnific_type=\"image\" data-rl_title=\"\" data-rl_caption=\"\" title=\"\"><img loading=\"lazy\" decoding=\"async\" class=\"size-medium wp-image-3967 aligncenter\" src=\"http:\/\/www.milosnicylasu.olsztyn.pl\/wp-content\/uploads\/2018\/01\/DSCN4722-www-300x225.jpg\" alt=\"\" width=\"300\" height=\"225\" srcset=\"https:\/\/www.milosnicylasu.olsztyn.pl\/wp-content\/uploads\/2018\/01\/DSCN4722-www-300x225.jpg 300w, https:\/\/www.milosnicylasu.olsztyn.pl\/wp-content\/uploads\/2018\/01\/DSCN4722-www-768x576.jpg 768w, https:\/\/www.milosnicylasu.olsztyn.pl\/wp-content\/uploads\/2018\/01\/DSCN4722-www.jpg 1024w, https:\/\/www.milosnicylasu.olsztyn.pl\/wp-content\/uploads\/2018\/01\/DSCN4722-www-400x300.jpg 400w\" sizes=\"auto, (max-width: 300px) 100vw, 300px\" \/><\/a><\/p>\n","protected":false},"excerpt":{"rendered":"<p>Jak w ka\u017cd\u0105 sobot\u0119, cz\u0142onkowie naszego Ko\u0142a uczestniczyli\u00a027.01.2018 r\u00a0w spacerze z kijkami. Pogoda dopisa\u0142a, przeszli\u015bmy\u00a0 ciekaw\u0105 now\u0105 tras\u0105 wzd\u0142u\u017c Rezerwatu Redykajny, gdzie mogli\u015bmy podziwia\u0107 pi\u0119kno naszych olszty\u0144skich las\u00f3w. \u00a0W\u00a0 le\u015bnej scenerii, na\u00a0 polanie,\u00a0 przeprowadzone zosta\u0142y \u201eSi\u0142owe\u00a0 zawody sportowe\u201d. Najlepsze wyniki uzyskali: W konkurenci pa\u0144 I miejsce\u00a0\u00a0\u00a0 Teresa\u00a0 Mielczarska,\u00a0 \u00a0 \u00a0 II \u00a0miejsce\u00a0 Danuta\u00a0 Burcz\u00a0 \u00a0 [&hellip;]<\/p>\n","protected":false},"author":2,"featured_media":0,"comment_status":"open","ping_status":"open","sticky":false,"template":"","format":"standard","meta":{"footnotes":""},"categories":[1,9,2],"tags":[],"class_list":["post-3965","post","type-post","status-publish","format-standard","hentry","category-bez-kategorii","category-ciekawostki","category-rajdy"],"_links":{"self":[{"href":"https:\/\/www.milosnicylasu.olsztyn.pl\/index.php?rest_route=\/wp\/v2\/posts\/3965","targetHints":{"allow":["GET"]}}],"collection":[{"href":"https:\/\/www.milosnicylasu.olsztyn.pl\/index.php?rest_route=\/wp\/v2\/posts"}],"about":[{"href":"https:\/\/www.milosnicylasu.olsztyn.pl\/index.php?rest_route=\/wp\/v2\/types\/post"}],"author":[{"embeddable":true,"href":"https:\/\/www.milosnicylasu.olsztyn.pl\/index.php?rest_route=\/wp\/v2\/users\/2"}],"replies":[{"embeddable":true,"href":"https:\/\/www.milosnicylasu.olsztyn.pl\/index.php?rest_route=%2Fwp%2Fv2%2Fcomments&post=3965"}],"version-history":[{"count":3,"href":"https:\/\/www.milosnicylasu.olsztyn.pl\/index.php?rest_route=\/wp\/v2\/posts\/3965\/revisions"}],"predecessor-version":[{"id":3971,"href":"https:\/\/www.milosnicylasu.olsztyn.pl\/index.php?rest_route=\/wp\/v2\/posts\/3965\/revisions\/3971"}],"wp:attachment":[{"href":"https:\/\/www.milosnicylasu.olsztyn.pl\/index.php?rest_route=%2Fwp%2Fv2%2Fmedia&parent=3965"}],"wp:term":[{"taxonomy":"category","embeddable":true,"href":"https:\/\/www.milosnicylasu.olsztyn.pl\/index.php?rest_route=%2Fwp%2Fv2%2Fcategories&post=3965"},{"taxonomy":"post_tag","embeddable":true,"href":"https:\/\/www.milosnicylasu.olsztyn.pl\/index.php?rest_route=%2Fwp%2Fv2%2Ftags&post=3965"}],"curies":[{"name":"wp","href":"https:\/\/api.w.org\/{rel}","templated":true}]}}