{"id":3975,"date":"2018-02-08T15:28:36","date_gmt":"2018-02-08T14:28:36","guid":{"rendered":"http:\/\/www.milosnicylasu.olsztyn.pl\/?p=3975"},"modified":"2018-02-08T15:35:06","modified_gmt":"2018-02-08T14:35:06","slug":"lutowy-czwartek-ekologiczny","status":"publish","type":"post","link":"https:\/\/www.milosnicylasu.olsztyn.pl\/?p=3975","title":{"rendered":"Lutowy czwartek ekologiczny"},"content":{"rendered":"<p><a href=\"http:\/\/www.milosnicylasu.olsztyn.pl\/wp-content\/uploads\/2018\/02\/DSCN4732-www.jpg\" data-rel=\"lightbox-image-0\" data-magnific_type=\"image\" data-rl_title=\"\" data-rl_caption=\"\" title=\"\"><img loading=\"lazy\" decoding=\"async\" class=\"size-medium wp-image-3976 alignleft\" src=\"http:\/\/www.milosnicylasu.olsztyn.pl\/wp-content\/uploads\/2018\/02\/DSCN4732-www-300x225.jpg\" alt=\"\" width=\"300\" height=\"225\" srcset=\"https:\/\/www.milosnicylasu.olsztyn.pl\/wp-content\/uploads\/2018\/02\/DSCN4732-www-300x225.jpg 300w, https:\/\/www.milosnicylasu.olsztyn.pl\/wp-content\/uploads\/2018\/02\/DSCN4732-www-768x576.jpg 768w, https:\/\/www.milosnicylasu.olsztyn.pl\/wp-content\/uploads\/2018\/02\/DSCN4732-www.jpg 1024w, https:\/\/www.milosnicylasu.olsztyn.pl\/wp-content\/uploads\/2018\/02\/DSCN4732-www-400x300.jpg 400w\" sizes=\"auto, (max-width: 300px) 100vw, 300px\" \/><\/a><\/p>\n<p>1 lutego 2018 roku spotkali\u015bmy si\u0119 w RDLP w Olsztynie na kolejnym czwartku ekologicznym. Wyk\u0142adowc\u0105, podczas spotkania, by\u0142a Pani Sylwia Tomczuk z RDLP , kt\u00f3ra przedstawi\u0142a temat &#8222;Polskie Domy Drewniane &#8211; \u017cyj w zgodzie z natur\u0105&#8221;. W swoim wyst\u0105pieniu zaznaczy\u0142a, \u017ce\u00a0<strong>Projekt Polskie Domy Drewniane jest dzia\u0142aniem rozwojowym PGL LP.<\/strong><\/p>\n<p><strong>Cele projektu:<\/strong><\/p>\n<ol>\n<li>Ograniczanie emisji CO<span style=\"font-size: 10px; height: 0px; line-height: 1; position: relative; vertical-align: baseline; top: 0.5ex;\">2<\/span>\u00a0poprzez szersze wykorzystanie drewna jako najbardziej pro-\u015brodowiskowego surowca budowlanego.<\/li>\n<li>Opracowanie i wdro\u017cenie standard\u00f3w technicznych dla energooszcz\u0119dnego budownictwa z drewna stosowanego w PGL LP .<\/li>\n<li>Ochrona dziedzictwa architektonicznego oraz zanikaj\u0105cych profesji zwi\u0105zanych z obr\u00f3bk\u0105 drewna poprzez wspieranie szkolnictwa zawodowego.<\/li>\n<li>Aktywne wspieranie innowacyjnych rozwi\u0105za\u0144 zwi\u0105zanych z wykorzystaniem drewna w budownictwie energooszcz\u0119dnym .<\/li>\n<li>Zwi\u0119kszenie ilo\u015bci inwestycji energooszcz\u0119dnych wykorzystuj\u0105cych drewno jako g\u0142\u00f3wny materia\u0142 budowlany.<\/li>\n<li>Obni\u017cenie zu\u017cycia energii w PGL LP.<\/li>\n<\/ol>\n<p>W czasie wyk\u0142adu mogli\u015bmy zapozna\u0107 si\u0119 z projektami budynk\u00f3w z drewna oraz zobaczy\u0107 pr\u00f3bki materia\u0142\u00f3w &#8211; prefabrykat\u00f3w do budowy takich dom\u00f3w.<\/p>\n<p>Dzi\u0119kujemy Pani Sylwii za ciekawy wyk\u0142ad.<a href=\"http:\/\/www.milosnicylasu.olsztyn.pl\/wp-content\/uploads\/2018\/02\/DSCN4742-www.jpg\" data-rel=\"lightbox-image-1\" data-magnific_type=\"image\" data-rl_title=\"\" data-rl_caption=\"\" title=\"\"><img loading=\"lazy\" decoding=\"async\" class=\"size-medium wp-image-3977 alignleft\" src=\"http:\/\/www.milosnicylasu.olsztyn.pl\/wp-content\/uploads\/2018\/02\/DSCN4742-www-300x225.jpg\" alt=\"\" width=\"300\" height=\"225\" srcset=\"https:\/\/www.milosnicylasu.olsztyn.pl\/wp-content\/uploads\/2018\/02\/DSCN4742-www-300x225.jpg 300w, https:\/\/www.milosnicylasu.olsztyn.pl\/wp-content\/uploads\/2018\/02\/DSCN4742-www-768x576.jpg 768w, https:\/\/www.milosnicylasu.olsztyn.pl\/wp-content\/uploads\/2018\/02\/DSCN4742-www.jpg 1024w, https:\/\/www.milosnicylasu.olsztyn.pl\/wp-content\/uploads\/2018\/02\/DSCN4742-www-400x300.jpg 400w\" sizes=\"auto, (max-width: 300px) 100vw, 300px\" \/><\/a><\/p>\n<p>W cz\u0119\u015bci organizacyjnej prezes Ko\u0142a Anatol Leszczy\u0144ski\u00a0 podzi\u0119kowa\u0142 cz\u0142onkom Ko\u0142a za aktywny udzia\u0142 w realizacj\u0119 planu pracy, wr\u0119czy\u0142 medale za zawody strzeleckie, przekaza\u0142 nagrody ksi\u0105\u017ckowe wygrane w przyrodniczym konkursie internetowym, kt\u00f3ry opracowa\u0142 i sponsorowa\u0142 .Adam Siemakowicz z RDLP w Olsztynie.<\/p>\n<p>Niespodziank\u0105 okaza\u0142a si\u0119 rze\u017aba, kt\u00f3r\u0105 wykona\u0142 i podarowa\u0142 Ryszard Chudziakiewicz naszemu koledze Antoniemu Jarczykowi. Gratulujemy talentu\u00a0 obu panom, bo przecie\u017c doskonale wiemy, \u017ce Antoni jest te\u017c cz\u0142owiekiem wielu talent\u00f3w : maluje, rze\u017abi, zajmuje si\u0119 metaloplastyk\u0105&#8230;&#8230;&#8230;&#8230;.<a href=\"http:\/\/www.milosnicylasu.olsztyn.pl\/wp-content\/uploads\/2018\/02\/DSCN4746-www.jpg\" data-rel=\"lightbox-image-2\" data-magnific_type=\"image\" data-rl_title=\"\" data-rl_caption=\"\" title=\"\"><br \/>\n<img loading=\"lazy\" decoding=\"async\" class=\"size-medium wp-image-3978 aligncenter\" src=\"http:\/\/www.milosnicylasu.olsztyn.pl\/wp-content\/uploads\/2018\/02\/DSCN4746-www-300x225.jpg\" alt=\"\" width=\"300\" height=\"225\" srcset=\"https:\/\/www.milosnicylasu.olsztyn.pl\/wp-content\/uploads\/2018\/02\/DSCN4746-www-300x225.jpg 300w, https:\/\/www.milosnicylasu.olsztyn.pl\/wp-content\/uploads\/2018\/02\/DSCN4746-www-768x576.jpg 768w, https:\/\/www.milosnicylasu.olsztyn.pl\/wp-content\/uploads\/2018\/02\/DSCN4746-www.jpg 1024w, https:\/\/www.milosnicylasu.olsztyn.pl\/wp-content\/uploads\/2018\/02\/DSCN4746-www-400x300.jpg 400w\" sizes=\"auto, (max-width: 300px) 100vw, 300px\" \/><\/a><\/p>\n","protected":false},"excerpt":{"rendered":"<p>1 lutego 2018 roku spotkali\u015bmy si\u0119 w RDLP w Olsztynie na kolejnym czwartku ekologicznym. Wyk\u0142adowc\u0105, podczas spotkania, by\u0142a Pani Sylwia Tomczuk z RDLP , kt\u00f3ra przedstawi\u0142a temat &#8222;Polskie Domy Drewniane &#8211; \u017cyj w zgodzie z natur\u0105&#8221;. W swoim wyst\u0105pieniu zaznaczy\u0142a, \u017ce\u00a0Projekt Polskie Domy Drewniane jest dzia\u0142aniem rozwojowym PGL LP. Cele projektu: Ograniczanie emisji CO2\u00a0poprzez szersze [&hellip;]<\/p>\n","protected":false},"author":2,"featured_media":0,"comment_status":"open","ping_status":"open","sticky":false,"template":"","format":"standard","meta":{"footnotes":""},"categories":[1,9,13,3],"tags":[],"class_list":["post-3975","post","type-post","status-publish","format-standard","hentry","category-bez-kategorii","category-ciekawostki","category-konkursy","category-zebrania"],"_links":{"self":[{"href":"https:\/\/www.milosnicylasu.olsztyn.pl\/index.php?rest_route=\/wp\/v2\/posts\/3975","targetHints":{"allow":["GET"]}}],"collection":[{"href":"https:\/\/www.milosnicylasu.olsztyn.pl\/index.php?rest_route=\/wp\/v2\/posts"}],"about":[{"href":"https:\/\/www.milosnicylasu.olsztyn.pl\/index.php?rest_route=\/wp\/v2\/types\/post"}],"author":[{"embeddable":true,"href":"https:\/\/www.milosnicylasu.olsztyn.pl\/index.php?rest_route=\/wp\/v2\/users\/2"}],"replies":[{"embeddable":true,"href":"https:\/\/www.milosnicylasu.olsztyn.pl\/index.php?rest_route=%2Fwp%2Fv2%2Fcomments&post=3975"}],"version-history":[{"count":4,"href":"https:\/\/www.milosnicylasu.olsztyn.pl\/index.php?rest_route=\/wp\/v2\/posts\/3975\/revisions"}],"predecessor-version":[{"id":3982,"href":"https:\/\/www.milosnicylasu.olsztyn.pl\/index.php?rest_route=\/wp\/v2\/posts\/3975\/revisions\/3982"}],"wp:attachment":[{"href":"https:\/\/www.milosnicylasu.olsztyn.pl\/index.php?rest_route=%2Fwp%2Fv2%2Fmedia&parent=3975"}],"wp:term":[{"taxonomy":"category","embeddable":true,"href":"https:\/\/www.milosnicylasu.olsztyn.pl\/index.php?rest_route=%2Fwp%2Fv2%2Fcategories&post=3975"},{"taxonomy":"post_tag","embeddable":true,"href":"https:\/\/www.milosnicylasu.olsztyn.pl\/index.php?rest_route=%2Fwp%2Fv2%2Ftags&post=3975"}],"curies":[{"name":"wp","href":"https:\/\/api.w.org\/{rel}","templated":true}]}}