{"id":3983,"date":"2018-02-12T08:19:36","date_gmt":"2018-02-12T07:19:36","guid":{"rendered":"http:\/\/www.milosnicylasu.olsztyn.pl\/?p=3983"},"modified":"2018-02-12T10:01:00","modified_gmt":"2018-02-12T09:01:00","slug":"sladami-krzysztofa-klenczona-w-szczytnie","status":"publish","type":"post","link":"https:\/\/www.milosnicylasu.olsztyn.pl\/?p=3983","title":{"rendered":"\u015aladami Krzysztofa Klenczona w Szczytnie"},"content":{"rendered":"<p>Kompozytor wielkich przeboj\u00f3w Czerwonych Gitar\u00a0<strong><em>Taka jak ty<\/em>,\u00a0<em>Historia jednej znajomo\u015bci<\/em>,\u00a0<em>Nikt na \u015bwiecie nie wie<\/em>, Bia\u0142y krzy\u017c, W<em>r\u00f3\u0107my na jeziora<\/em>,\u00a0<em>Gdy kiedy\u015b zn\u00f3w zawo\u0142am ci\u0119<\/em>,\u00a0<em>Kwiaty we w\u0142osach<\/em>,\u00a0<em>Powiedz stary gdzie\u015b ty by\u0142<\/em>,\u00a0<em>Jesie\u0144 idzie przez park<\/em>\u00a0<\/strong>i Trzech Koron:\u00a0<strong>10 w skali Beauforta, \u00a0<em>Port<\/em>,\u00a0<em>Czyja\u015b dziewczyna<\/em>,\u00a0<em>Natalie-pi\u0119kniejszy \u015bwiat<\/em>.<\/strong><\/p>\n<p>Krzysztof Klenczon urodzi\u0142 si\u0119 14 stycznia 1942 roku w Pu\u0142tusku.\u00a0 Z okazji rocznicy jego urodzin wyjechali\u015bmy 3 lutego 2018 roku do Szczytna, aby w\u0119druj\u0105c powspomina\u0107 artyst\u0119, pochodzi\u0107 uliczkami, kt\u00f3rymi chodzi\u0142 Krzysztof, zwiedzi\u0107 muzeum, podziwia\u0107 liczne figurki sympatycznych pafajdok\u00f3w\u00a0 b\u0119d\u0105cych usposobieniem humoru i m\u0105dro\u015bci ludowej.<\/p>\n<p>Na pocz\u0105tek naszej w\u0119dr\u00f3wki:\u00a0\u00a0<strong>Szczytno &#8211; pomnik 40-lecia PRL-<\/strong>u<a href=\"http:\/\/www.milosnicylasu.olsztyn.pl\/wp-content\/uploads\/2018\/02\/DSCN4749-www.jpg\" data-rel=\"lightbox-image-0\" data-magnific_type=\"image\" data-rl_title=\"\" data-rl_caption=\"\" title=\"\"><img loading=\"lazy\" decoding=\"async\" class=\"size-medium wp-image-3985 alignleft\" src=\"http:\/\/www.milosnicylasu.olsztyn.pl\/wp-content\/uploads\/2018\/02\/DSCN4749-www-300x225.jpg\" alt=\"\" width=\"300\" height=\"225\" srcset=\"https:\/\/www.milosnicylasu.olsztyn.pl\/wp-content\/uploads\/2018\/02\/DSCN4749-www-300x225.jpg 300w, https:\/\/www.milosnicylasu.olsztyn.pl\/wp-content\/uploads\/2018\/02\/DSCN4749-www-768x576.jpg 768w, https:\/\/www.milosnicylasu.olsztyn.pl\/wp-content\/uploads\/2018\/02\/DSCN4749-www.jpg 1024w, https:\/\/www.milosnicylasu.olsztyn.pl\/wp-content\/uploads\/2018\/02\/DSCN4749-www-400x300.jpg 400w\" sizes=\"auto, (max-width: 300px) 100vw, 300px\" \/><\/a><\/p>\n<p>. Pomnik upami\u0119tnia nie tylko czterdziest\u0105 rocznic\u0119 PRL-u ale r\u00f3wnie\u017c inne, najwa\u017cniejsze dla &#8222;polskiego&#8221; Szczytna wydarzenia. Pocz\u0105tek polskiego osadnictwa na Bartnej Stronie. Grunwald &#8211; 1410 r. W\u0142\u0105czenie Prus Ksi\u0105\u017c\u0119cych do Polski &#8211; 1525 r. Mazurski Zwi\u0105zek Ludowy &#8211; 1912 r. Plebiscyt z 1920 r. PKWN &#8211; 1944.&#8221;Wyzwolenie&#8221; Szczytna przez Armi\u0119 Czerwon\u0105 w 1945 r. W kamiennej ksi\u0119dze s\u0105siaduj\u0105 ze sob\u0105 nazwiska dzia\u0142aczy mazurskich i ich potencjalnych prze\u015bladowc\u00f3w, zabitych \u00a0w okresie powojennym milicjant\u00f3w<\/p>\n<p>&nbsp;<\/p>\n<table style=\"height: 713px;\" width=\"583\">\n<tbody>\n<tr>\n<td width=\"100%\"><strong>Muzeum Mazurskie w Szczytnie<\/strong> to muzeum regionalne, wielodzia\u0142owe, gromadz\u0105ce zbiory z regionu Mazur, ze szczeg\u00f3lnym uwzgl\u0119dnieniem terenu powiatu Szczytno i o\u015bciennych.<\/p>\n<p>W muzeum prowadzone s\u0105 dzia\u0142y: Archeologii, Zbior\u00f3w Artystyczno &#8211; Historycznych, Etnografii, Numizmat\u00f3w, Przyrody oraz Pomocy Naukowych. Zbiory kartograficzne.<\/p>\n<p>Ciekawe tez s\u0105 wystawy czasowe takie jak: Kultura ludowa Mazur\u00f3w. Uprawa roli i hodowla. Rybo\u0142\u00f3wstwo. Ciesielstwo. Gospodarstwo domowe. Tkactwo. Ceramika, Ludowe kafle mazurskie Meble i tkaniny mazurskie, Szczytno i okolice w przesz\u0142o\u015bci.<a href=\"http:\/\/www.milosnicylasu.olsztyn.pl\/wp-content\/uploads\/2018\/02\/DSCN4821-www.jpg\" data-rel=\"lightbox-image-1\" data-magnific_type=\"image\" data-rl_title=\"\" data-rl_caption=\"\" title=\"\"><img loading=\"lazy\" decoding=\"async\" class=\"size-medium wp-image-3990 alignleft\" src=\"http:\/\/www.milosnicylasu.olsztyn.pl\/wp-content\/uploads\/2018\/02\/DSCN4821-www-300x225.jpg\" alt=\"\" width=\"300\" height=\"225\" srcset=\"https:\/\/www.milosnicylasu.olsztyn.pl\/wp-content\/uploads\/2018\/02\/DSCN4821-www-300x225.jpg 300w, https:\/\/www.milosnicylasu.olsztyn.pl\/wp-content\/uploads\/2018\/02\/DSCN4821-www-768x576.jpg 768w, https:\/\/www.milosnicylasu.olsztyn.pl\/wp-content\/uploads\/2018\/02\/DSCN4821-www.jpg 1024w, https:\/\/www.milosnicylasu.olsztyn.pl\/wp-content\/uploads\/2018\/02\/DSCN4821-www-400x300.jpg 400w\" sizes=\"auto, (max-width: 300px) 100vw, 300px\" \/><\/a><\/p>\n<p>&nbsp;<\/p>\n<p>Id\u0105c z muzeum przeszli\u015bmy wzd\u0142u\u017c ruin zamku.<\/p>\n<p>&nbsp;<\/p>\n<p>&nbsp;<\/p>\n<p>&nbsp;<\/p>\n<p><strong>Szlakiem Mazurskich Pofajdok\u00f3w<\/strong><\/p>\n<p><a href=\"http:\/\/www.milosnicylasu.olsztyn.pl\/wp-content\/uploads\/2018\/02\/DSCN4834-www.jpg\" data-rel=\"lightbox-image-2\" data-magnific_type=\"image\" data-rl_title=\"\" data-rl_caption=\"\" title=\"\"><img loading=\"lazy\" decoding=\"async\" class=\"size-medium wp-image-3993 alignleft\" src=\"http:\/\/www.milosnicylasu.olsztyn.pl\/wp-content\/uploads\/2018\/02\/DSCN4834-www-300x225.jpg\" alt=\"\" width=\"300\" height=\"225\" srcset=\"https:\/\/www.milosnicylasu.olsztyn.pl\/wp-content\/uploads\/2018\/02\/DSCN4834-www-300x225.jpg 300w, https:\/\/www.milosnicylasu.olsztyn.pl\/wp-content\/uploads\/2018\/02\/DSCN4834-www-768x576.jpg 768w, https:\/\/www.milosnicylasu.olsztyn.pl\/wp-content\/uploads\/2018\/02\/DSCN4834-www.jpg 1024w, https:\/\/www.milosnicylasu.olsztyn.pl\/wp-content\/uploads\/2018\/02\/DSCN4834-www-400x300.jpg 400w\" sizes=\"auto, (max-width: 300px) 100vw, 300px\" \/><\/a><\/p>\n<p>&nbsp;<\/p>\n<p>&nbsp;<\/p>\n<p>&nbsp;<\/p>\n<p>&nbsp;<\/p>\n<p>Szukaj\u0105c kolejnych figurek przeszli\u015bmy sporo metr\u00f3w&#8230;. mo\u017ce kilka kilometr\u00f3w, ale by\u0142o warto zobaczy\u0107 Pofajdoka jad\u0105cego na \u015bwini,\u00a0 Rabusia na \u015bcianie banku, Rycerza, Drwala, Uciekiniera, Amora, Juranda, Znachora,Stra\u017caka, Biznesmena, Obie\u017cy\u015bwiata, Ornitologa.\u00a0<a href=\"http:\/\/www.milosnicylasu.olsztyn.pl\/wp-content\/uploads\/2018\/02\/DSCN4829-www.jpg\" data-rel=\"lightbox-image-3\" data-magnific_type=\"image\" data-rl_title=\"\" data-rl_caption=\"\" title=\"\"><img loading=\"lazy\" decoding=\"async\" class=\"size-medium wp-image-3992 alignright\" src=\"http:\/\/www.milosnicylasu.olsztyn.pl\/wp-content\/uploads\/2018\/02\/DSCN4829-www-300x225.jpg\" alt=\"\" width=\"300\" height=\"225\" srcset=\"https:\/\/www.milosnicylasu.olsztyn.pl\/wp-content\/uploads\/2018\/02\/DSCN4829-www-300x225.jpg 300w, https:\/\/www.milosnicylasu.olsztyn.pl\/wp-content\/uploads\/2018\/02\/DSCN4829-www-768x576.jpg 768w, https:\/\/www.milosnicylasu.olsztyn.pl\/wp-content\/uploads\/2018\/02\/DSCN4829-www.jpg 1024w, https:\/\/www.milosnicylasu.olsztyn.pl\/wp-content\/uploads\/2018\/02\/DSCN4829-www-400x300.jpg 400w\" sizes=\"auto, (max-width: 300px) 100vw, 300px\" \/><\/a><\/p>\n<p>&nbsp;<\/p>\n<p>&nbsp;<\/p>\n<p>&nbsp;<\/p>\n<p>&nbsp;<\/p>\n<p>&nbsp;<\/p>\n<p>&nbsp;<\/p>\n<p>Szczytno pami\u0119ta o Krzysztofie Klenczonie. Widzieli\u015bmy tablice, pomniki, park Krzysztofa Klenczona&#8230;&#8230;<a href=\"http:\/\/www.milosnicylasu.olsztyn.pl\/wp-content\/uploads\/2018\/02\/DSCN4589-www.jpg\" data-rel=\"lightbox-image-4\" data-magnific_type=\"image\" data-rl_title=\"\" data-rl_caption=\"\" title=\"\"><img loading=\"lazy\" decoding=\"async\" class=\"size-medium wp-image-3997 alignleft\" src=\"http:\/\/www.milosnicylasu.olsztyn.pl\/wp-content\/uploads\/2018\/02\/DSCN4589-www-300x225.jpg\" alt=\"\" width=\"300\" height=\"225\" srcset=\"https:\/\/www.milosnicylasu.olsztyn.pl\/wp-content\/uploads\/2018\/02\/DSCN4589-www-300x225.jpg 300w, https:\/\/www.milosnicylasu.olsztyn.pl\/wp-content\/uploads\/2018\/02\/DSCN4589-www-768x576.jpg 768w, https:\/\/www.milosnicylasu.olsztyn.pl\/wp-content\/uploads\/2018\/02\/DSCN4589-www.jpg 1024w, https:\/\/www.milosnicylasu.olsztyn.pl\/wp-content\/uploads\/2018\/02\/DSCN4589-www-400x300.jpg 400w\" sizes=\"auto, (max-width: 300px) 100vw, 300px\" \/><\/a><a href=\"http:\/\/www.milosnicylasu.olsztyn.pl\/wp-content\/uploads\/2018\/02\/DSCN4598-www.jpg\" data-rel=\"lightbox-image-5\" data-magnific_type=\"image\" data-rl_title=\"\" data-rl_caption=\"\" title=\"\"><img loading=\"lazy\" decoding=\"async\" class=\"size-medium wp-image-3996 alignright\" src=\"http:\/\/www.milosnicylasu.olsztyn.pl\/wp-content\/uploads\/2018\/02\/DSCN4598-www-300x225.jpg\" alt=\"\" width=\"300\" height=\"225\" srcset=\"https:\/\/www.milosnicylasu.olsztyn.pl\/wp-content\/uploads\/2018\/02\/DSCN4598-www-300x225.jpg 300w, https:\/\/www.milosnicylasu.olsztyn.pl\/wp-content\/uploads\/2018\/02\/DSCN4598-www-768x576.jpg 768w, https:\/\/www.milosnicylasu.olsztyn.pl\/wp-content\/uploads\/2018\/02\/DSCN4598-www.jpg 1024w, https:\/\/www.milosnicylasu.olsztyn.pl\/wp-content\/uploads\/2018\/02\/DSCN4598-www-400x300.jpg 400w\" sizes=\"auto, (max-width: 300px) 100vw, 300px\" \/><\/a><a href=\"http:\/\/www.milosnicylasu.olsztyn.pl\/wp-content\/uploads\/2018\/02\/DSCN4830-www.jpg\" data-rel=\"lightbox-image-6\" data-magnific_type=\"image\" data-rl_title=\"\" data-rl_caption=\"\" title=\"\"><img loading=\"lazy\" decoding=\"async\" class=\"size-medium wp-image-3991 alignleft\" src=\"http:\/\/www.milosnicylasu.olsztyn.pl\/wp-content\/uploads\/2018\/02\/DSCN4830-www-300x225.jpg\" alt=\"\" width=\"300\" height=\"225\" srcset=\"https:\/\/www.milosnicylasu.olsztyn.pl\/wp-content\/uploads\/2018\/02\/DSCN4830-www-300x225.jpg 300w, https:\/\/www.milosnicylasu.olsztyn.pl\/wp-content\/uploads\/2018\/02\/DSCN4830-www-768x576.jpg 768w, https:\/\/www.milosnicylasu.olsztyn.pl\/wp-content\/uploads\/2018\/02\/DSCN4830-www.jpg 1024w, https:\/\/www.milosnicylasu.olsztyn.pl\/wp-content\/uploads\/2018\/02\/DSCN4830-www-400x300.jpg 400w\" sizes=\"auto, (max-width: 300px) 100vw, 300px\" \/><\/a><\/p>\n<table width=\"540\">\n<tbody>\n<tr>\n<td width=\"100%\">Krzysztof Klenczon\u00a0 zmar\u0142 7 kwietnia 1981 w szpitalu \u015bw. J\u00f3zefa w Chicago. Urn\u0119 z prochami z\u0142o\u017cono 25 lipca 1981 na Cmentarzu Komunalnym przy ulicy Mazurskiej w Szczytnie.Tury\u015bci cz\u0119sto zagl\u0105daj\u0105 w ten zak\u0105tek miasta g\u0142\u00f3wnie ze wzgl\u0119du na miejsce poch\u00f3wku legendarnego gitarzysty i wokalisty ery big-beatu<strong>.\u00a0<\/strong><span style=\"font-family: inherit; font-size: inherit;\">My te\u017c tam byli\u015bmy.<a href=\"http:\/\/www.milosnicylasu.olsztyn.pl\/wp-content\/uploads\/2018\/02\/DSCN4826-www.jpg\" data-rel=\"lightbox-image-7\" data-magnific_type=\"image\" data-rl_title=\"\" data-rl_caption=\"\" title=\"\"><img loading=\"lazy\" decoding=\"async\" class=\"size-medium wp-image-3984 alignleft\" src=\"http:\/\/www.milosnicylasu.olsztyn.pl\/wp-content\/uploads\/2018\/02\/DSCN4826-www-300x225.jpg\" alt=\"\" width=\"300\" height=\"225\" srcset=\"https:\/\/www.milosnicylasu.olsztyn.pl\/wp-content\/uploads\/2018\/02\/DSCN4826-www-300x225.jpg 300w, https:\/\/www.milosnicylasu.olsztyn.pl\/wp-content\/uploads\/2018\/02\/DSCN4826-www-768x576.jpg 768w, https:\/\/www.milosnicylasu.olsztyn.pl\/wp-content\/uploads\/2018\/02\/DSCN4826-www.jpg 1024w, https:\/\/www.milosnicylasu.olsztyn.pl\/wp-content\/uploads\/2018\/02\/DSCN4826-www-400x300.jpg 400w\" sizes=\"auto, (max-width: 300px) 100vw, 300px\" \/><\/a><\/span><\/p>\n<p>Na cze\u015b\u0107 muzyka odbywaj\u0105 si\u0119 te\u017c co roku Dni i Noce Szczytna, na kt\u00f3rych g\u0142\u00f3wny koncert nosi imi\u0119 Krzysztofa Klenczona<\/p>\n<p>&nbsp;<\/p>\n<p>&nbsp;<\/p>\n<p>Organizatorami wycieczki byli Rysia Wiejek, Anatol Leszczy\u0144ski i J\u00f3zek Gazda. Dzi\u0119kujemy!<\/td>\n<\/tr>\n<\/tbody>\n<\/table>\n<\/td>\n<\/tr>\n<\/tbody>\n<\/table>\n<p>&nbsp;<\/p>\n<p>&nbsp;<\/p>\n<p>&nbsp;<\/p>\n","protected":false},"excerpt":{"rendered":"<p>Kompozytor wielkich przeboj\u00f3w Czerwonych Gitar\u00a0Taka jak ty,\u00a0Historia jednej znajomo\u015bci,\u00a0Nikt na \u015bwiecie nie wie, Bia\u0142y krzy\u017c, Wr\u00f3\u0107my na jeziora,\u00a0Gdy kiedy\u015b zn\u00f3w zawo\u0142am ci\u0119,\u00a0Kwiaty we w\u0142osach,\u00a0Powiedz stary gdzie\u015b ty by\u0142,\u00a0Jesie\u0144 idzie przez park\u00a0i Trzech Koron:\u00a010 w skali Beauforta, \u00a0Port,\u00a0Czyja\u015b dziewczyna,\u00a0Natalie-pi\u0119kniejszy \u015bwiat. Krzysztof Klenczon urodzi\u0142 si\u0119 14 stycznia 1942 roku w Pu\u0142tusku.\u00a0 Z okazji rocznicy jego urodzin wyjechali\u015bmy [&hellip;]<\/p>\n","protected":false},"author":2,"featured_media":0,"comment_status":"open","ping_status":"open","sticky":false,"template":"","format":"standard","meta":{"footnotes":""},"categories":[1,9,17,5],"tags":[],"class_list":["post-3983","post","type-post","status-publish","format-standard","hentry","category-bez-kategorii","category-ciekawostki","category-edukacja-w-terenie","category-wycieczki"],"_links":{"self":[{"href":"https:\/\/www.milosnicylasu.olsztyn.pl\/index.php?rest_route=\/wp\/v2\/posts\/3983","targetHints":{"allow":["GET"]}}],"collection":[{"href":"https:\/\/www.milosnicylasu.olsztyn.pl\/index.php?rest_route=\/wp\/v2\/posts"}],"about":[{"href":"https:\/\/www.milosnicylasu.olsztyn.pl\/index.php?rest_route=\/wp\/v2\/types\/post"}],"author":[{"embeddable":true,"href":"https:\/\/www.milosnicylasu.olsztyn.pl\/index.php?rest_route=\/wp\/v2\/users\/2"}],"replies":[{"embeddable":true,"href":"https:\/\/www.milosnicylasu.olsztyn.pl\/index.php?rest_route=%2Fwp%2Fv2%2Fcomments&post=3983"}],"version-history":[{"count":9,"href":"https:\/\/www.milosnicylasu.olsztyn.pl\/index.php?rest_route=\/wp\/v2\/posts\/3983\/revisions"}],"predecessor-version":[{"id":4000,"href":"https:\/\/www.milosnicylasu.olsztyn.pl\/index.php?rest_route=\/wp\/v2\/posts\/3983\/revisions\/4000"}],"wp:attachment":[{"href":"https:\/\/www.milosnicylasu.olsztyn.pl\/index.php?rest_route=%2Fwp%2Fv2%2Fmedia&parent=3983"}],"wp:term":[{"taxonomy":"category","embeddable":true,"href":"https:\/\/www.milosnicylasu.olsztyn.pl\/index.php?rest_route=%2Fwp%2Fv2%2Fcategories&post=3983"},{"taxonomy":"post_tag","embeddable":true,"href":"https:\/\/www.milosnicylasu.olsztyn.pl\/index.php?rest_route=%2Fwp%2Fv2%2Ftags&post=3983"}],"curies":[{"name":"wp","href":"https:\/\/api.w.org\/{rel}","templated":true}]}}