{"id":4002,"date":"2018-02-21T08:52:56","date_gmt":"2018-02-21T07:52:56","guid":{"rendered":"http:\/\/www.milosnicylasu.olsztyn.pl\/?p=4002"},"modified":"2018-02-21T09:07:00","modified_gmt":"2018-02-21T08:07:00","slug":"walentynki","status":"publish","type":"post","link":"https:\/\/www.milosnicylasu.olsztyn.pl\/?p=4002","title":{"rendered":"Walentynki"},"content":{"rendered":"<p><a href=\"http:\/\/www.milosnicylasu.olsztyn.pl\/wp-content\/uploads\/2018\/02\/DSCN4936-www.jpg\" data-rel=\"lightbox-image-0\" data-magnific_type=\"image\" data-rl_title=\"\" data-rl_caption=\"\" title=\"\"><img loading=\"lazy\" decoding=\"async\" class=\"size-medium wp-image-4003 alignleft\" src=\"http:\/\/www.milosnicylasu.olsztyn.pl\/wp-content\/uploads\/2018\/02\/DSCN4936-www-300x225.jpg\" alt=\"\" width=\"300\" height=\"225\" srcset=\"https:\/\/www.milosnicylasu.olsztyn.pl\/wp-content\/uploads\/2018\/02\/DSCN4936-www-300x225.jpg 300w, https:\/\/www.milosnicylasu.olsztyn.pl\/wp-content\/uploads\/2018\/02\/DSCN4936-www-768x576.jpg 768w, https:\/\/www.milosnicylasu.olsztyn.pl\/wp-content\/uploads\/2018\/02\/DSCN4936-www.jpg 1024w, https:\/\/www.milosnicylasu.olsztyn.pl\/wp-content\/uploads\/2018\/02\/DSCN4936-www-400x300.jpg 400w\" sizes=\"auto, (max-width: 300px) 100vw, 300px\" \/><\/a><\/p>\n<p>&nbsp;<\/p>\n<p>17 lutego, kilka dni po oficjalnej dacie &#8222;Walentynek&#8221;, Rysia i Micha\u0142 K\u0142\u0119bukowscy zaprosili nas na obchody tego \u015bwi\u0119ta do Kojrysa w Redykajnach. I by\u0142o wspaniale!<\/p>\n<p><a href=\"http:\/\/www.milosnicylasu.olsztyn.pl\/wp-content\/uploads\/2018\/02\/DSCN4870-www.jpg\" data-rel=\"lightbox-image-1\" data-magnific_type=\"image\" data-rl_title=\"\" data-rl_caption=\"\" title=\"\"><img loading=\"lazy\" decoding=\"async\" class=\"size-medium wp-image-4004 alignright\" src=\"http:\/\/www.milosnicylasu.olsztyn.pl\/wp-content\/uploads\/2018\/02\/DSCN4870-www-300x225.jpg\" alt=\"\" width=\"300\" height=\"225\" srcset=\"https:\/\/www.milosnicylasu.olsztyn.pl\/wp-content\/uploads\/2018\/02\/DSCN4870-www-300x225.jpg 300w, https:\/\/www.milosnicylasu.olsztyn.pl\/wp-content\/uploads\/2018\/02\/DSCN4870-www-768x576.jpg 768w, https:\/\/www.milosnicylasu.olsztyn.pl\/wp-content\/uploads\/2018\/02\/DSCN4870-www.jpg 1024w, https:\/\/www.milosnicylasu.olsztyn.pl\/wp-content\/uploads\/2018\/02\/DSCN4870-www-400x300.jpg 400w\" sizes=\"auto, (max-width: 300px) 100vw, 300px\" \/><\/a><a href=\"http:\/\/www.milosnicylasu.olsztyn.pl\/wp-content\/uploads\/2018\/02\/DSCN4880-www.jpg\" data-rel=\"lightbox-image-2\" data-magnific_type=\"image\" data-rl_title=\"\" data-rl_caption=\"\" title=\"\"><img loading=\"lazy\" decoding=\"async\" class=\"size-medium wp-image-4007 alignleft\" src=\"http:\/\/www.milosnicylasu.olsztyn.pl\/wp-content\/uploads\/2018\/02\/DSCN4880-www-300x225.jpg\" alt=\"\" width=\"300\" height=\"225\" srcset=\"https:\/\/www.milosnicylasu.olsztyn.pl\/wp-content\/uploads\/2018\/02\/DSCN4880-www-300x225.jpg 300w, https:\/\/www.milosnicylasu.olsztyn.pl\/wp-content\/uploads\/2018\/02\/DSCN4880-www-768x576.jpg 768w, https:\/\/www.milosnicylasu.olsztyn.pl\/wp-content\/uploads\/2018\/02\/DSCN4880-www.jpg 1024w, https:\/\/www.milosnicylasu.olsztyn.pl\/wp-content\/uploads\/2018\/02\/DSCN4880-www-400x300.jpg 400w\" sizes=\"auto, (max-width: 300px) 100vw, 300px\" \/><\/a>Najpierw przeja\u017cd\u017cka furami, wy\u015bcie\u0142anymi owczymi sk\u00f3rami, potem przywitanie r\u00f3\u017can\u0105 nalewk\u0105, biesiada, w czasie kt\u00f3rej serwowano kie\u0142baski, kt\u00f3re piekli\u015bmy na ognisku, wspania\u0142e domowe przysmaki: smalec, chleb, kiszone og\u00f3rki, no i muzyka na \u017cywo.<\/p>\n<p>Fajnie, na ludowo ubrani cz\u0142onkowie zespo\u0142u grali, \u015bpiewali i\u00a0 proponowali ciekawe zabawy przy muzyce.<\/p>\n<p>Na koniec by\u0142a te\u017c inna wielka atrakcja. Rysia i Micha\u0142 przygotowali kolorowe karteczki &#8211; panie ci\u0105gn\u0119\u0142y czerwone, panowie niebieskie. Na karteczkach by\u0142y imiona bohater\u00f3w znanych os\u00f3b\u00a0 z historii i literatury. w ten spos\u00f3b po\u0142\u0105czy\u0142y si\u0119 pary np. Napoleona i Marysie\u0144ki. W \u015brodku kartek by\u0142y \u017cartobliwe wzajemne wyznania mi\u0142osne, kt\u00f3re odczyta\u0142y osoby po\u0142\u0105czone w trakcie losowania. By\u0142o bardzo weso\u0142o, tym bardziej, \u017ce cz\u0119\u015b\u0107 os\u00f3b dodawa\u0142a co\u015b od siebie, a Zdzisia Biernatowska nawet od\u015bpiewa\u0142a stosown\u0105 na te okoliczno\u015b\u0107 piosenk\u0119.<\/p>\n<p><a href=\"http:\/\/www.milosnicylasu.olsztyn.pl\/wp-content\/uploads\/2018\/02\/DSCN4892-www.jpg\" data-rel=\"lightbox-image-3\" data-magnific_type=\"image\" data-rl_title=\"\" data-rl_caption=\"\" title=\"\"><img loading=\"lazy\" decoding=\"async\" class=\"size-medium wp-image-4005 alignleft\" src=\"http:\/\/www.milosnicylasu.olsztyn.pl\/wp-content\/uploads\/2018\/02\/DSCN4892-www-300x225.jpg\" alt=\"\" width=\"300\" height=\"225\" srcset=\"https:\/\/www.milosnicylasu.olsztyn.pl\/wp-content\/uploads\/2018\/02\/DSCN4892-www-300x225.jpg 300w, https:\/\/www.milosnicylasu.olsztyn.pl\/wp-content\/uploads\/2018\/02\/DSCN4892-www-768x576.jpg 768w, https:\/\/www.milosnicylasu.olsztyn.pl\/wp-content\/uploads\/2018\/02\/DSCN4892-www.jpg 1024w, https:\/\/www.milosnicylasu.olsztyn.pl\/wp-content\/uploads\/2018\/02\/DSCN4892-www-400x300.jpg 400w\" sizes=\"auto, (max-width: 300px) 100vw, 300px\" \/><\/a><\/p>\n<p>&nbsp;<\/p>\n<p>W czasie imprezy zapraszano nas na przeja\u017cd\u017cki konne, ale tym razem z naszego grona chyba nie by\u0142o ch\u0119tnych. Mo\u017ce nast\u0119pnym razem. Rysia i Micha\u0142 ju\u017c obiecuj\u0119 imprez\u0119 za rok. Za ju\u017c dzi\u0119kujemy i oczywi\u015bcie piszemy si\u0119 na Walentynki w 2019 roku.<\/p>\n","protected":false},"excerpt":{"rendered":"<p>&nbsp; 17 lutego, kilka dni po oficjalnej dacie &#8222;Walentynek&#8221;, Rysia i Micha\u0142 K\u0142\u0119bukowscy zaprosili nas na obchody tego \u015bwi\u0119ta do Kojrysa w Redykajnach. I by\u0142o wspaniale! Najpierw przeja\u017cd\u017cka furami, wy\u015bcie\u0142anymi owczymi sk\u00f3rami, potem przywitanie r\u00f3\u017can\u0105 nalewk\u0105, biesiada, w czasie kt\u00f3rej serwowano kie\u0142baski, kt\u00f3re piekli\u015bmy na ognisku, wspania\u0142e domowe przysmaki: smalec, chleb, kiszone og\u00f3rki, no i [&hellip;]<\/p>\n","protected":false},"author":2,"featured_media":0,"comment_status":"open","ping_status":"open","sticky":false,"template":"","format":"standard","meta":{"footnotes":""},"categories":[1,9,11,5],"tags":[],"class_list":["post-4002","post","type-post","status-publish","format-standard","hentry","category-bez-kategorii","category-ciekawostki","category-spotkania-artystyczne","category-wycieczki"],"_links":{"self":[{"href":"https:\/\/www.milosnicylasu.olsztyn.pl\/index.php?rest_route=\/wp\/v2\/posts\/4002","targetHints":{"allow":["GET"]}}],"collection":[{"href":"https:\/\/www.milosnicylasu.olsztyn.pl\/index.php?rest_route=\/wp\/v2\/posts"}],"about":[{"href":"https:\/\/www.milosnicylasu.olsztyn.pl\/index.php?rest_route=\/wp\/v2\/types\/post"}],"author":[{"embeddable":true,"href":"https:\/\/www.milosnicylasu.olsztyn.pl\/index.php?rest_route=\/wp\/v2\/users\/2"}],"replies":[{"embeddable":true,"href":"https:\/\/www.milosnicylasu.olsztyn.pl\/index.php?rest_route=%2Fwp%2Fv2%2Fcomments&post=4002"}],"version-history":[{"count":5,"href":"https:\/\/www.milosnicylasu.olsztyn.pl\/index.php?rest_route=\/wp\/v2\/posts\/4002\/revisions"}],"predecessor-version":[{"id":4011,"href":"https:\/\/www.milosnicylasu.olsztyn.pl\/index.php?rest_route=\/wp\/v2\/posts\/4002\/revisions\/4011"}],"wp:attachment":[{"href":"https:\/\/www.milosnicylasu.olsztyn.pl\/index.php?rest_route=%2Fwp%2Fv2%2Fmedia&parent=4002"}],"wp:term":[{"taxonomy":"category","embeddable":true,"href":"https:\/\/www.milosnicylasu.olsztyn.pl\/index.php?rest_route=%2Fwp%2Fv2%2Fcategories&post=4002"},{"taxonomy":"post_tag","embeddable":true,"href":"https:\/\/www.milosnicylasu.olsztyn.pl\/index.php?rest_route=%2Fwp%2Fv2%2Ftags&post=4002"}],"curies":[{"name":"wp","href":"https:\/\/api.w.org\/{rel}","templated":true}]}}