{"id":4013,"date":"2018-03-04T10:43:06","date_gmt":"2018-03-04T09:43:06","guid":{"rendered":"http:\/\/www.milosnicylasu.olsztyn.pl\/?p=4013"},"modified":"2018-03-04T12:38:53","modified_gmt":"2018-03-04T11:38:53","slug":"walentynkowe-zawody-strzeleckie","status":"publish","type":"post","link":"https:\/\/www.milosnicylasu.olsztyn.pl\/?p=4013","title":{"rendered":"Walentynkowe zawody strzeleckie"},"content":{"rendered":"<p>19 lutego 2018 r.\u00a0 na strzelnicy sportowej\u00a0 LOK przy ulicy Westerplatte w Olsztynie, odby\u0142y si\u0119 \u201eWalentynkowe Zawody Strzeleckie\u201d.<\/p>\n<p>Najlepsz\u0105 zawodniczk\u0105 w tych zawodach by\u0142a\u00a0\u00a0Ewa,Rakowska,\u00a0 kt\u00f3ra osi\u0105gn\u0119\u0142a\u00a0 a\u017c 47 pkt. Nieco gorzej strzela\u0142a\u00a0 Teresa Milczarska\u00a0 \u00a0&#8211; 25 pkt.<\/p>\n<p>A najlepszym strzelcem tego dnia by\u0142 prezes Ko\u0142a Anatol Leszczy\u0144ski \/ 47 pkt\/, Ryszard Chudziakiewicz osi\u0105gn\u0105\u0142 41 pkt, a Czes\u0142aw Rakowski 40 pkt.<\/p>\n<p>S\u0119dzi\u0105 g\u0142\u00f3wnym zawod\u00f3w by\u0142 J\u00f3zef\u00a0 Gazda, a przebieg ca\u0142ej imprezy nadzorowa\u0142 Dyrektor Zarz\u0105du Warmi\u0144sko\u2013Mazurskiego LOK Pan Andrzej Zuba, kt\u00f3ry by\u0142 sponsorem drobnych upomink\u00f3w dla uczestnik\u00f3w zawod\u00f3w.<\/p>\n<p>Dzi\u0119kujemy organizatorom i\u00a0 gratulujemy zwyci\u0119zcom !<\/p>\n<p>W imieniu Zarz\u0105du Ko\u0142a gor\u0105co zapraszamy do brania udzia\u0142u w poniedzia\u0142kowych treningach\u00a0 i zawodach, zgodnie z planem pracy Ko\u0142a na 2018 r.<\/p>\n<div id=\"jsn-page\">\n<div id=\"jsn-body\">\n<div id=\"jsn-content\">\n<div id=\"jsn-content_inner\" class=\"row-fluid\">\n<div id=\"jsn-maincontent\" class=\"span12 order1 row-fluid\">\n<div id=\"jsn-maincontent_inner\">\n<div id=\"jsn-centercol\" class=\"span12 order1 \">\n<div id=\"jsn-centercol_inner\">\n<div id=\"jsn-mainbody-content\" class=\" jsn-hasmainbody\">\n<div id=\"jsn-mainbody\">\n<div class=\"item-page\">\n<div>\n<p>Strzelectwo sportowe jest dyscyplin\u0105 sportu dla wszystkich. Zapraszamy cz\u0142onk\u00f3w Ko\u0142a a tak\u017ce ich rodziny. Wsp\u00f3lne sp\u0119dzenie czasu \u00a0pozytywnie wp\u0142ywa na integracj\u0119 oraz umacnianie wi\u0119zi rodzinnych.<\/p>\n<p>Podczas strzelania uczestnicy nabieraj\u0105 umiej\u0119tno\u015bci koncentracji, panowania nad swoimi emocjami, wzmacniaj\u0105 charakter, dyscyplin\u0119 i poczucie pewno\u015bci siebie. Ucz\u0105 si\u0119 odpowiedzialno\u015bci i bezpiecze\u0144stwa w pos\u0142ugiwaniu si\u0119 broni\u0105 i odpowiedniego zachowania na strzelnicy.<\/p>\n<\/div>\n<\/div>\n<\/div>\n<\/div>\n<\/div>\n<\/div>\n<\/div>\n<\/div>\n<\/div>\n<\/div>\n<\/div>\n<\/div>\n","protected":false},"excerpt":{"rendered":"<p>19 lutego 2018 r.\u00a0 na strzelnicy sportowej\u00a0 LOK przy ulicy Westerplatte w Olsztynie, odby\u0142y si\u0119 \u201eWalentynkowe Zawody Strzeleckie\u201d. Najlepsz\u0105 zawodniczk\u0105 w tych zawodach by\u0142a\u00a0\u00a0Ewa,Rakowska,\u00a0 kt\u00f3ra osi\u0105gn\u0119\u0142a\u00a0 a\u017c 47 pkt. Nieco gorzej strzela\u0142a\u00a0 Teresa Milczarska\u00a0 \u00a0&#8211; 25 pkt. A najlepszym strzelcem tego dnia by\u0142 prezes Ko\u0142a Anatol Leszczy\u0144ski \/ 47 pkt\/, Ryszard Chudziakiewicz osi\u0105gn\u0105\u0142 41 pkt, [&hellip;]<\/p>\n","protected":false},"author":2,"featured_media":0,"comment_status":"open","ping_status":"open","sticky":false,"template":"","format":"standard","meta":{"footnotes":""},"categories":[1,9,15,8],"tags":[],"class_list":["post-4013","post","type-post","status-publish","format-standard","hentry","category-bez-kategorii","category-ciekawostki","category-komkurs","category-zawody-strzeleckie"],"_links":{"self":[{"href":"https:\/\/www.milosnicylasu.olsztyn.pl\/index.php?rest_route=\/wp\/v2\/posts\/4013","targetHints":{"allow":["GET"]}}],"collection":[{"href":"https:\/\/www.milosnicylasu.olsztyn.pl\/index.php?rest_route=\/wp\/v2\/posts"}],"about":[{"href":"https:\/\/www.milosnicylasu.olsztyn.pl\/index.php?rest_route=\/wp\/v2\/types\/post"}],"author":[{"embeddable":true,"href":"https:\/\/www.milosnicylasu.olsztyn.pl\/index.php?rest_route=\/wp\/v2\/users\/2"}],"replies":[{"embeddable":true,"href":"https:\/\/www.milosnicylasu.olsztyn.pl\/index.php?rest_route=%2Fwp%2Fv2%2Fcomments&post=4013"}],"version-history":[{"count":2,"href":"https:\/\/www.milosnicylasu.olsztyn.pl\/index.php?rest_route=\/wp\/v2\/posts\/4013\/revisions"}],"predecessor-version":[{"id":4015,"href":"https:\/\/www.milosnicylasu.olsztyn.pl\/index.php?rest_route=\/wp\/v2\/posts\/4013\/revisions\/4015"}],"wp:attachment":[{"href":"https:\/\/www.milosnicylasu.olsztyn.pl\/index.php?rest_route=%2Fwp%2Fv2%2Fmedia&parent=4013"}],"wp:term":[{"taxonomy":"category","embeddable":true,"href":"https:\/\/www.milosnicylasu.olsztyn.pl\/index.php?rest_route=%2Fwp%2Fv2%2Fcategories&post=4013"},{"taxonomy":"post_tag","embeddable":true,"href":"https:\/\/www.milosnicylasu.olsztyn.pl\/index.php?rest_route=%2Fwp%2Fv2%2Ftags&post=4013"}],"curies":[{"name":"wp","href":"https:\/\/api.w.org\/{rel}","templated":true}]}}