{"id":4016,"date":"2018-03-04T12:36:01","date_gmt":"2018-03-04T11:36:01","guid":{"rendered":"http:\/\/www.milosnicylasu.olsztyn.pl\/?p=4016"},"modified":"2018-03-04T12:36:01","modified_gmt":"2018-03-04T11:36:01","slug":"o-brudnicy-mniszce-medale-i-podziekowania-swiateczna-wystawa","status":"publish","type":"post","link":"https:\/\/www.milosnicylasu.olsztyn.pl\/?p=4016","title":{"rendered":"O brudnicy mniszce,  medale i podzi\u0119kowania, \u015bwi\u0105teczna wystawa."},"content":{"rendered":"<p><a href=\"http:\/\/www.milosnicylasu.olsztyn.pl\/wp-content\/uploads\/2018\/03\/DSCN4949-www.jpg\" data-rel=\"lightbox-image-0\" data-magnific_type=\"image\" data-rl_title=\"\" data-rl_caption=\"\" title=\"\"><img loading=\"lazy\" decoding=\"async\" class=\"size-medium wp-image-4017 alignleft\" src=\"http:\/\/www.milosnicylasu.olsztyn.pl\/wp-content\/uploads\/2018\/03\/DSCN4949-www-300x225.jpg\" alt=\"\" width=\"300\" height=\"225\" srcset=\"https:\/\/www.milosnicylasu.olsztyn.pl\/wp-content\/uploads\/2018\/03\/DSCN4949-www-300x225.jpg 300w, https:\/\/www.milosnicylasu.olsztyn.pl\/wp-content\/uploads\/2018\/03\/DSCN4949-www-768x576.jpg 768w, https:\/\/www.milosnicylasu.olsztyn.pl\/wp-content\/uploads\/2018\/03\/DSCN4949-www.jpg 1024w, https:\/\/www.milosnicylasu.olsztyn.pl\/wp-content\/uploads\/2018\/03\/DSCN4949-www-400x300.jpg 400w\" sizes=\"auto, (max-width: 300px) 100vw, 300px\" \/><\/a>Tradycyjnie, jak w ka\u017cdy pierwszy czwartek miesi\u0105ca &#8211; 1 marca 2018 roku spotkali\u015bmy si\u0119 w RDLP w Olsztynie.\u00a0 Prowadz\u0105cym ekologicznego czwartku by\u0142 Pan Rafa\u0142 Zagroba, pracownik Zespo\u0142u Ochrony Lasu. A temat wyk\u0142adu by\u0142 bardzo ciekawy. Pan Rafa\u0142 opowiedzia\u0142 nam o brudnicy mniszce &#8211; wielkiej szkodnicy las\u00f3w.<\/p>\n<p>Dowiedzieli\u015bmy si\u0119, m.in.\u017ce<\/p>\n<p>brudnica mniszka \u2013\u00a0\u00a0to motyl znany na terenie Polski mo\u017cna powiedzie\u0107 od stuleci. Brudnica mniszka wyst\u0119puje w ca\u0142ej Europie, najwi\u0119ksze szkody powoduje jednak w Europie \u015brodkowej \u2013 w Polsce, Niemczech, Czechach, Austrii, Rumunii, Bia\u0142orusi i Ukrainie. Spotykana jest do wysoko\u015bci ok. 700 m n.p.m. Jedna g\u0105sienica potrafi podczas swojego \u017cycia uszkodzi\u0107 300 igie\u0142 sosny lub nawet 1000 igie\u0142 \u015bwierka, a kiedy s\u0105 ich miliony\u2026 G\u0105sienice potrafi\u0105 w skrajnych przypadkach pozostawi\u0107 po sobie go\u0142o\u017cery, czyli drzewa pozbawione ca\u0142kowicie igie\u0142, kt\u00f3re maj\u0105 znikome szanse na prze\u017cycie. W pozosta\u0142ych przypadkach podczas gradacji powoduj\u0105 masowe usychanie drzew, a tym samym ich \u015bmier\u0107 biologiczn\u0105.\u00a0 \u00a0Brudnica jest polifagiem, tzn. mo\u017ce \u017cerowa\u0107 na wielu gatunkach, ale generalnie skupia si\u0119 na so\u015bnie i \u015bwierku, tam powoduj\u0105c najwi\u0119ksze straty.<\/p>\n<p>Jak monitorujemy ilo\u015b\u0107 brudnicy mniszki? W \u201enormalnych&#8221; warunkach, czyli wtedy, gdy nic nie wskazuje na zagro\u017cenie ze strony motyli, od 1 lipca ka\u017cdego roku obserwujemy pu\u0142apki feromonowe. Pu\u0142apki te wydzielaj\u0105 zapach niezap\u0142odnionej samicy, \u015bci\u0105gaj\u0105cy motyle samc\u00f3w. Na podstawie ich ilo\u015bci badanej co 2- 3 dni, jeste\u015bmy w stanie okre\u015bli\u0107 do\u015b\u0107 dok\u0142adnie, kiedy nast\u0119puje kulminacja r\u00f3jki. Wtedy przechodzimy nasze lasy i metod\u0105 tzw. transektu wyznaczamy ogniska wyst\u0119powania \u2013 tym razem samic brudnicy. Na podstawie powy\u017cszych danych Zak\u0142ad Ochrony Lasu okre\u015bla ewentualne zagro\u017cenie ze strony motyla. Je\u015bli takie wyst\u0119puje, w okresie zim owym szukamy z\u0142o\u017cy jaj mniszki, aby w ZOL mo\u017cna by\u0142o okre\u015bli\u0107 ich zdrowotno\u015b\u0107. P\u00f3\u017aniej na podstawie obserwacji wyst\u0119powania \u201elusterek&#8221; okre\u015blamy dok\u0142adny termin wyl\u0119gu g\u0105sienic. Nast\u0119pny etap, to \u015bcinka drzew na p\u0142acht\u0119 \u2013 celem okre\u015blenia fizycznej ilo\u015bci g\u0105sienic brudnicy \u017ceruj\u0105cych na jednym drzewie w interesuj\u0105cym nas oddziale. P\u00f3\u017aniej ju\u017c tylko trzeba czeka\u0107 na wyniki i decyzje dotycz\u0105ce ewentualnego oprysku zwalczaj\u0105cego.<\/p>\n<p>Czym w\u0142a\u015bciwie jest ten oprysk? Wbrew powszechnemu mniemaniu, nie pryskamy las\u00f3w jakimi\u015b toksycznymi \u015brodkami chemicznymi. Do oprysk\u00f3w na brudnic\u0119 mniszk\u0119 stosujemy Foray \u2013 \u015brodek zawieraj\u0105cy bakterie Bacillus thuringensis oraz Dimilin \u2013insektycyd czyli \u015brodek zwalczaj\u0105cy g\u0105sienice mniszki, nie stanowi\u0105cy zagro\u017cenia dla pozosta\u0142ych organizm\u00f3w \u017cywych w lesie.<\/p>\n<p>Dzi\u0119kujemy za bardzo ciekawy wyk\u0142ad. Mamy nadziej\u0119 na kolejne wyk\u0142ady Pana Rafa\u0142a.<\/p>\n<p><a href=\"http:\/\/www.milosnicylasu.olsztyn.pl\/wp-content\/uploads\/2018\/03\/DSCN4951-www.jpg\" data-rel=\"lightbox-image-1\" data-magnific_type=\"image\" data-rl_title=\"\" data-rl_caption=\"\" title=\"\"><img loading=\"lazy\" decoding=\"async\" class=\"size-medium wp-image-4018 alignright\" src=\"http:\/\/www.milosnicylasu.olsztyn.pl\/wp-content\/uploads\/2018\/03\/DSCN4951-www-300x225.jpg\" alt=\"\" width=\"300\" height=\"225\" srcset=\"https:\/\/www.milosnicylasu.olsztyn.pl\/wp-content\/uploads\/2018\/03\/DSCN4951-www-300x225.jpg 300w, https:\/\/www.milosnicylasu.olsztyn.pl\/wp-content\/uploads\/2018\/03\/DSCN4951-www-768x576.jpg 768w, https:\/\/www.milosnicylasu.olsztyn.pl\/wp-content\/uploads\/2018\/03\/DSCN4951-www.jpg 1024w, https:\/\/www.milosnicylasu.olsztyn.pl\/wp-content\/uploads\/2018\/03\/DSCN4951-www-400x300.jpg 400w\" sizes=\"auto, (max-width: 300px) 100vw, 300px\" \/><\/a>W cz\u0119\u015bci organizacyjnej spotkania wr\u0119czone zosta\u0142y medale zdobyte w &#8222;Walentynkowych Zawodach Strzeleckich&#8221;, przeprowadzono losowanie nagr\u00f3d z konkursu o Krzysztofie Klenczonie i podzi\u0119kowano Rysi i Micha\u0142owi K\u0142\u0119bukowskim za \u015bwietne zorganizowanie &#8221; Walentynek&#8221;.<\/p>\n<p>&nbsp;<\/p>\n<p><a href=\"http:\/\/www.milosnicylasu.olsztyn.pl\/wp-content\/uploads\/2018\/03\/DSCN4946-www.jpg\" data-rel=\"lightbox-image-2\" data-magnific_type=\"image\" data-rl_title=\"\" data-rl_caption=\"\" title=\"\"><img loading=\"lazy\" decoding=\"async\" class=\"size-medium wp-image-4019 alignleft\" src=\"http:\/\/www.milosnicylasu.olsztyn.pl\/wp-content\/uploads\/2018\/03\/DSCN4946-www-300x225.jpg\" alt=\"\" width=\"300\" height=\"225\" srcset=\"https:\/\/www.milosnicylasu.olsztyn.pl\/wp-content\/uploads\/2018\/03\/DSCN4946-www-300x225.jpg 300w, https:\/\/www.milosnicylasu.olsztyn.pl\/wp-content\/uploads\/2018\/03\/DSCN4946-www-768x576.jpg 768w, https:\/\/www.milosnicylasu.olsztyn.pl\/wp-content\/uploads\/2018\/03\/DSCN4946-www.jpg 1024w, https:\/\/www.milosnicylasu.olsztyn.pl\/wp-content\/uploads\/2018\/03\/DSCN4946-www-400x300.jpg 400w\" sizes=\"auto, (max-width: 300px) 100vw, 300px\" \/><\/a>1 marca 2018 roku cz\u0142onkinie sekcji r\u0119kodzie\u0142a Wiesia Filipek, Jasia Kluczek, Krystyna Leszczy\u0144ska i Bo\u017cenka B\u0142aszczuk zorganizowa\u0142y wystaw\u0119 \u015bwi\u0105teczn\u0105, na kt\u00f3rej\u00a0 prezentowa\u0142y jajeczka, zaj\u0105czki, poczt\u00f3wki&#8230;&#8230;.By\u0142o kolorowo. Zapachnia\u0142o Wielkanoc\u0105.<\/p>\n<p>&nbsp;<\/p>\n","protected":false},"excerpt":{"rendered":"<p>Tradycyjnie, jak w ka\u017cdy pierwszy czwartek miesi\u0105ca &#8211; 1 marca 2018 roku spotkali\u015bmy si\u0119 w RDLP w Olsztynie.\u00a0 Prowadz\u0105cym ekologicznego czwartku by\u0142 Pan Rafa\u0142 Zagroba, pracownik Zespo\u0142u Ochrony Lasu. A temat wyk\u0142adu by\u0142 bardzo ciekawy. Pan Rafa\u0142 opowiedzia\u0142 nam o brudnicy mniszce &#8211; wielkiej szkodnicy las\u00f3w. Dowiedzieli\u015bmy si\u0119, m.in.\u017ce brudnica mniszka \u2013\u00a0\u00a0to motyl znany na [&hellip;]<\/p>\n","protected":false},"author":2,"featured_media":0,"comment_status":"open","ping_status":"open","sticky":false,"template":"","format":"standard","meta":{"footnotes":""},"categories":[1,9,15,4,8,3],"tags":[],"class_list":["post-4016","post","type-post","status-publish","format-standard","hentry","category-bez-kategorii","category-ciekawostki","category-komkurs","category-wystawy","category-zawody-strzeleckie","category-zebrania"],"_links":{"self":[{"href":"https:\/\/www.milosnicylasu.olsztyn.pl\/index.php?rest_route=\/wp\/v2\/posts\/4016","targetHints":{"allow":["GET"]}}],"collection":[{"href":"https:\/\/www.milosnicylasu.olsztyn.pl\/index.php?rest_route=\/wp\/v2\/posts"}],"about":[{"href":"https:\/\/www.milosnicylasu.olsztyn.pl\/index.php?rest_route=\/wp\/v2\/types\/post"}],"author":[{"embeddable":true,"href":"https:\/\/www.milosnicylasu.olsztyn.pl\/index.php?rest_route=\/wp\/v2\/users\/2"}],"replies":[{"embeddable":true,"href":"https:\/\/www.milosnicylasu.olsztyn.pl\/index.php?rest_route=%2Fwp%2Fv2%2Fcomments&post=4016"}],"version-history":[{"count":1,"href":"https:\/\/www.milosnicylasu.olsztyn.pl\/index.php?rest_route=\/wp\/v2\/posts\/4016\/revisions"}],"predecessor-version":[{"id":4020,"href":"https:\/\/www.milosnicylasu.olsztyn.pl\/index.php?rest_route=\/wp\/v2\/posts\/4016\/revisions\/4020"}],"wp:attachment":[{"href":"https:\/\/www.milosnicylasu.olsztyn.pl\/index.php?rest_route=%2Fwp%2Fv2%2Fmedia&parent=4016"}],"wp:term":[{"taxonomy":"category","embeddable":true,"href":"https:\/\/www.milosnicylasu.olsztyn.pl\/index.php?rest_route=%2Fwp%2Fv2%2Fcategories&post=4016"},{"taxonomy":"post_tag","embeddable":true,"href":"https:\/\/www.milosnicylasu.olsztyn.pl\/index.php?rest_route=%2Fwp%2Fv2%2Ftags&post=4016"}],"curies":[{"name":"wp","href":"https:\/\/api.w.org\/{rel}","templated":true}]}}