{"id":4022,"date":"2018-03-12T06:59:36","date_gmt":"2018-03-12T05:59:36","guid":{"rendered":"http:\/\/www.milosnicylasu.olsztyn.pl\/?p=4022"},"modified":"2018-03-12T07:02:52","modified_gmt":"2018-03-12T06:02:52","slug":"pracowicie-i-artystycznie","status":"publish","type":"post","link":"https:\/\/www.milosnicylasu.olsztyn.pl\/?p=4022","title":{"rendered":"Pracowicie i artystycznie"},"content":{"rendered":"<p>W minionym tygodniu dzia\u0142o si\u0119 naprawd\u0119\u00a0 wiele. <strong>5 marca 2018 r.<\/strong>, w siedzibie LOK\u00a0 przy ulicy Westerplatte w Olsztynie,\u00a0 odby\u0142y si\u0119 treningi strzeleckie i warsztaty z r\u0119kodzie\u0142a.<\/p>\n<p>W czasie tych zaj\u0119\u0107\u00a0 Wiesia Filipek, Jasia Kluczek, Bo\u017cenka B\u0142aszczuk i Krysia Leszczy\u0144ska przygotowa\u0142y wst\u0105\u017ceczkowe jajeczka, kt\u00f3re wraz z \u017cyczeniami wielkanocnymi, zostan\u0105\u00a0 podarowane zaprzyja\u017anionym z Ko\u0142em osobom i firmom, dzi\u0119ki kt\u00f3rym .mo\u017cemy realizowa\u0107 nasze plany, przedsi\u0119wzi\u0119cia.<\/p>\n<p><a href=\"http:\/\/www.milosnicylasu.olsztyn.pl\/wp-content\/uploads\/2018\/03\/P3070035-www.jpg\" data-rel=\"lightbox-image-0\" data-magnific_type=\"image\" data-rl_title=\"\" data-rl_caption=\"\" title=\"\"><img loading=\"lazy\" decoding=\"async\" class=\"size-medium wp-image-4023 alignleft\" src=\"http:\/\/www.milosnicylasu.olsztyn.pl\/wp-content\/uploads\/2018\/03\/P3070035-www-300x225.jpg\" alt=\"\" width=\"300\" height=\"225\" srcset=\"https:\/\/www.milosnicylasu.olsztyn.pl\/wp-content\/uploads\/2018\/03\/P3070035-www-300x225.jpg 300w, https:\/\/www.milosnicylasu.olsztyn.pl\/wp-content\/uploads\/2018\/03\/P3070035-www-768x576.jpg 768w, https:\/\/www.milosnicylasu.olsztyn.pl\/wp-content\/uploads\/2018\/03\/P3070035-www.jpg 1024w, https:\/\/www.milosnicylasu.olsztyn.pl\/wp-content\/uploads\/2018\/03\/P3070035-www-400x300.jpg 400w\" sizes=\"auto, (max-width: 300px) 100vw, 300px\" \/><\/a><\/p>\n<p><strong>7\u00a0 marca<\/strong>,\u00a0 w Bibliotece w Dywitach, odby\u0142 si\u0119 wernisa\u017c prac Krystyny Leszczy\u0144skiej, kt\u00f3ra po przej\u015bciu na emerytur\u0119 wolny czas po\u015bwi\u0119ci\u0142a miedzy innymi r\u00f3\u017cnym formom r\u0119kodzie\u0142a, szczeg\u00f3lnie haftowi wst\u0105\u017ceczkowemu, a od kilku lat maluje.<\/p>\n<p><a href=\"http:\/\/www.milosnicylasu.olsztyn.pl\/wp-content\/uploads\/2018\/03\/P3070010-www.jpg\" data-rel=\"lightbox-image-1\" data-magnific_type=\"image\" data-rl_title=\"\" data-rl_caption=\"\" title=\"\"><img loading=\"lazy\" decoding=\"async\" class=\"size-medium wp-image-4027 alignright\" src=\"http:\/\/www.milosnicylasu.olsztyn.pl\/wp-content\/uploads\/2018\/03\/P3070010-www-300x225.jpg\" alt=\"\" width=\"300\" height=\"225\" srcset=\"https:\/\/www.milosnicylasu.olsztyn.pl\/wp-content\/uploads\/2018\/03\/P3070010-www-300x225.jpg 300w, https:\/\/www.milosnicylasu.olsztyn.pl\/wp-content\/uploads\/2018\/03\/P3070010-www-768x576.jpg 768w, https:\/\/www.milosnicylasu.olsztyn.pl\/wp-content\/uploads\/2018\/03\/P3070010-www.jpg 1024w, https:\/\/www.milosnicylasu.olsztyn.pl\/wp-content\/uploads\/2018\/03\/P3070010-www-400x300.jpg 400w\" sizes=\"auto, (max-width: 300px) 100vw, 300px\" \/><\/a><\/p>\n<p>&nbsp;<\/p>\n<p>&nbsp;<\/p>\n<p>Pos\u0142uguje si\u0119 r\u00f3\u017cnymi technikami malarskimi. Eksperymentuje, \u0142\u0105cz\u0105c\u00a0 akryl z haftem wst\u0105\u017ceczkowym, ale najcz\u0119\u015bciej stosowan\u0105 i lubion\u0105 technik\u0105 jest akwarela.<\/p>\n<p><a href=\"http:\/\/www.milosnicylasu.olsztyn.pl\/wp-content\/uploads\/2018\/03\/P3070049-www.jpg\" data-rel=\"lightbox-image-2\" data-magnific_type=\"image\" data-rl_title=\"\" data-rl_caption=\"\" title=\"\"><img loading=\"lazy\" decoding=\"async\" class=\"size-medium wp-image-4025\" src=\"http:\/\/www.milosnicylasu.olsztyn.pl\/wp-content\/uploads\/2018\/03\/P3070049-www-300x225.jpg\" alt=\"\" width=\"300\" height=\"225\" srcset=\"https:\/\/www.milosnicylasu.olsztyn.pl\/wp-content\/uploads\/2018\/03\/P3070049-www-300x225.jpg 300w, https:\/\/www.milosnicylasu.olsztyn.pl\/wp-content\/uploads\/2018\/03\/P3070049-www-768x576.jpg 768w, https:\/\/www.milosnicylasu.olsztyn.pl\/wp-content\/uploads\/2018\/03\/P3070049-www.jpg 1024w, https:\/\/www.milosnicylasu.olsztyn.pl\/wp-content\/uploads\/2018\/03\/P3070049-www-400x300.jpg 400w\" sizes=\"auto, (max-width: 300px) 100vw, 300px\" \/><\/a><\/p>\n<p><a href=\"http:\/\/www.milosnicylasu.olsztyn.pl\/wp-content\/uploads\/2018\/03\/P3070060-www.jpg\" data-rel=\"lightbox-image-3\" data-magnific_type=\"image\" data-rl_title=\"\" data-rl_caption=\"\" title=\"\"><img loading=\"lazy\" decoding=\"async\" class=\"size-medium wp-image-4028\" src=\"http:\/\/www.milosnicylasu.olsztyn.pl\/wp-content\/uploads\/2018\/03\/P3070060-www-300x225.jpg\" alt=\"\" width=\"300\" height=\"225\" srcset=\"https:\/\/www.milosnicylasu.olsztyn.pl\/wp-content\/uploads\/2018\/03\/P3070060-www-300x225.jpg 300w, https:\/\/www.milosnicylasu.olsztyn.pl\/wp-content\/uploads\/2018\/03\/P3070060-www-768x576.jpg 768w, https:\/\/www.milosnicylasu.olsztyn.pl\/wp-content\/uploads\/2018\/03\/P3070060-www.jpg 1024w, https:\/\/www.milosnicylasu.olsztyn.pl\/wp-content\/uploads\/2018\/03\/P3070060-www-400x300.jpg 400w\" sizes=\"auto, (max-width: 300px) 100vw, 300px\" \/><\/a><\/p>\n<p>Wystaw\u0119 mo\u017cna zobaczy\u0107 do 8 kwietnia, w godzinach pracy biblioteki, w poniedzia\u0142ek, wtorek, czwartek, pi\u0105tek od godziny 10.00-18.00, w soboty i niedziele biblioteka nieczynna.<\/p>\n","protected":false},"excerpt":{"rendered":"<p>W minionym tygodniu dzia\u0142o si\u0119 naprawd\u0119\u00a0 wiele. 5 marca 2018 r., w siedzibie LOK\u00a0 przy ulicy Westerplatte w Olsztynie,\u00a0 odby\u0142y si\u0119 treningi strzeleckie i warsztaty z r\u0119kodzie\u0142a. W czasie tych zaj\u0119\u0107\u00a0 Wiesia Filipek, Jasia Kluczek, Bo\u017cenka B\u0142aszczuk i Krysia Leszczy\u0144ska przygotowa\u0142y wst\u0105\u017ceczkowe jajeczka, kt\u00f3re wraz z \u017cyczeniami wielkanocnymi, zostan\u0105\u00a0 podarowane zaprzyja\u017anionym z Ko\u0142em osobom i [&hellip;]<\/p>\n","protected":false},"author":2,"featured_media":0,"comment_status":"open","ping_status":"open","sticky":false,"template":"","format":"standard","meta":{"footnotes":""},"categories":[1,9,11,4,8],"tags":[],"class_list":["post-4022","post","type-post","status-publish","format-standard","hentry","category-bez-kategorii","category-ciekawostki","category-spotkania-artystyczne","category-wystawy","category-zawody-strzeleckie"],"_links":{"self":[{"href":"https:\/\/www.milosnicylasu.olsztyn.pl\/index.php?rest_route=\/wp\/v2\/posts\/4022","targetHints":{"allow":["GET"]}}],"collection":[{"href":"https:\/\/www.milosnicylasu.olsztyn.pl\/index.php?rest_route=\/wp\/v2\/posts"}],"about":[{"href":"https:\/\/www.milosnicylasu.olsztyn.pl\/index.php?rest_route=\/wp\/v2\/types\/post"}],"author":[{"embeddable":true,"href":"https:\/\/www.milosnicylasu.olsztyn.pl\/index.php?rest_route=\/wp\/v2\/users\/2"}],"replies":[{"embeddable":true,"href":"https:\/\/www.milosnicylasu.olsztyn.pl\/index.php?rest_route=%2Fwp%2Fv2%2Fcomments&post=4022"}],"version-history":[{"count":4,"href":"https:\/\/www.milosnicylasu.olsztyn.pl\/index.php?rest_route=\/wp\/v2\/posts\/4022\/revisions"}],"predecessor-version":[{"id":4031,"href":"https:\/\/www.milosnicylasu.olsztyn.pl\/index.php?rest_route=\/wp\/v2\/posts\/4022\/revisions\/4031"}],"wp:attachment":[{"href":"https:\/\/www.milosnicylasu.olsztyn.pl\/index.php?rest_route=%2Fwp%2Fv2%2Fmedia&parent=4022"}],"wp:term":[{"taxonomy":"category","embeddable":true,"href":"https:\/\/www.milosnicylasu.olsztyn.pl\/index.php?rest_route=%2Fwp%2Fv2%2Fcategories&post=4022"},{"taxonomy":"post_tag","embeddable":true,"href":"https:\/\/www.milosnicylasu.olsztyn.pl\/index.php?rest_route=%2Fwp%2Fv2%2Ftags&post=4022"}],"curies":[{"name":"wp","href":"https:\/\/api.w.org\/{rel}","templated":true}]}}