{"id":4032,"date":"2018-03-12T07:48:42","date_gmt":"2018-03-12T06:48:42","guid":{"rendered":"http:\/\/www.milosnicylasu.olsztyn.pl\/?p=4032"},"modified":"2018-03-12T10:43:17","modified_gmt":"2018-03-12T09:43:17","slug":"wystawa-prac-antoniego-jarczyka","status":"publish","type":"post","link":"https:\/\/www.milosnicylasu.olsztyn.pl\/?p=4032","title":{"rendered":"Wystawa  prac Antoniego Jarczyka"},"content":{"rendered":"<p><a href=\"http:\/\/www.milosnicylasu.olsztyn.pl\/wp-content\/uploads\/2018\/03\/P3100023-www.jpg\" data-rel=\"lightbox-image-0\" data-magnific_type=\"image\" data-rl_title=\"\" data-rl_caption=\"\" title=\"\"><img loading=\"lazy\" decoding=\"async\" class=\"size-medium wp-image-4033 alignright\" src=\"http:\/\/www.milosnicylasu.olsztyn.pl\/wp-content\/uploads\/2018\/03\/P3100023-www-300x225.jpg\" alt=\"\" width=\"300\" height=\"225\" srcset=\"https:\/\/www.milosnicylasu.olsztyn.pl\/wp-content\/uploads\/2018\/03\/P3100023-www-300x225.jpg 300w, https:\/\/www.milosnicylasu.olsztyn.pl\/wp-content\/uploads\/2018\/03\/P3100023-www-768x576.jpg 768w, https:\/\/www.milosnicylasu.olsztyn.pl\/wp-content\/uploads\/2018\/03\/P3100023-www.jpg 1024w, https:\/\/www.milosnicylasu.olsztyn.pl\/wp-content\/uploads\/2018\/03\/P3100023-www-400x300.jpg 400w\" sizes=\"auto, (max-width: 300px) 100vw, 300px\" \/><\/a><\/p>\n<p>W minionym tygodniu, 10 marca 2018 r., byli\u015bmy w Galerii Na Strychu w budynku Miejskiego O\u015brodka Kultury w Olsztynie, na wystawie prac naszego kolegi Antoniego Jarczyka.<\/p>\n<p><a href=\"http:\/\/www.milosnicylasu.olsztyn.pl\/wp-content\/uploads\/2018\/03\/P3100053-www.jpg\" data-rel=\"lightbox-image-1\" data-magnific_type=\"image\" data-rl_title=\"\" data-rl_caption=\"\" title=\"\"><img loading=\"lazy\" decoding=\"async\" class=\"size-medium wp-image-4034 alignleft\" src=\"http:\/\/www.milosnicylasu.olsztyn.pl\/wp-content\/uploads\/2018\/03\/P3100053-www-300x225.jpg\" alt=\"\" width=\"300\" height=\"225\" srcset=\"https:\/\/www.milosnicylasu.olsztyn.pl\/wp-content\/uploads\/2018\/03\/P3100053-www-300x225.jpg 300w, https:\/\/www.milosnicylasu.olsztyn.pl\/wp-content\/uploads\/2018\/03\/P3100053-www-768x576.jpg 768w, https:\/\/www.milosnicylasu.olsztyn.pl\/wp-content\/uploads\/2018\/03\/P3100053-www.jpg 1024w, https:\/\/www.milosnicylasu.olsztyn.pl\/wp-content\/uploads\/2018\/03\/P3100053-www-400x300.jpg 400w\" sizes=\"auto, (max-width: 300px) 100vw, 300px\" \/><\/a><\/p>\n<p>&nbsp;<\/p>\n<p>Przewodnikiem po wystawie by\u0142 Antoni, kt\u00f3ry oprowadzaj\u0105c po wystawie, omawia\u0142 kolejne historie powstawania prac, opowiada\u0142 o swojej dzia\u0142alno\u015bci artystycznej, kt\u00f3ra rozpocz\u0105\u0142 w 2004 roku maluj\u0105c obrazy. Kolejne techniki to rze\u017abienie w drewnie i masie marmurowej i metaloplastyka, kt\u00f3r\u0105\u00a0 czasem \u0142\u0105czy\u00a0 z malarstwem przy tworzeniu\/pisaniu ikon wraz z metalowymi poz\u0142acanymi koszulkami.<\/p>\n<p><a href=\"http:\/\/www.milosnicylasu.olsztyn.pl\/wp-content\/uploads\/2018\/03\/P3100039-www.jpg\" data-rel=\"lightbox-image-2\" data-magnific_type=\"image\" data-rl_title=\"\" data-rl_caption=\"\" title=\"\"><img loading=\"lazy\" decoding=\"async\" class=\"size-medium wp-image-4039\" src=\"http:\/\/www.milosnicylasu.olsztyn.pl\/wp-content\/uploads\/2018\/03\/P3100039-www-300x225.jpg\" alt=\"\" width=\"300\" height=\"225\" srcset=\"https:\/\/www.milosnicylasu.olsztyn.pl\/wp-content\/uploads\/2018\/03\/P3100039-www-300x225.jpg 300w, https:\/\/www.milosnicylasu.olsztyn.pl\/wp-content\/uploads\/2018\/03\/P3100039-www-768x576.jpg 768w, https:\/\/www.milosnicylasu.olsztyn.pl\/wp-content\/uploads\/2018\/03\/P3100039-www.jpg 1024w, https:\/\/www.milosnicylasu.olsztyn.pl\/wp-content\/uploads\/2018\/03\/P3100039-www-400x300.jpg 400w\" sizes=\"auto, (max-width: 300px) 100vw, 300px\" \/><\/a><\/p>\n<p>&nbsp;<\/p>\n<p>Gratulujemy arty\u015bcie wielu talent\u00f3w i gor\u0105co zach\u0119camy do odwiedzenia wystawy, kt\u00f3ra potrwa do 26 marca 2018..<\/p>\n<p>&nbsp;<\/p>\n<p>&nbsp;<\/p>\n<p>&nbsp;<\/p>\n<p>&nbsp;<\/p>\n","protected":false},"excerpt":{"rendered":"<p>W minionym tygodniu, 10 marca 2018 r., byli\u015bmy w Galerii Na Strychu w budynku Miejskiego O\u015brodka Kultury w Olsztynie, na wystawie prac naszego kolegi Antoniego Jarczyka. &nbsp; Przewodnikiem po wystawie by\u0142 Antoni, kt\u00f3ry oprowadzaj\u0105c po wystawie, omawia\u0142 kolejne historie powstawania prac, opowiada\u0142 o swojej dzia\u0142alno\u015bci artystycznej, kt\u00f3ra rozpocz\u0105\u0142 w 2004 roku maluj\u0105c obrazy. Kolejne techniki [&hellip;]<\/p>\n","protected":false},"author":2,"featured_media":0,"comment_status":"open","ping_status":"open","sticky":false,"template":"","format":"standard","meta":{"footnotes":""},"categories":[1,9,11,4],"tags":[],"class_list":["post-4032","post","type-post","status-publish","format-standard","hentry","category-bez-kategorii","category-ciekawostki","category-spotkania-artystyczne","category-wystawy"],"_links":{"self":[{"href":"https:\/\/www.milosnicylasu.olsztyn.pl\/index.php?rest_route=\/wp\/v2\/posts\/4032","targetHints":{"allow":["GET"]}}],"collection":[{"href":"https:\/\/www.milosnicylasu.olsztyn.pl\/index.php?rest_route=\/wp\/v2\/posts"}],"about":[{"href":"https:\/\/www.milosnicylasu.olsztyn.pl\/index.php?rest_route=\/wp\/v2\/types\/post"}],"author":[{"embeddable":true,"href":"https:\/\/www.milosnicylasu.olsztyn.pl\/index.php?rest_route=\/wp\/v2\/users\/2"}],"replies":[{"embeddable":true,"href":"https:\/\/www.milosnicylasu.olsztyn.pl\/index.php?rest_route=%2Fwp%2Fv2%2Fcomments&post=4032"}],"version-history":[{"count":6,"href":"https:\/\/www.milosnicylasu.olsztyn.pl\/index.php?rest_route=\/wp\/v2\/posts\/4032\/revisions"}],"predecessor-version":[{"id":4041,"href":"https:\/\/www.milosnicylasu.olsztyn.pl\/index.php?rest_route=\/wp\/v2\/posts\/4032\/revisions\/4041"}],"wp:attachment":[{"href":"https:\/\/www.milosnicylasu.olsztyn.pl\/index.php?rest_route=%2Fwp%2Fv2%2Fmedia&parent=4032"}],"wp:term":[{"taxonomy":"category","embeddable":true,"href":"https:\/\/www.milosnicylasu.olsztyn.pl\/index.php?rest_route=%2Fwp%2Fv2%2Fcategories&post=4032"},{"taxonomy":"post_tag","embeddable":true,"href":"https:\/\/www.milosnicylasu.olsztyn.pl\/index.php?rest_route=%2Fwp%2Fv2%2Ftags&post=4032"}],"curies":[{"name":"wp","href":"https:\/\/api.w.org\/{rel}","templated":true}]}}