{"id":4052,"date":"2018-04-10T13:30:28","date_gmt":"2018-04-10T11:30:28","guid":{"rendered":"http:\/\/www.milosnicylasu.olsztyn.pl\/?p=4052"},"modified":"2018-04-10T13:49:17","modified_gmt":"2018-04-10T11:49:17","slug":"rocznica-kola","status":"publish","type":"post","link":"https:\/\/www.milosnicylasu.olsztyn.pl\/?p=4052","title":{"rendered":"Rocznica Ko\u0142a"},"content":{"rendered":"<p><a href=\"http:\/\/www.milosnicylasu.olsztyn.pl\/wp-content\/uploads\/2018\/04\/P4050023-www.jpg\" data-rel=\"lightbox-image-0\" data-magnific_type=\"image\" data-rl_title=\"\" data-rl_caption=\"\" title=\"\"><img loading=\"lazy\" decoding=\"async\" class=\"size-medium wp-image-4054 alignleft\" src=\"http:\/\/www.milosnicylasu.olsztyn.pl\/wp-content\/uploads\/2018\/04\/P4050023-www-300x225.jpg\" alt=\"\" width=\"300\" height=\"225\" srcset=\"https:\/\/www.milosnicylasu.olsztyn.pl\/wp-content\/uploads\/2018\/04\/P4050023-www-300x225.jpg 300w, https:\/\/www.milosnicylasu.olsztyn.pl\/wp-content\/uploads\/2018\/04\/P4050023-www-768x576.jpg 768w, https:\/\/www.milosnicylasu.olsztyn.pl\/wp-content\/uploads\/2018\/04\/P4050023-www.jpg 1024w, https:\/\/www.milosnicylasu.olsztyn.pl\/wp-content\/uploads\/2018\/04\/P4050023-www-400x300.jpg 400w\" sizes=\"auto, (max-width: 300px) 100vw, 300px\" \/><\/a><\/p>\n<p>&nbsp;<\/p>\n<p>Ko\u0142o Mi\u0142o\u015bnik\u00f3w Lasu i Militari\u00f3w LOK przy ATW w Olsztynie powsta\u0142o 8 kwietnia 2009, a wi\u0119c 9 lat temu. 5 kwietnia spotkali\u015bmy si\u0119 w RDLP w Olsztynie aby uroczy\u015bcie \u015bwi\u0119towa\u0107 rocznic\u0119 w towarzystwie go\u015bci<\/p>\n<p><a href=\"http:\/\/www.milosnicylasu.olsztyn.pl\/wp-content\/uploads\/2018\/04\/P4050015-www.jpg\" data-rel=\"lightbox-image-1\" data-magnific_type=\"image\" data-rl_title=\"\" data-rl_caption=\"\" title=\"\"><img loading=\"lazy\" decoding=\"async\" class=\"size-medium wp-image-4055 alignright\" src=\"http:\/\/www.milosnicylasu.olsztyn.pl\/wp-content\/uploads\/2018\/04\/P4050015-www-300x225.jpg\" alt=\"\" width=\"300\" height=\"225\" srcset=\"https:\/\/www.milosnicylasu.olsztyn.pl\/wp-content\/uploads\/2018\/04\/P4050015-www-300x225.jpg 300w, https:\/\/www.milosnicylasu.olsztyn.pl\/wp-content\/uploads\/2018\/04\/P4050015-www-768x576.jpg 768w, https:\/\/www.milosnicylasu.olsztyn.pl\/wp-content\/uploads\/2018\/04\/P4050015-www.jpg 1024w, https:\/\/www.milosnicylasu.olsztyn.pl\/wp-content\/uploads\/2018\/04\/P4050015-www-400x300.jpg 400w\" sizes=\"auto, (max-width: 300px) 100vw, 300px\" \/><\/a><\/p>\n<p>.<span style=\"-webkit-user-drag: none; font-weight: bold;\">A z<\/span><span style=\"font-weight: bold;\">aszczycili nas:<\/span><span style=\"font-weight: bold;\">\u00a0<\/span><span style=\"font-weight: bold;\">Pan dr Roman J\u0119dryczko, kt\u00f3ry przedstawi\u0142 bardzo ciekawy temat\u00a0 &#8222;<\/span><span style=\"font-weight: bold;\">Szczepionki przekle\u0144stwo czy b\u0142ogos\u0142awie\u0144stwo&#8221;, oraz przedstawiciele LOK\u00a0<\/span><\/p>\n<p><strong>Pan\u00a0 Andrzej\u00a0 Zuba\u00a0 &#8211; Dyrektor Biura i Pan\u00a0 Wies\u0142aw\u00a0 Baczy\u0144ski \u2013 Kierownik O\u015brodka Szkolenia Kierowc\u00f3w.<\/strong><\/p>\n<p>Z okazji\u00a0 IX rocznicy powo\u0142ania Naszego Ko\u0142a zostali wyr\u00f3\u017cnieni najbardziej zaanga\u017cowani w realizacj\u0119 plan\u00f3w pracy cz\u0142onkowie Ko\u0142a, osoby wsp\u00f3\u0142pracuj\u0105ce z Ko\u0142em, sponsorzy.<\/p>\n<p><strong><em>\u00a0Odznaki Sprawno\u015bci Obronnej LOK<\/em><\/strong><\/p>\n<p><a href=\"http:\/\/www.milosnicylasu.olsztyn.pl\/wp-content\/uploads\/2018\/04\/P4050028-www.jpg\" data-rel=\"lightbox-image-2\" data-magnific_type=\"image\" data-rl_title=\"\" data-rl_caption=\"\" title=\"\"><img loading=\"lazy\" decoding=\"async\" class=\"size-medium wp-image-4056 alignleft\" src=\"http:\/\/www.milosnicylasu.olsztyn.pl\/wp-content\/uploads\/2018\/04\/P4050028-www-300x225.jpg\" alt=\"\" width=\"300\" height=\"225\" srcset=\"https:\/\/www.milosnicylasu.olsztyn.pl\/wp-content\/uploads\/2018\/04\/P4050028-www-300x225.jpg 300w, https:\/\/www.milosnicylasu.olsztyn.pl\/wp-content\/uploads\/2018\/04\/P4050028-www-768x576.jpg 768w, https:\/\/www.milosnicylasu.olsztyn.pl\/wp-content\/uploads\/2018\/04\/P4050028-www.jpg 1024w, https:\/\/www.milosnicylasu.olsztyn.pl\/wp-content\/uploads\/2018\/04\/P4050028-www-400x300.jpg 400w\" sizes=\"auto, (max-width: 300px) 100vw, 300px\" \/><\/a><\/p>\n<p><strong>Br\u0105zow\u0105 \u00a0odznak\u0119<\/strong> otrzyma\u0142y nast\u0119puj\u0105ce osoby:<\/p>\n<ol>\n<li>Anna G\u00f3rzna<\/li>\n<li>Maryla Soral \u2013 \u015amietana<\/li>\n<li>Zofia Romanowska<\/li>\n<li>Barbara Janowska<\/li>\n<li>Antoni Jarczyk<\/li>\n<\/ol>\n<p><a href=\"http:\/\/www.milosnicylasu.olsztyn.pl\/wp-content\/uploads\/2018\/04\/P4050030-www.jpg\" data-rel=\"lightbox-image-3\" data-magnific_type=\"image\" data-rl_title=\"\" data-rl_caption=\"\" title=\"\"><img loading=\"lazy\" decoding=\"async\" class=\"size-medium wp-image-4057 alignright\" src=\"http:\/\/www.milosnicylasu.olsztyn.pl\/wp-content\/uploads\/2018\/04\/P4050030-www-300x225.jpg\" alt=\"\" width=\"300\" height=\"225\" srcset=\"https:\/\/www.milosnicylasu.olsztyn.pl\/wp-content\/uploads\/2018\/04\/P4050030-www-300x225.jpg 300w, https:\/\/www.milosnicylasu.olsztyn.pl\/wp-content\/uploads\/2018\/04\/P4050030-www-768x576.jpg 768w, https:\/\/www.milosnicylasu.olsztyn.pl\/wp-content\/uploads\/2018\/04\/P4050030-www.jpg 1024w, https:\/\/www.milosnicylasu.olsztyn.pl\/wp-content\/uploads\/2018\/04\/P4050030-www-400x300.jpg 400w\" sizes=\"auto, (max-width: 300px) 100vw, 300px\" \/><\/a><\/p>\n<p>&nbsp;<\/p>\n<p><strong>Srebrn\u0105\u00a0 odznak\u0119<\/strong>:<\/p>\n<ol>\n<li>Ma\u0142gorzata\u00a0 Pacyga<\/li>\n<li>Teresa Mielczarska<\/li>\n<li>Anna Kukli\u0144ska<\/li>\n<li>Daniela Tyl<\/li>\n<li>Zofia\u00a0 Siemianowska<\/li>\n<li>Jan Filipek<\/li>\n<li>Czes\u0142aw Bu\u0144kowski<\/li>\n<\/ol>\n<p>&nbsp;<\/p>\n<p><strong>Z\u0142ot\u0105<\/strong><\/p>\n<ol>\n<li>Teresa Go\u0142\u0119biewska<\/li>\n<li>Waldemar Chrzanowski<\/li>\n<\/ol>\n<p>&nbsp;<\/p>\n<p><strong>\u00a0 Medalem \u201e Za Zas\u0142ugi Dla Ko\u0142a\u201dzostali odznaczeni<\/strong><\/p>\n<p><strong>Br\u0105zowym medalem:<\/strong><\/p>\n<ol>\n<li>Aleksander G\u0119bicki<\/li>\n<li>Tadeusz Pampuch<\/li>\n<li>Zdzis\u0142aw Stali\u0144ski<\/li>\n<\/ol>\n<p><strong>Srebrnym\u00a0 medalem:<\/strong><\/p>\n<ol>\n<li>Stefania Jarczyk<\/li>\n<li>Marzena Kicowska \u2013 Jaro\u0144<\/li>\n<li>Wies\u0142awa Filipek<\/li>\n<li>Tomasz Kicowski<\/li>\n<li>J\u00f3zef Gazda<\/li>\n<li>Arkadiusz Mrozowski<\/li>\n<\/ol>\n<p><a href=\"http:\/\/www.milosnicylasu.olsztyn.pl\/wp-content\/uploads\/2018\/04\/P4050036-www.jpg\" data-rel=\"lightbox-image-4\" data-magnific_type=\"image\" data-rl_title=\"\" data-rl_caption=\"\" title=\"\"><img loading=\"lazy\" decoding=\"async\" class=\"size-medium wp-image-4058 alignright\" src=\"http:\/\/www.milosnicylasu.olsztyn.pl\/wp-content\/uploads\/2018\/04\/P4050036-www-300x225.jpg\" alt=\"\" width=\"300\" height=\"225\" srcset=\"https:\/\/www.milosnicylasu.olsztyn.pl\/wp-content\/uploads\/2018\/04\/P4050036-www-300x225.jpg 300w, https:\/\/www.milosnicylasu.olsztyn.pl\/wp-content\/uploads\/2018\/04\/P4050036-www-768x576.jpg 768w, https:\/\/www.milosnicylasu.olsztyn.pl\/wp-content\/uploads\/2018\/04\/P4050036-www.jpg 1024w, https:\/\/www.milosnicylasu.olsztyn.pl\/wp-content\/uploads\/2018\/04\/P4050036-www-400x300.jpg 400w\" sizes=\"auto, (max-width: 300px) 100vw, 300px\" \/><\/a><\/p>\n<p><strong>Z\u0142otym medalem:<\/strong><\/p>\n<ol>\n<li>Ryszarda \u017buk-K\u0142\u0119bukowska<\/li>\n<li>Barbara Bruzgo<\/li>\n<li>Teresa \u017bemojcin<\/li>\n<li>Ryszarda Wiejek<\/li>\n<\/ol>\n<p><strong>\u00a0\u00a0\u00a0\u00a0\u00a0\u00a0\u00a0\u00a0\u00a0\u00a0\u00a0\u00a0\u00a0\u00a0\u00a0\u00a0\u00a0\u00a0\u00a0<\/strong><\/p>\n<p>&nbsp;<\/p>\n<p><a href=\"http:\/\/www.milosnicylasu.olsztyn.pl\/wp-content\/uploads\/2018\/04\/P4050038-www.jpg\" data-rel=\"lightbox-image-5\" data-magnific_type=\"image\" data-rl_title=\"\" data-rl_caption=\"\" title=\"\"><img loading=\"lazy\" decoding=\"async\" class=\"size-medium wp-image-4059\" src=\"http:\/\/www.milosnicylasu.olsztyn.pl\/wp-content\/uploads\/2018\/04\/P4050038-www-300x225.jpg\" alt=\"\" width=\"300\" height=\"225\" srcset=\"https:\/\/www.milosnicylasu.olsztyn.pl\/wp-content\/uploads\/2018\/04\/P4050038-www-300x225.jpg 300w, https:\/\/www.milosnicylasu.olsztyn.pl\/wp-content\/uploads\/2018\/04\/P4050038-www-768x576.jpg 768w, https:\/\/www.milosnicylasu.olsztyn.pl\/wp-content\/uploads\/2018\/04\/P4050038-www.jpg 1024w, https:\/\/www.milosnicylasu.olsztyn.pl\/wp-content\/uploads\/2018\/04\/P4050038-www-400x300.jpg 400w\" sizes=\"auto, (max-width: 300px) 100vw, 300px\" \/><\/a><\/p>\n<p><strong>Za szczeg\u00f3lne zas\u0142ugi Zarz\u0105d Ko\u0142a wyr\u00f3\u017cni\u0142 \u201eMedalem\u00a0 z Wie\u0144cem\u201d:<\/strong><\/p>\n<ol>\n<li>Bo\u017cena Przes\u0142aw<\/li>\n<li>Beata Staro\u0144-Kicowska<\/li>\n<li>Bo\u017cena B\u0142aszczuk<\/li>\n<li>Krystyna Leszczy\u0144ska<\/li>\n<li>Janina Kluczek<\/li>\n<li>Andrzej Zuba<\/li>\n<li>Wies\u0142aw Baczy\u0144ski<\/li>\n<li>Adam Siemakowicz<\/li>\n<li>Micha\u0142 K\u0142\u0119bukowski<\/li>\n<li>Ryszard Chudziakiewicz<\/li>\n<\/ol>\n<p><strong>\u00a0 \u00a0 \u00a0 \u00a0 \u00a0 \u00a0 \u00a0 \u00a0<\/strong><\/p>\n<p><a href=\"http:\/\/www.milosnicylasu.olsztyn.pl\/wp-content\/uploads\/2018\/04\/P4050041-www.jpg\" data-rel=\"lightbox-image-6\" data-magnific_type=\"image\" data-rl_title=\"\" data-rl_caption=\"\" title=\"\"><img loading=\"lazy\" decoding=\"async\" class=\"size-medium wp-image-4060 alignright\" src=\"http:\/\/www.milosnicylasu.olsztyn.pl\/wp-content\/uploads\/2018\/04\/P4050041-www-300x225.jpg\" alt=\"\" width=\"300\" height=\"225\" srcset=\"https:\/\/www.milosnicylasu.olsztyn.pl\/wp-content\/uploads\/2018\/04\/P4050041-www-300x225.jpg 300w, https:\/\/www.milosnicylasu.olsztyn.pl\/wp-content\/uploads\/2018\/04\/P4050041-www-768x576.jpg 768w, https:\/\/www.milosnicylasu.olsztyn.pl\/wp-content\/uploads\/2018\/04\/P4050041-www.jpg 1024w, https:\/\/www.milosnicylasu.olsztyn.pl\/wp-content\/uploads\/2018\/04\/P4050041-www-400x300.jpg 400w\" sizes=\"auto, (max-width: 300px) 100vw, 300px\" \/><\/a><\/p>\n<p><strong>\u00a0 Nagrod\u0105 specjaln\u0105 zosta\u0142 wyr\u00f3\u017cniony\u00a0 V-ce\u00a0 Prezes Ko\u0142a.<\/strong><\/p>\n<p><strong> Grzegorz\u00a0 Kluczek<\/strong><\/p>\n<p>i<\/p>\n<p><strong>\u00a0 \u00a0 \u00a0Prezydium Zarz\u0105du Wojew\u00f3dzkiego\u00a0 Ligi Obrony Kraju w Olsztynie<\/strong><\/p>\n<p><strong>\u00a0 \u00a0 \u00a0Uchwa\u0142\u0105 Nr 2 \/2018\u00a0 z dnia\u00a0 03.03.2018r. n<\/strong><strong><em>ada\u0142o\u00a0 Odznak\u0119<\/em><\/strong><\/p>\n<p><strong><em>\u00a0 \u00a0\u201eZas\u0142u\u017cony Dzia\u0142acz Ligi Obrony Kraju<\/em>\u201dnast\u0119puj\u0105cym osobom<\/strong><\/p>\n<ol>\n<li>Teresa Go\u0142\u0119biewska<\/li>\n<li>Danuta Balicka-Burcz<\/li>\n<li>Anna G\u00f3rzna<\/li>\n<li>El\u017cbieta Rejniak<\/li>\n<li>Irena Walczak<\/li>\n<li>Mariusz Orzechowski<\/li>\n<li>Bogus\u0142aw Szut<\/li>\n<li>Patryk Kaczy\u0144ski<\/li>\n<li>Andrzej Bogucki<\/li>\n<li>Stanis\u0142aw Lipko<\/li>\n<\/ol>\n<p>Gratulujemy odznaczonym, a wszystkim cz\u0142onkom i sympatykom Ko\u0142a \u017cyczymy\u00a0 \u00a0jeszcze wielu lat dzia\u0142alno\u015bci.<\/p>\n<p>&nbsp;<\/p>\n<p>.<\/p>\n<p>&nbsp;<\/p>\n","protected":false},"excerpt":{"rendered":"<p>&nbsp; Ko\u0142o Mi\u0142o\u015bnik\u00f3w Lasu i Militari\u00f3w LOK przy ATW w Olsztynie powsta\u0142o 8 kwietnia 2009, a wi\u0119c 9 lat temu. 5 kwietnia spotkali\u015bmy si\u0119 w RDLP w Olsztynie aby uroczy\u015bcie \u015bwi\u0119towa\u0107 rocznic\u0119 w towarzystwie go\u015bci .A zaszczycili nas:\u00a0Pan dr Roman J\u0119dryczko, kt\u00f3ry przedstawi\u0142 bardzo ciekawy temat\u00a0 &#8222;Szczepionki przekle\u0144stwo czy b\u0142ogos\u0142awie\u0144stwo&#8221;, oraz przedstawiciele LOK\u00a0 Pan\u00a0 Andrzej\u00a0 [&hellip;]<\/p>\n","protected":false},"author":2,"featured_media":0,"comment_status":"open","ping_status":"open","sticky":false,"template":"","format":"standard","meta":{"footnotes":""},"categories":[1,9,6,3],"tags":[],"class_list":["post-4052","post","type-post","status-publish","format-standard","hentry","category-bez-kategorii","category-ciekawostki","category-odznaczenia","category-zebrania"],"_links":{"self":[{"href":"https:\/\/www.milosnicylasu.olsztyn.pl\/index.php?rest_route=\/wp\/v2\/posts\/4052","targetHints":{"allow":["GET"]}}],"collection":[{"href":"https:\/\/www.milosnicylasu.olsztyn.pl\/index.php?rest_route=\/wp\/v2\/posts"}],"about":[{"href":"https:\/\/www.milosnicylasu.olsztyn.pl\/index.php?rest_route=\/wp\/v2\/types\/post"}],"author":[{"embeddable":true,"href":"https:\/\/www.milosnicylasu.olsztyn.pl\/index.php?rest_route=\/wp\/v2\/users\/2"}],"replies":[{"embeddable":true,"href":"https:\/\/www.milosnicylasu.olsztyn.pl\/index.php?rest_route=%2Fwp%2Fv2%2Fcomments&post=4052"}],"version-history":[{"count":8,"href":"https:\/\/www.milosnicylasu.olsztyn.pl\/index.php?rest_route=\/wp\/v2\/posts\/4052\/revisions"}],"predecessor-version":[{"id":4067,"href":"https:\/\/www.milosnicylasu.olsztyn.pl\/index.php?rest_route=\/wp\/v2\/posts\/4052\/revisions\/4067"}],"wp:attachment":[{"href":"https:\/\/www.milosnicylasu.olsztyn.pl\/index.php?rest_route=%2Fwp%2Fv2%2Fmedia&parent=4052"}],"wp:term":[{"taxonomy":"category","embeddable":true,"href":"https:\/\/www.milosnicylasu.olsztyn.pl\/index.php?rest_route=%2Fwp%2Fv2%2Fcategories&post=4052"},{"taxonomy":"post_tag","embeddable":true,"href":"https:\/\/www.milosnicylasu.olsztyn.pl\/index.php?rest_route=%2Fwp%2Fv2%2Ftags&post=4052"}],"curies":[{"name":"wp","href":"https:\/\/api.w.org\/{rel}","templated":true}]}}