{"id":4068,"date":"2018-04-10T14:14:55","date_gmt":"2018-04-10T12:14:55","guid":{"rendered":"http:\/\/www.milosnicylasu.olsztyn.pl\/?p=4068"},"modified":"2018-04-10T14:21:43","modified_gmt":"2018-04-10T12:21:43","slug":"coroczne-wiosenne-sprzatanie-lasu","status":"publish","type":"post","link":"https:\/\/www.milosnicylasu.olsztyn.pl\/?p=4068","title":{"rendered":"Coroczne, wiosenne sprz\u0105tanie lasu"},"content":{"rendered":"<p><a href=\"http:\/\/www.milosnicylasu.olsztyn.pl\/wp-content\/uploads\/2018\/04\/P4070070-www.jpg\" data-rel=\"lightbox-image-0\" data-magnific_type=\"image\" data-rl_title=\"\" data-rl_caption=\"\" title=\"\"><img loading=\"lazy\" decoding=\"async\" class=\"size-medium wp-image-4069 alignleft\" src=\"http:\/\/www.milosnicylasu.olsztyn.pl\/wp-content\/uploads\/2018\/04\/P4070070-www-300x225.jpg\" alt=\"\" width=\"300\" height=\"225\" srcset=\"https:\/\/www.milosnicylasu.olsztyn.pl\/wp-content\/uploads\/2018\/04\/P4070070-www-300x225.jpg 300w, https:\/\/www.milosnicylasu.olsztyn.pl\/wp-content\/uploads\/2018\/04\/P4070070-www-768x576.jpg 768w, https:\/\/www.milosnicylasu.olsztyn.pl\/wp-content\/uploads\/2018\/04\/P4070070-www.jpg 1024w, https:\/\/www.milosnicylasu.olsztyn.pl\/wp-content\/uploads\/2018\/04\/P4070070-www-400x300.jpg 400w\" sizes=\"auto, (max-width: 300px) 100vw, 300px\" \/><\/a><\/p>\n<p>&nbsp;<\/p>\n<p>7 kwietnia\u00a0 sprz\u0105tali\u015bmy las w Le\u015bnictwie Stary Dw\u00f3r. Pi\u0119kna, prawie letnia pogoda sprzyja\u0142a pracy.<\/p>\n<p>I jak co roku okaza\u0142o si\u0119 \u015bmieci by\u0142o du\u017co.<\/p>\n<p><a href=\"http:\/\/www.milosnicylasu.olsztyn.pl\/wp-content\/uploads\/2018\/04\/P4070087-www.jpg\" data-rel=\"lightbox-image-1\" data-magnific_type=\"image\" data-rl_title=\"\" data-rl_caption=\"\" title=\"\"><img loading=\"lazy\" decoding=\"async\" class=\"size-medium wp-image-4075 alignright\" src=\"http:\/\/www.milosnicylasu.olsztyn.pl\/wp-content\/uploads\/2018\/04\/P4070087-www-300x225.jpg\" alt=\"\" width=\"300\" height=\"225\" srcset=\"https:\/\/www.milosnicylasu.olsztyn.pl\/wp-content\/uploads\/2018\/04\/P4070087-www-300x225.jpg 300w, https:\/\/www.milosnicylasu.olsztyn.pl\/wp-content\/uploads\/2018\/04\/P4070087-www-768x576.jpg 768w, https:\/\/www.milosnicylasu.olsztyn.pl\/wp-content\/uploads\/2018\/04\/P4070087-www.jpg 1024w, https:\/\/www.milosnicylasu.olsztyn.pl\/wp-content\/uploads\/2018\/04\/P4070087-www-400x300.jpg 400w\" sizes=\"auto, (max-width: 300px) 100vw, 300px\" \/><\/a><\/p>\n<p>&nbsp;<\/p>\n<p><a href=\"http:\/\/www.milosnicylasu.olsztyn.pl\/wp-content\/uploads\/2018\/04\/P4070072-www.jpg\" data-rel=\"lightbox-image-2\" data-magnific_type=\"image\" data-rl_title=\"\" data-rl_caption=\"\" title=\"\"><img loading=\"lazy\" decoding=\"async\" class=\"size-medium wp-image-4070 alignright\" src=\"http:\/\/www.milosnicylasu.olsztyn.pl\/wp-content\/uploads\/2018\/04\/P4070072-www-300x225.jpg\" alt=\"\" width=\"300\" height=\"225\" srcset=\"https:\/\/www.milosnicylasu.olsztyn.pl\/wp-content\/uploads\/2018\/04\/P4070072-www-300x225.jpg 300w, https:\/\/www.milosnicylasu.olsztyn.pl\/wp-content\/uploads\/2018\/04\/P4070072-www-768x576.jpg 768w, https:\/\/www.milosnicylasu.olsztyn.pl\/wp-content\/uploads\/2018\/04\/P4070072-www.jpg 1024w, https:\/\/www.milosnicylasu.olsztyn.pl\/wp-content\/uploads\/2018\/04\/P4070072-www-400x300.jpg 400w\" sizes=\"auto, (max-width: 300px) 100vw, 300px\" \/><\/a><\/p>\n<p>Ciekawe sk\u0105d si\u0119 one bior\u0105 ? Przecie\u017c jeste\u015bmy kulturalni, dobrze wychowani&#8230; no tacy ludzie na poziomie&#8230;.<\/p>\n<p>&nbsp;<\/p>\n<p>&nbsp;<\/p>\n<p>Mo\u017ce to sprawa kosmit\u00f3w ?<\/p>\n<p>&nbsp;<\/p>\n<p>&nbsp;<\/p>\n<p>&nbsp;<\/p>\n<p><a href=\"http:\/\/www.milosnicylasu.olsztyn.pl\/wp-content\/uploads\/2018\/04\/P4070098-www.jpg\" data-rel=\"lightbox-image-3\" data-magnific_type=\"image\" data-rl_title=\"\" data-rl_caption=\"\" title=\"\"><img loading=\"lazy\" decoding=\"async\" class=\"size-medium wp-image-4071 alignleft\" src=\"http:\/\/www.milosnicylasu.olsztyn.pl\/wp-content\/uploads\/2018\/04\/P4070098-www-300x225.jpg\" alt=\"\" width=\"300\" height=\"225\" srcset=\"https:\/\/www.milosnicylasu.olsztyn.pl\/wp-content\/uploads\/2018\/04\/P4070098-www-300x225.jpg 300w, https:\/\/www.milosnicylasu.olsztyn.pl\/wp-content\/uploads\/2018\/04\/P4070098-www-768x576.jpg 768w, https:\/\/www.milosnicylasu.olsztyn.pl\/wp-content\/uploads\/2018\/04\/P4070098-www.jpg 1024w, https:\/\/www.milosnicylasu.olsztyn.pl\/wp-content\/uploads\/2018\/04\/P4070098-www-400x300.jpg 400w\" sizes=\"auto, (max-width: 300px) 100vw, 300px\" \/><\/a><\/p>\n<p>&nbsp;<\/p>\n<p>A na zako\u0144czenie pracy&#8230; ognisko, kie\u0142baski i ..wsp\u00f3lne zdj\u0119cie.<\/p>\n<p>&nbsp;<\/p>\n<p>&nbsp;<\/p>\n<p>&nbsp;<\/p>\n<p>&nbsp;<\/p>\n<p>&nbsp;<\/p>\n<p>A tak prac\u0119 le\u015bnik\u00f3w i nasz\u0105, opisa\u0142 Adam Siemakowicz. Informacja ukaza\u0142a si\u0119 na stronie internetowej RDLP w Olsztynie<\/p>\n<p><strong><em>\u00a0 Nie tylko lasy pa\u0144stwowe sprz\u0105taj\u0105 las<\/em><\/strong><\/p>\n<p><em>W 2017 roku na terenie administrowanym przez Regionaln\u0105 Dyrekcj\u0119 Las\u00f3w Pa\u0144stwowych w Olsztynie zebrano ponad 8 tysi\u0119cy metr\u00f3w sze\u015bciennych \u015bmieci, a \u0142\u0105cznie na uprz\u0105tanie las\u00f3w wydali\u015bmy 1,45 mln z\u0142.<\/em><\/p>\n<p><em>Co roku le\u015bnicy z terenu Regionalnej Dyrekcji Las\u00f3w Pa\u0144stwowych w Olsztynie prowadz\u0105 wr\u0119cz syzyfowe prace, aby uprz\u0105tn\u0105\u0107 zalegaj\u0105ce w lesie \u015bmieci. Szczeg\u00f3lnie wiosn\u0105, kiedy jeszcze nie ma wegetuj\u0105cych traw i ro\u015blin problem ten \u201ek\u0142uje w oczy\u201d.\u00a0 \u00a0 \u00a0 W pobli\u017cu dr\u00f3g publicznych, zjazd\u00f3w, miejsc postojowych, czy te\u017c s\u0105siaduj\u0105cych posesji znajduj\u0105 si\u0119 swoiste prezenty, kt\u00f3rych nie chce si\u0119 wrzuci\u0107 do kosza, uprz\u0105tn\u0105\u0107 lub wywie\u017a\u0107\u00a0 na \u015bmietnisko \u2013 z lenistwa, b\u0105d\u017a pozornych oszcz\u0119dno\u015bci. W konsekwencji kto\u015b inny musi zap\u0142aci\u0107, a najcz\u0119\u015bciej Lasy Pa\u0144stwowe.<\/em><\/p>\n<p><em>Na tym tle nie bez znaczenia pozostaj\u0105 spo\u0142eczne inicjatywy i ludzie kt\u00f3rzy nam pomagaj\u0105. Od kilkunastu lat cz\u0142onkowie Ko\u0142a Mi\u0142o\u015bnik\u00f3w Lasu i Militari\u00f3w Lok przy Akademii Trzeciego Wieku w Olsztynie jak mog\u0105 to dok\u0142adaj\u0105 swoj\u0105 cegie\u0142k\u0119. &#8211; Nam r\u00f3wnie\u017c zale\u017cy, aby w lesie by\u0142o czysto, poniewa\u017c jeste\u015bmy cz\u0119stymi bywalcami. Tu chodzimy na spacery i tu odpoczywamy \u2013 m\u00f3wi Anatol Leszczy\u0144ski, Prezes Ko\u0142a.\u00a0 \u00a0 \u00a0 \u00a0 W ostatni\u0105 sobot\u0119 dzi\u0119ki wsparciu Nadle\u015bnictwa Kudypy zebrali\u015bmy w s\u0105siedztwie Olsztyna (Le\u015bnictwo Stary Dw\u00f3r) ponad 20 work\u00f3w &#8211; dodaje.<\/em><\/p>\n<p><em>Tylko czy taka inicjatywa, dobre ch\u0119ci pomog\u0105 nam w poprawie \u015bwiadomo\u015bci spo\u0142ecze\u0144stwa i ograniczaniu za\u015bmiecania las\u00f3w? Zapewne.<\/em><\/p>\n<p>&nbsp;<\/p>\n","protected":false},"excerpt":{"rendered":"<p>&nbsp; 7 kwietnia\u00a0 sprz\u0105tali\u015bmy las w Le\u015bnictwie Stary Dw\u00f3r. Pi\u0119kna, prawie letnia pogoda sprzyja\u0142a pracy. I jak co roku okaza\u0142o si\u0119 \u015bmieci by\u0142o du\u017co. &nbsp; Ciekawe sk\u0105d si\u0119 one bior\u0105 ? Przecie\u017c jeste\u015bmy kulturalni, dobrze wychowani&#8230; no tacy ludzie na poziomie&#8230;. &nbsp; &nbsp; Mo\u017ce to sprawa kosmit\u00f3w ? &nbsp; &nbsp; &nbsp; &nbsp; A na zako\u0144czenie [&hellip;]<\/p>\n","protected":false},"author":2,"featured_media":0,"comment_status":"open","ping_status":"open","sticky":false,"template":"","format":"standard","meta":{"footnotes":""},"categories":[1,9,2],"tags":[],"class_list":["post-4068","post","type-post","status-publish","format-standard","hentry","category-bez-kategorii","category-ciekawostki","category-rajdy"],"_links":{"self":[{"href":"https:\/\/www.milosnicylasu.olsztyn.pl\/index.php?rest_route=\/wp\/v2\/posts\/4068","targetHints":{"allow":["GET"]}}],"collection":[{"href":"https:\/\/www.milosnicylasu.olsztyn.pl\/index.php?rest_route=\/wp\/v2\/posts"}],"about":[{"href":"https:\/\/www.milosnicylasu.olsztyn.pl\/index.php?rest_route=\/wp\/v2\/types\/post"}],"author":[{"embeddable":true,"href":"https:\/\/www.milosnicylasu.olsztyn.pl\/index.php?rest_route=\/wp\/v2\/users\/2"}],"replies":[{"embeddable":true,"href":"https:\/\/www.milosnicylasu.olsztyn.pl\/index.php?rest_route=%2Fwp%2Fv2%2Fcomments&post=4068"}],"version-history":[{"count":6,"href":"https:\/\/www.milosnicylasu.olsztyn.pl\/index.php?rest_route=\/wp\/v2\/posts\/4068\/revisions"}],"predecessor-version":[{"id":4078,"href":"https:\/\/www.milosnicylasu.olsztyn.pl\/index.php?rest_route=\/wp\/v2\/posts\/4068\/revisions\/4078"}],"wp:attachment":[{"href":"https:\/\/www.milosnicylasu.olsztyn.pl\/index.php?rest_route=%2Fwp%2Fv2%2Fmedia&parent=4068"}],"wp:term":[{"taxonomy":"category","embeddable":true,"href":"https:\/\/www.milosnicylasu.olsztyn.pl\/index.php?rest_route=%2Fwp%2Fv2%2Fcategories&post=4068"},{"taxonomy":"post_tag","embeddable":true,"href":"https:\/\/www.milosnicylasu.olsztyn.pl\/index.php?rest_route=%2Fwp%2Fv2%2Ftags&post=4068"}],"curies":[{"name":"wp","href":"https:\/\/api.w.org\/{rel}","templated":true}]}}