{"id":4081,"date":"2018-04-23T19:36:04","date_gmt":"2018-04-23T17:36:04","guid":{"rendered":"http:\/\/www.milosnicylasu.olsztyn.pl\/?p=4081"},"modified":"2018-04-23T19:52:28","modified_gmt":"2018-04-23T17:52:28","slug":"podziekowanie-za-wspolprace","status":"publish","type":"post","link":"https:\/\/www.milosnicylasu.olsztyn.pl\/?p=4081","title":{"rendered":"Podzi\u0119kowanie dla le\u015bnik\u00f3w"},"content":{"rendered":"<p><a href=\"http:\/\/www.milosnicylasu.olsztyn.pl\/wp-content\/uploads\/2018\/04\/P4180109-www-1.jpg\" data-rel=\"lightbox-image-0\" data-magnific_type=\"image\" data-rl_title=\"\" data-rl_caption=\"\" title=\"\"><img loading=\"lazy\" decoding=\"async\" class=\"size-medium wp-image-4084\" src=\"http:\/\/www.milosnicylasu.olsztyn.pl\/wp-content\/uploads\/2018\/04\/P4180109-www-1-300x225.jpg\" alt=\"\" width=\"300\" height=\"225\" srcset=\"https:\/\/www.milosnicylasu.olsztyn.pl\/wp-content\/uploads\/2018\/04\/P4180109-www-1-300x225.jpg 300w, https:\/\/www.milosnicylasu.olsztyn.pl\/wp-content\/uploads\/2018\/04\/P4180109-www-1-768x576.jpg 768w, https:\/\/www.milosnicylasu.olsztyn.pl\/wp-content\/uploads\/2018\/04\/P4180109-www-1.jpg 1024w, https:\/\/www.milosnicylasu.olsztyn.pl\/wp-content\/uploads\/2018\/04\/P4180109-www-1-400x300.jpg 400w\" sizes=\"auto, (max-width: 300px) 100vw, 300px\" \/><\/a><\/p>\n<p>18 kwietnia 2018 r., podczas spotkania w RDLP w Olsztynie, Stefania Jarczyk i Anatol Leszczy\u0144ski, w imieniu wszystkich cz\u0142onk\u00f3w naszego Ko\u0142a, podzi\u0119kowali le\u015bnikom za wsp\u00f3\u0142prac\u0119. Informacja, kt\u00f3r\u0105 przygotowa\u0142 Adam Siemakowicz ukaza\u0142a si\u0119 na stronie internetowej RDLP w Olsztynie.<\/p>\n<p><strong>&#8222;18 kwietnia 2018 roku w Regionalnej Dyrekcji Las\u00f3w Pa\u0144stwowych w Olsztynie odby\u0142o si\u0119 uroczyste spotkanie, podczas kt\u00f3rego Pan Anatol Leszczy\u0144ski Prezes Ko\u0142a Mi\u0142o\u015bnik\u00f3w Lasu i Militari\u00f3w Ligii Obrony Kraju przy Akademii Trzeciego Wieku w Olsztynie wr\u0119czy\u0142 odznaczenia i medale dla pracownik\u00f3w biura Regionalnej Dyrekcji Las\u00f3w Pa\u0144stwowych w Olsztynie i nadzorowanych przez ni\u0105 nadle\u015bnictw &#8211; na co dzie\u0144 wsp\u00f3\u0142pracuj\u0105cych z Ko\u0142em i wspieraj\u0105cych cz\u0142onk\u00f3w stowarzyszenia w zakresie edukacji le\u015bnej, poznawania walor\u00f3w olszty\u0144skich las\u00f3w czy te\u017c propagowania ekologicznych trend\u00f3w.<\/strong><\/p>\n<p>W szczeg\u00f3lny spos\u00f3b zostali odznaczeni odznakami LOK nast\u0119puj\u0105cy pracownicy:<\/p>\n<ol>\n<li>Pan Mariusz Orzechowski Dyrektor RDLP w Olsztynie;<\/li>\n<li>Patryk Kaczy\u0144ski (biuro RDLP w Olsztynie);<\/li>\n<li>Irena Walczak (N-ctwo M\u0142ynary);<\/li>\n<li>Stanis\u0142aw Lipka (N-ctwo Myszyniec);<\/li>\n<li>Andrzej Boguski (N-ctwo Wipsowo).<\/li>\n<\/ol>\n<p><a href=\"http:\/\/www.milosnicylasu.olsztyn.pl\/wp-content\/uploads\/2018\/04\/P4180119-www.jpg\" data-rel=\"lightbox-image-1\" data-magnific_type=\"image\" data-rl_title=\"\" data-rl_caption=\"\" title=\"\"><img loading=\"lazy\" decoding=\"async\" class=\"size-medium wp-image-4086\" src=\"http:\/\/www.milosnicylasu.olsztyn.pl\/wp-content\/uploads\/2018\/04\/P4180119-www-300x225.jpg\" alt=\"\" width=\"300\" height=\"225\" srcset=\"https:\/\/www.milosnicylasu.olsztyn.pl\/wp-content\/uploads\/2018\/04\/P4180119-www-300x225.jpg 300w, https:\/\/www.milosnicylasu.olsztyn.pl\/wp-content\/uploads\/2018\/04\/P4180119-www-768x576.jpg 768w, https:\/\/www.milosnicylasu.olsztyn.pl\/wp-content\/uploads\/2018\/04\/P4180119-www.jpg 1024w, https:\/\/www.milosnicylasu.olsztyn.pl\/wp-content\/uploads\/2018\/04\/P4180119-www-400x300.jpg 400w\" sizes=\"auto, (max-width: 300px) 100vw, 300px\" \/><\/a><\/p>\n<p>Medal za szczeg\u00f3lne zas\u0142ugi dla Ko\u0142a otrzymali:<\/p>\n<ol>\n<li>Pani Bo\u017cena Przes\u0142aw Nadle\u015bniczy Nadle\u015bnictwa Jagie\u0142ek;<\/li>\n<li>Adam Siemakowicz (biuro RDLP w Olsztynie).<\/li>\n<\/ol>\n<p>Medale za zas\u0142ugi dla Ko\u0142a otrzymali:<\/p>\n<p>\/br\u0105zowe\/<\/p>\n<ol>\n<li>Pan Tadeusz Pampuch Prezes Ligii Ochrony Przyrody w Olsztynie;<\/li>\n<li>Zdzis\u0142aw Stoli\u0144ski (N-ctwo Kudypy);<\/li>\n<\/ol>\n<p>\/srebrny\/<\/p>\n<ol>\n<li>Arkadiusz Mrozowski (biuro RDLP w Olsztynie).<\/li>\n<\/ol>\n<p><a href=\"http:\/\/www.milosnicylasu.olsztyn.pl\/wp-content\/uploads\/2018\/04\/P4180132-www.jpg\" data-rel=\"lightbox-image-2\" data-magnific_type=\"image\" data-rl_title=\"\" data-rl_caption=\"\" title=\"\"><img loading=\"lazy\" decoding=\"async\" class=\"size-medium wp-image-4087\" src=\"http:\/\/www.milosnicylasu.olsztyn.pl\/wp-content\/uploads\/2018\/04\/P4180132-www-300x225.jpg\" alt=\"\" width=\"300\" height=\"225\" srcset=\"https:\/\/www.milosnicylasu.olsztyn.pl\/wp-content\/uploads\/2018\/04\/P4180132-www-300x225.jpg 300w, https:\/\/www.milosnicylasu.olsztyn.pl\/wp-content\/uploads\/2018\/04\/P4180132-www-768x576.jpg 768w, https:\/\/www.milosnicylasu.olsztyn.pl\/wp-content\/uploads\/2018\/04\/P4180132-www.jpg 1024w, https:\/\/www.milosnicylasu.olsztyn.pl\/wp-content\/uploads\/2018\/04\/P4180132-www-400x300.jpg 400w\" sizes=\"auto, (max-width: 300px) 100vw, 300px\" \/><\/a><\/p>\n<p>Dyrektor Regionalnej Dyrekcji Las\u00f3w Pa\u0144stwowych w Olsztynie Pan Mariusz Orzechowski osobi\u015bcie przyj\u0105\u0142 r\u00f3wnie\u017c puchar dla ca\u0142ej RDLP Olsztyn, jednocze\u015bnie podzi\u0119kowa\u0142 w imieniu swoim i olszty\u0144skiej dyrekcji Las\u00f3w Pa\u0144stwowych oraz pogratulowa\u0142 pozosta\u0142ym uhonorowanym.<\/p>\n<p>Pan Anatol Leszczy\u0144ski przy\u0142\u0105czy\u0142 si\u0119 do gratulacji i jeszcze raz podzi\u0119kowa\u0142 za pomoc okazywan\u0105 na rzecz Ko\u0142a.&#8221;<\/p>\n<p>&nbsp;<\/p>\n","protected":false},"excerpt":{"rendered":"<p>18 kwietnia 2018 r., podczas spotkania w RDLP w Olsztynie, Stefania Jarczyk i Anatol Leszczy\u0144ski, w imieniu wszystkich cz\u0142onk\u00f3w naszego Ko\u0142a, podzi\u0119kowali le\u015bnikom za wsp\u00f3\u0142prac\u0119. Informacja, kt\u00f3r\u0105 przygotowa\u0142 Adam Siemakowicz ukaza\u0142a si\u0119 na stronie internetowej RDLP w Olsztynie. &#8222;18 kwietnia 2018 roku w Regionalnej Dyrekcji Las\u00f3w Pa\u0144stwowych w Olsztynie odby\u0142o si\u0119 uroczyste spotkanie, podczas kt\u00f3rego [&hellip;]<\/p>\n","protected":false},"author":2,"featured_media":0,"comment_status":"open","ping_status":"open","sticky":false,"template":"","format":"standard","meta":{"footnotes":""},"categories":[1,9,6,3],"tags":[],"class_list":["post-4081","post","type-post","status-publish","format-standard","hentry","category-bez-kategorii","category-ciekawostki","category-odznaczenia","category-zebrania"],"_links":{"self":[{"href":"https:\/\/www.milosnicylasu.olsztyn.pl\/index.php?rest_route=\/wp\/v2\/posts\/4081","targetHints":{"allow":["GET"]}}],"collection":[{"href":"https:\/\/www.milosnicylasu.olsztyn.pl\/index.php?rest_route=\/wp\/v2\/posts"}],"about":[{"href":"https:\/\/www.milosnicylasu.olsztyn.pl\/index.php?rest_route=\/wp\/v2\/types\/post"}],"author":[{"embeddable":true,"href":"https:\/\/www.milosnicylasu.olsztyn.pl\/index.php?rest_route=\/wp\/v2\/users\/2"}],"replies":[{"embeddable":true,"href":"https:\/\/www.milosnicylasu.olsztyn.pl\/index.php?rest_route=%2Fwp%2Fv2%2Fcomments&post=4081"}],"version-history":[{"count":4,"href":"https:\/\/www.milosnicylasu.olsztyn.pl\/index.php?rest_route=\/wp\/v2\/posts\/4081\/revisions"}],"predecessor-version":[{"id":4089,"href":"https:\/\/www.milosnicylasu.olsztyn.pl\/index.php?rest_route=\/wp\/v2\/posts\/4081\/revisions\/4089"}],"wp:attachment":[{"href":"https:\/\/www.milosnicylasu.olsztyn.pl\/index.php?rest_route=%2Fwp%2Fv2%2Fmedia&parent=4081"}],"wp:term":[{"taxonomy":"category","embeddable":true,"href":"https:\/\/www.milosnicylasu.olsztyn.pl\/index.php?rest_route=%2Fwp%2Fv2%2Fcategories&post=4081"},{"taxonomy":"post_tag","embeddable":true,"href":"https:\/\/www.milosnicylasu.olsztyn.pl\/index.php?rest_route=%2Fwp%2Fv2%2Ftags&post=4081"}],"curies":[{"name":"wp","href":"https:\/\/api.w.org\/{rel}","templated":true}]}}